{"id":11072,"date":"2014-11-10T10:47:00","date_gmt":"2014-11-10T11:47:00","guid":{"rendered":"http:\/\/diariodalagoa.pt\/?p=11072"},"modified":"2014-11-10T10:47:00","modified_gmt":"2014-11-10T11:47:00","slug":"governo-lanca-novo-concurso-para-construcao-de-dois-novos-navios-de-passageiros","status":"publish","type":"post","link":"https:\/\/diariodalagoa.pt\/en\/governo-lanca-novo-concurso-para-construcao-de-dois-novos-navios-de-passageiros\/","title":{"rendered":"Governo lan\u00e7a novo concurso para constru\u00e7\u00e3o de dois novos navios de passageiros"},"content":{"rendered":"<p style=\"text-align: justify;\"><img decoding=\"async\" class=\"alignnone size-full wp-image-4558\" src=\"http:\/\/diariodalagoa.pt\/wp-content\/uploads\/2014\/05\/Atlanticoline_Santorini_Pico_ago13.jpg\" alt=\"Atlanticoline_Santorini_Pico_ago13\" width=\"720\" height=\"380\" \/><\/p>\n<p style=\"text-align: justify;\"><span style=\"color: #000000;\">Reunido em Conselho de Governo o executivo liderado por Vasco Cordeiro deliberou aprovar o lan\u00e7amento pela Atl\u00e2nticoline, S.A. de um procedimento para a forma\u00e7\u00e3o de um contrato de conce\u00e7\u00e3o e constru\u00e7\u00e3o de dois navios monocasco com capacidade m\u00ednima para 650 passageiros e 150 viaturas, destinados ao transporte de ve\u00edculos e passageiros entre as ilhas do arquip\u00e9lago dos A\u00e7ores.\u00a0<\/span><\/p>\n<p style=\"text-align: justify;\"><span style=\"color: #000000;\">O pre\u00e7o base \u00e9 de 85 milh\u00f5es de euros e o prazo de entrega dos navios n\u00e3o poder\u00e1 exceder 580 dias para o primeiro navio e 670 dias para o segundo, a contar da data de assinatura do contrato.\u00a0<\/span><\/p>\n<p style=\"text-align: justify;\"><span style=\"color: #000000;\">O lan\u00e7amento do novo procedimento surge depois de todas as propostas apresentadas no anterior concurso terem sido exclu\u00eddas, por n\u00e3o cumprirem todas as exig\u00eancias do caderno de encargos.\u00a0<\/span><\/p>\n<p style=\"text-align: justify;\"><span style=\"color: #000000;\">Nesta reuni\u00e3o de Concelho de Governo foi ainda aprovado o Plano Setorial de Ordenamento do Territ\u00f3rio para as Atividades Extrativas nos A\u00e7ores (PAE).<\/span><\/p>\n<p style=\"text-align: justify;\"><span style=\"color: #000000;\">Este plano, que esteve em consulta p\u00fablica e foi objeto de v\u00e1rias sess\u00f5es de esclarecimento e debate, visa assegurar um adequado planeamento e gest\u00e3o dos recursos minerais, que passa necessariamente pelo ordenamento e gest\u00e3o integrada da atividade de extra\u00e7\u00e3o de recursos minerais n\u00e3o met\u00e1licos.<\/span><\/p>\n<p style=\"text-align: justify;\"><span style=\"color: #000000;\">O PAE desenvolve uma estrat\u00e9gia regional para o setor extrativo, promovendo a maximiza\u00e7\u00e3o do aproveitamento dos recursos minerais n\u00e3o met\u00e1licos da Regi\u00e3o e a cria\u00e7\u00e3o de mecanismos que incentivem a integra\u00e7\u00e3o e valoriza\u00e7\u00e3o territorial desta atividade econ\u00f3mica, compatibilizando a atividade extrativa com os valores ambientais e paisag\u00edsticos e com o desenvolvimento socioecon\u00f3mico.\u00a0<\/span><\/p>\n<p style=\"text-align: justify;\"><span style=\"color: #000000;\">A sua elabora\u00e7\u00e3o foi acompanhada por uma Comiss\u00e3o Consultiva e envolveu os 19 munic\u00edpios da Regi\u00e3o, as C\u00e2maras de Com\u00e9rcio e as Associa\u00e7\u00f5es Empresariais, assim como os servi\u00e7os da Administra\u00e7\u00e3o Regional.<\/span><\/p>\n<p style=\"text-align: justify;\"><span style=\"color: #000000;\"><em>DL\/Gacs<\/em><\/span><\/p>","protected":false},"excerpt":{"rendered":"<p>Reunido em Conselho de Governo o executivo liderado por Vasco Cordeiro deliberou aprovar o lan\u00e7amento pela Atl\u00e2nticoline, S.A. de um procedimento para a forma\u00e7\u00e3o de um contrato de conce\u00e7\u00e3o e constru\u00e7\u00e3o de dois navios monocasco com capacidade m\u00ednima para 650 passageiros e 150 viaturas, destinados ao transporte de ve\u00edculos e passageiros entre as ilhas do [&hellip;]<\/p>","protected":false},"author":2,"featured_media":121693,"comment_status":"open","ping_status":"open","sticky":false,"template":"","format":"standard","meta":[],"categories":[21],"tags":[],"acf":[],"yoast_head":"<!-- This site is optimized with the Yoast SEO plugin v20.10 - https:\/\/yoast.com\/wordpress\/plugins\/seo\/ -->\n<title>Governo lan\u00e7a novo concurso para constru\u00e7\u00e3o de dois novos navios de passageiros - Di\u00e1rio da Lagoa<\/title>\n<meta name=\"robots\" content=\"index, follow, max-snippet:-1, max-image-preview:large, max-video-preview:-1\" \/>\n<link rel=\"canonical\" href=\"https:\/\/diariodalagoa.pt\/en\/governo-lanca-novo-concurso-para-construcao-de-dois-novos-navios-de-passageiros\/\" \/>\n<meta property=\"og:locale\" content=\"en_US\" \/>\n<meta property=\"og:type\" content=\"article\" \/>\n<meta property=\"og:title\" content=\"Governo lan\u00e7a novo concurso para constru\u00e7\u00e3o de dois novos navios de passageiros - Di\u00e1rio da Lagoa\" \/>\n<meta property=\"og:description\" content=\"Reunido em Conselho de Governo o executivo liderado por Vasco Cordeiro deliberou aprovar o lan\u00e7amento pela Atl\u00e2nticoline, S.A. de um procedimento para a forma\u00e7\u00e3o de um contrato de conce\u00e7\u00e3o e constru\u00e7\u00e3o de dois navios monocasco com capacidade m\u00ednima para 650 passageiros e 150 viaturas, destinados ao transporte de ve\u00edculos e passageiros entre as ilhas do [&hellip;]\" \/>\n<meta property=\"og:url\" content=\"https:\/\/diariodalagoa.pt\/en\/governo-lanca-novo-concurso-para-construcao-de-dois-novos-navios-de-passageiros\/\" \/>\n<meta property=\"og:site_name\" content=\"Di\u00e1rio da Lagoa\" \/>\n<meta property=\"article:published_time\" content=\"2014-11-10T11:47:00+00:00\" \/>\n<meta property=\"og:image\" content=\"https:\/\/diariodalagoa.pt\/wp-content\/uploads\/2014\/11\/atlanticoline-santorini-pico-ago13.jpg\" \/>\n\t<meta property=\"og:image:width\" content=\"720\" \/>\n\t<meta property=\"og:image:height\" content=\"380\" \/>\n\t<meta property=\"og:image:type\" content=\"image\/jpeg\" \/>\n<meta name=\"author\" content=\"Di\u00e1rio da Lagoa\" \/>\n<meta name=\"twitter:card\" content=\"summary_large_image\" \/>\n<meta name=\"twitter:label1\" content=\"Written by\" \/>\n\t<meta name=\"twitter:data1\" content=\"Di\u00e1rio da Lagoa\" \/>\n\t<meta name=\"twitter:label2\" content=\"Est. reading time\" \/>\n\t<meta name=\"twitter:data2\" content=\"2 minutes\" \/>\n<script type=\"application\/ld+json\" class=\"yoast-schema-graph\">{\"@context\":\"https:\/\/schema.org\",\"@graph\":[{\"@type\":\"WebPage\",\"@id\":\"https:\/\/diariodalagoa.pt\/governo-lanca-novo-concurso-para-construcao-de-dois-novos-navios-de-passageiros\/\",\"url\":\"https:\/\/diariodalagoa.pt\/governo-lanca-novo-concurso-para-construcao-de-dois-novos-navios-de-passageiros\/\",\"name\":\"Governo lan\u00e7a novo concurso para constru\u00e7\u00e3o de dois novos navios de passageiros - Di\u00e1rio da Lagoa\",\"isPartOf\":{\"@id\":\"https:\/\/diariodalagoa.pt\/#website\"},\"datePublished\":\"2014-11-10T11:47:00+00:00\",\"dateModified\":\"2014-11-10T11:47:00+00:00\",\"author\":{\"@id\":\"https:\/\/diariodalagoa.pt\/#\/schema\/person\/1615a002370e8857b6f972834bc43ece\"},\"breadcrumb\":{\"@id\":\"https:\/\/diariodalagoa.pt\/governo-lanca-novo-concurso-para-construcao-de-dois-novos-navios-de-passageiros\/#breadcrumb\"},\"inLanguage\":\"en-US\",\"potentialAction\":[{\"@type\":\"ReadAction\",\"target\":[\"https:\/\/diariodalagoa.pt\/governo-lanca-novo-concurso-para-construcao-de-dois-novos-navios-de-passageiros\/\"]}]},{\"@type\":\"BreadcrumbList\",\"@id\":\"https:\/\/diariodalagoa.pt\/governo-lanca-novo-concurso-para-construcao-de-dois-novos-navios-de-passageiros\/#breadcrumb\",\"itemListElement\":[{\"@type\":\"ListItem\",\"position\":1,\"name\":\"In\u00edcio\",\"item\":\"https:\/\/diariodalagoa.pt\/\"},{\"@type\":\"ListItem\",\"position\":2,\"name\":\"Governo lan\u00e7a novo concurso para constru\u00e7\u00e3o de dois novos navios de passageiros\"}]},{\"@type\":\"WebSite\",\"@id\":\"https:\/\/diariodalagoa.pt\/#website\",\"url\":\"https:\/\/diariodalagoa.pt\/\",\"name\":\"Di\u00e1rio da Lagoa\",\"description\":\"Di\u00e1rio da Lagoa. As not\u00edcias que contam. A partir da Lagoa, nos A\u00e7ores, para o mundo.\",\"potentialAction\":[{\"@type\":\"SearchAction\",\"target\":{\"@type\":\"EntryPoint\",\"urlTemplate\":\"https:\/\/diariodalagoa.pt\/?s={search_term_string}\"},\"query-input\":\"required name=search_term_string\"}],\"inLanguage\":\"en-US\"},{\"@type\":\"Person\",\"@id\":\"https:\/\/diariodalagoa.pt\/#\/schema\/person\/1615a002370e8857b6f972834bc43ece\",\"name\":\"Di\u00e1rio da Lagoa\",\"image\":{\"@type\":\"ImageObject\",\"inLanguage\":\"en-US\",\"@id\":\"https:\/\/diariodalagoa.pt\/#\/schema\/person\/image\/\",\"url\":\"https:\/\/secure.gravatar.com\/avatar\/2cb5cef90a26f8fbd4d9d930608102c5?s=96&d=mm&r=g\",\"contentUrl\":\"https:\/\/secure.gravatar.com\/avatar\/2cb5cef90a26f8fbd4d9d930608102c5?s=96&d=mm&r=g\",\"caption\":\"Di\u00e1rio da Lagoa\"},\"url\":\"https:\/\/diariodalagoa.pt\/en\/author\/diariodalagoa\/\"}]}<\/script>\n<!-- \/ Yoast SEO plugin. -->","yoast_head_json":{"title":"Governo lan\u00e7a novo concurso para constru\u00e7\u00e3o de dois novos navios de passageiros - Di\u00e1rio da Lagoa","robots":{"index":"index","follow":"follow","max-snippet":"max-snippet:-1","max-image-preview":"max-image-preview:large","max-video-preview":"max-video-preview:-1"},"canonical":"https:\/\/diariodalagoa.pt\/en\/governo-lanca-novo-concurso-para-construcao-de-dois-novos-navios-de-passageiros\/","og_locale":"en_US","og_type":"article","og_title":"Governo lan\u00e7a novo concurso para constru\u00e7\u00e3o de dois novos navios de passageiros - Di\u00e1rio da Lagoa","og_description":"Reunido em Conselho de Governo o executivo liderado por Vasco Cordeiro deliberou aprovar o lan\u00e7amento pela Atl\u00e2nticoline, S.A. de um procedimento para a forma\u00e7\u00e3o de um contrato de conce\u00e7\u00e3o e constru\u00e7\u00e3o de dois navios monocasco com capacidade m\u00ednima para 650 passageiros e 150 viaturas, destinados ao transporte de ve\u00edculos e passageiros entre as ilhas do [&hellip;]","og_url":"https:\/\/diariodalagoa.pt\/en\/governo-lanca-novo-concurso-para-construcao-de-dois-novos-navios-de-passageiros\/","og_site_name":"Di\u00e1rio da Lagoa","article_published_time":"2014-11-10T11:47:00+00:00","og_image":[{"width":720,"height":380,"url":"https:\/\/diariodalagoa.pt\/wp-content\/uploads\/2014\/11\/atlanticoline-santorini-pico-ago13.jpg","type":"image\/jpeg"}],"author":"Di\u00e1rio da Lagoa","twitter_card":"summary_large_image","twitter_misc":{"Written by":"Di\u00e1rio da Lagoa","Est. reading time":"2 minutes"},"schema":{"@context":"https:\/\/schema.org","@graph":[{"@type":"WebPage","@id":"https:\/\/diariodalagoa.pt\/governo-lanca-novo-concurso-para-construcao-de-dois-novos-navios-de-passageiros\/","url":"https:\/\/diariodalagoa.pt\/governo-lanca-novo-concurso-para-construcao-de-dois-novos-navios-de-passageiros\/","name":"Governo lan\u00e7a novo concurso para constru\u00e7\u00e3o de dois novos navios de passageiros - Di\u00e1rio da Lagoa","isPartOf":{"@id":"https:\/\/diariodalagoa.pt\/#website"},"datePublished":"2014-11-10T11:47:00+00:00","dateModified":"2014-11-10T11:47:00+00:00","author":{"@id":"https:\/\/diariodalagoa.pt\/#\/schema\/person\/1615a002370e8857b6f972834bc43ece"},"breadcrumb":{"@id":"https:\/\/diariodalagoa.pt\/governo-lanca-novo-concurso-para-construcao-de-dois-novos-navios-de-passageiros\/#breadcrumb"},"inLanguage":"en-US","potentialAction":[{"@type":"ReadAction","target":["https:\/\/diariodalagoa.pt\/governo-lanca-novo-concurso-para-construcao-de-dois-novos-navios-de-passageiros\/"]}]},{"@type":"BreadcrumbList","@id":"https:\/\/diariodalagoa.pt\/governo-lanca-novo-concurso-para-construcao-de-dois-novos-navios-de-passageiros\/#breadcrumb","itemListElement":[{"@type":"ListItem","position":1,"name":"In\u00edcio","item":"https:\/\/diariodalagoa.pt\/"},{"@type":"ListItem","position":2,"name":"Governo lan\u00e7a novo concurso para constru\u00e7\u00e3o de dois novos navios de passageiros"}]},{"@type":"WebSite","@id":"https:\/\/diariodalagoa.pt\/#website","url":"https:\/\/diariodalagoa.pt\/","name":"Di\u00e1rio da Lagoa","description":"Di\u00e1rio da Lagoa. As not\u00edcias que contam. A partir da Lagoa, nos A\u00e7ores, para o mundo.","potentialAction":[{"@type":"SearchAction","target":{"@type":"EntryPoint","urlTemplate":"https:\/\/diariodalagoa.pt\/?s={search_term_string}"},"query-input":"required name=search_term_string"}],"inLanguage":"en-US"},{"@type":"Person","@id":"https:\/\/diariodalagoa.pt\/#\/schema\/person\/1615a002370e8857b6f972834bc43ece","name":"Di\u00e1rio da Lagoa","image":{"@type":"ImageObject","inLanguage":"en-US","@id":"https:\/\/diariodalagoa.pt\/#\/schema\/person\/image\/","url":"https:\/\/secure.gravatar.com\/avatar\/2cb5cef90a26f8fbd4d9d930608102c5?s=96&d=mm&r=g","contentUrl":"https:\/\/secure.gravatar.com\/avatar\/2cb5cef90a26f8fbd4d9d930608102c5?s=96&d=mm&r=g","caption":"Di\u00e1rio da Lagoa"},"url":"https:\/\/diariodalagoa.pt\/en\/author\/diariodalagoa\/"}]}},"_links":{"self":[{"href":"https:\/\/diariodalagoa.pt\/en\/wp-json\/wp\/v2\/posts\/11072"}],"collection":[{"href":"https:\/\/diariodalagoa.pt\/en\/wp-json\/wp\/v2\/posts"}],"about":[{"href":"https:\/\/diariodalagoa.pt\/en\/wp-json\/wp\/v2\/types\/post"}],"author":[{"embeddable":true,"href":"https:\/\/diariodalagoa.pt\/en\/wp-json\/wp\/v2\/users\/2"}],"replies":[{"embeddable":true,"href":"https:\/\/diariodalagoa.pt\/en\/wp-json\/wp\/v2\/comments?post=11072"}],"version-history":[{"count":0,"href":"https:\/\/diariodalagoa.pt\/en\/wp-json\/wp\/v2\/posts\/11072\/revisions"}],"wp:featuredmedia":[{"embeddable":true,"href":"https:\/\/diariodalagoa.pt\/en\/wp-json\/wp\/v2\/media\/121693"}],"wp:attachment":[{"href":"https:\/\/diariodalagoa.pt\/en\/wp-json\/wp\/v2\/media?parent=11072"}],"wp:term":[{"taxonomy":"category","embeddable":true,"href":"https:\/\/diariodalagoa.pt\/en\/wp-json\/wp\/v2\/categories?post=11072"},{"taxonomy":"post_tag","embeddable":true,"href":"https:\/\/diariodalagoa.pt\/en\/wp-json\/wp\/v2\/tags?post=11072"}],"curies":[{"name":"wp","href":"https:\/\/api.w.org\/{rel}","templated":true}]}}