{"id":11045,"date":"2014-11-07T23:45:49","date_gmt":"2014-11-08T00:45:49","guid":{"rendered":"http:\/\/diariodalagoa.pt\/?p=11045"},"modified":"2014-11-07T23:45:49","modified_gmt":"2014-11-08T00:45:49","slug":"central-de-valorizacao-energetica-em-sao-miguel-devera-estar-concluida-em-2018","status":"publish","type":"post","link":"https:\/\/diariodalagoa.pt\/en\/central-de-valorizacao-energetica-em-sao-miguel-devera-estar-concluida-em-2018\/","title":{"rendered":"Central de Valoriza\u00e7\u00e3o Energ\u00e9tica em S\u00e3o Miguel dever\u00e1 estar conclu\u00edda em 2018"},"content":{"rendered":"<p style=\"text-align: justify;\"><img decoding=\"async\" class=\"alignnone size-full wp-image-11046\" src=\"http:\/\/diariodalagoa.pt\/wp-content\/uploads\/2014\/11\/ecoparque_cadeia_valor.png\" alt=\"ecoparque_cadeia_valor\" width=\"720\" height=\"380\" \/><\/p>\n<p><span style=\"color: #000000;\">A Associa\u00e7\u00e3o de Munic\u00edpios de S\u00e3o Miguel (AMISM) lan\u00e7ou recentemente o concurso para a constru\u00e7\u00e3o da Central de Valoriza\u00e7\u00e3o Energ\u00e9tica em S\u00e3o Miguel, cujo valor base \u00e9 de 68 ME com um prazo de execu\u00e7\u00e3o de tr\u00eas anos e seis meses. A data limite de entrega de propostas \u00e9 o dia 13 de dezembro e os resultados dever\u00e3o ser publicados a 13 de janeiro de 2015.<\/span><\/p>\n<p><span style=\"color: #000000;\">&#8220;Trata-se de uma iniciativa que visa tratar, de forma eficaz, todos os res\u00edduos da regi\u00e3o, valorizando-os atrav\u00e9s da energia&#8221;, disse esta sexta-feira o presidente da AMISM.<\/span><\/p>\n<p><span style=\"color: #000000;\">Para Ricardo Rodrigues este plano integrado ter\u00e1 um investimento de cerca de\u00a0983 milh\u00f5es de euros e ser\u00e1 comparticipados em 85% por fundos comunit\u00e1rios. Trata-se de uma tecnologia experimentada, estudada e que garante, \u00e0\u00a0partida, que as condi\u00e7\u00f5es, em que s\u00e3o exercidos os tratamentos, se encontram dentro dos limites da lei.<\/span><\/p>\n<p><span style=\"color: #000000;\">Ricardo Rodrigues refere que a produ\u00e7\u00e3o de energia no Ecoparque da Ilha de S\u00e3o Miguel\u00a0atingir\u00e1 cerca de 10% de energia consumida, permitindo diversificar as fontes renov\u00e1veis e reduzir o risco de concerta\u00e7\u00e3o numa \u00fanica solu\u00e7\u00e3o. O presidente da AMISM diz ainda que a contrapartida ser\u00e1 uma redu\u00e7\u00e3o da eletricidade com origem no fuel, manifestamente mais cara e mais poluente.<\/span><\/p>\n<p><span style=\"color: #000000;\">Quanto\u00a0\u00e0s taxas sobre os res\u00edduos, Ricardo Rodrigues refere que, com esta solu\u00e7\u00e3o, poder\u00e1 ser poss\u00edvel baix\u00e1-las, com a referida\u00a0valoriza\u00e7\u00e3o. O respons\u00e1vel defende que a op\u00e7\u00e3o ambiental tomada \u00e9 a melhor, na medida em que se baseia\u00a0em factos. Dados t\u00e9cnicos que permitem \u00e0 AMISM \u00a0afirmar\u00a0que se est\u00e1 no caminho certo em termos da tecnologia escolhida.<\/span><\/p>\n<p><span style=\"color: #000000;\">Esta Central de Valoriza\u00e7\u00e3o ter\u00e1 a capacidade de tratar perto\u00a0de 90 mil toneladas de res\u00edduos, sendo que neste momento \u00a0cerca de 60 mil toneladas s\u00e3o tratadas por\u00a0ano.<\/span><\/p>\n<p><span style=\"color: #000000;\">Ricardo Rodrigues alerta ainda para a necessidade de todos os a\u00e7orianos procederem \u00e0 separa\u00e7\u00e3o de res\u00edduos, sendo que este ser\u00e1 um trabalho de sensibiliza\u00e7\u00e3o que continuar\u00e1 a ser feito.<\/span><\/p>\n<p><span style=\"color: #000000;\">O projeto motivou, no ano passado, duas queixas da associa\u00e7\u00e3o ambientalista Quercus junto da Uni\u00e3o Europeia, por alegado incumprimento da Declara\u00e7\u00e3o de Impacto Ambiental e da hierarquia comunit\u00e1ria, que prev\u00ea a reciclagem antes da incinera\u00e7\u00e3o.<\/span><\/p>\n<p><span style=\"color: #000000;\"><em>DL<\/em><\/span><\/p>","protected":false},"excerpt":{"rendered":"<p>A Associa\u00e7\u00e3o de Munic\u00edpios de S\u00e3o Miguel (AMISM) lan\u00e7ou recentemente o concurso para a constru\u00e7\u00e3o da Central de Valoriza\u00e7\u00e3o Energ\u00e9tica em S\u00e3o Miguel, cujo valor base \u00e9 de 68 ME com um prazo de execu\u00e7\u00e3o de tr\u00eas anos e seis meses. A data limite de entrega de propostas \u00e9 o dia 13 de dezembro e [&hellip;]<\/p>","protected":false},"author":2,"featured_media":121694,"comment_status":"open","ping_status":"open","sticky":false,"template":"","format":"standard","meta":[],"categories":[21],"tags":[],"acf":[],"yoast_head":"<!-- This site is optimized with the Yoast SEO plugin v20.10 - https:\/\/yoast.com\/wordpress\/plugins\/seo\/ -->\n<title>Central de Valoriza\u00e7\u00e3o Energ\u00e9tica em S\u00e3o Miguel dever\u00e1 estar conclu\u00edda em 2018 - Di\u00e1rio da Lagoa<\/title>\n<meta name=\"robots\" content=\"index, follow, max-snippet:-1, max-image-preview:large, max-video-preview:-1\" \/>\n<link rel=\"canonical\" href=\"https:\/\/diariodalagoa.pt\/en\/central-de-valorizacao-energetica-em-sao-miguel-devera-estar-concluida-em-2018\/\" \/>\n<meta property=\"og:locale\" content=\"en_US\" \/>\n<meta property=\"og:type\" content=\"article\" \/>\n<meta property=\"og:title\" content=\"Central de Valoriza\u00e7\u00e3o Energ\u00e9tica em S\u00e3o Miguel dever\u00e1 estar conclu\u00edda em 2018 - Di\u00e1rio da Lagoa\" \/>\n<meta property=\"og:description\" content=\"A Associa\u00e7\u00e3o de Munic\u00edpios de S\u00e3o Miguel (AMISM) lan\u00e7ou recentemente o concurso para a constru\u00e7\u00e3o da Central de Valoriza\u00e7\u00e3o Energ\u00e9tica em S\u00e3o Miguel, cujo valor base \u00e9 de 68 ME com um prazo de execu\u00e7\u00e3o de tr\u00eas anos e seis meses. A data limite de entrega de propostas \u00e9 o dia 13 de dezembro e [&hellip;]\" \/>\n<meta property=\"og:url\" content=\"https:\/\/diariodalagoa.pt\/en\/central-de-valorizacao-energetica-em-sao-miguel-devera-estar-concluida-em-2018\/\" \/>\n<meta property=\"og:site_name\" content=\"Di\u00e1rio da Lagoa\" \/>\n<meta property=\"article:published_time\" content=\"2014-11-08T00:45:49+00:00\" \/>\n<meta property=\"og:image\" content=\"https:\/\/diariodalagoa.pt\/wp-content\/uploads\/2014\/11\/ecoparque-cadeia-valor.png\" \/>\n\t<meta property=\"og:image:width\" content=\"720\" \/>\n\t<meta property=\"og:image:height\" content=\"380\" \/>\n\t<meta property=\"og:image:type\" content=\"image\/png\" \/>\n<meta name=\"author\" content=\"Di\u00e1rio da Lagoa\" \/>\n<meta name=\"twitter:card\" content=\"summary_large_image\" \/>\n<meta name=\"twitter:label1\" content=\"Written by\" \/>\n\t<meta name=\"twitter:data1\" content=\"Di\u00e1rio da Lagoa\" \/>\n\t<meta name=\"twitter:label2\" content=\"Est. reading time\" \/>\n\t<meta name=\"twitter:data2\" content=\"2 minutes\" \/>\n<script type=\"application\/ld+json\" class=\"yoast-schema-graph\">{\"@context\":\"https:\/\/schema.org\",\"@graph\":[{\"@type\":\"WebPage\",\"@id\":\"https:\/\/diariodalagoa.pt\/central-de-valorizacao-energetica-em-sao-miguel-devera-estar-concluida-em-2018\/\",\"url\":\"https:\/\/diariodalagoa.pt\/central-de-valorizacao-energetica-em-sao-miguel-devera-estar-concluida-em-2018\/\",\"name\":\"Central de Valoriza\u00e7\u00e3o Energ\u00e9tica em S\u00e3o Miguel dever\u00e1 estar conclu\u00edda em 2018 - Di\u00e1rio da Lagoa\",\"isPartOf\":{\"@id\":\"https:\/\/diariodalagoa.pt\/#website\"},\"datePublished\":\"2014-11-08T00:45:49+00:00\",\"dateModified\":\"2014-11-08T00:45:49+00:00\",\"author\":{\"@id\":\"https:\/\/diariodalagoa.pt\/#\/schema\/person\/1615a002370e8857b6f972834bc43ece\"},\"breadcrumb\":{\"@id\":\"https:\/\/diariodalagoa.pt\/central-de-valorizacao-energetica-em-sao-miguel-devera-estar-concluida-em-2018\/#breadcrumb\"},\"inLanguage\":\"en-US\",\"potentialAction\":[{\"@type\":\"ReadAction\",\"target\":[\"https:\/\/diariodalagoa.pt\/central-de-valorizacao-energetica-em-sao-miguel-devera-estar-concluida-em-2018\/\"]}]},{\"@type\":\"BreadcrumbList\",\"@id\":\"https:\/\/diariodalagoa.pt\/central-de-valorizacao-energetica-em-sao-miguel-devera-estar-concluida-em-2018\/#breadcrumb\",\"itemListElement\":[{\"@type\":\"ListItem\",\"position\":1,\"name\":\"In\u00edcio\",\"item\":\"https:\/\/diariodalagoa.pt\/\"},{\"@type\":\"ListItem\",\"position\":2,\"name\":\"Central de Valoriza\u00e7\u00e3o Energ\u00e9tica em S\u00e3o Miguel dever\u00e1 estar conclu\u00edda em 2018\"}]},{\"@type\":\"WebSite\",\"@id\":\"https:\/\/diariodalagoa.pt\/#website\",\"url\":\"https:\/\/diariodalagoa.pt\/\",\"name\":\"Di\u00e1rio da Lagoa\",\"description\":\"Di\u00e1rio da Lagoa. As not\u00edcias que contam. A partir da Lagoa, nos A\u00e7ores, para o mundo.\",\"potentialAction\":[{\"@type\":\"SearchAction\",\"target\":{\"@type\":\"EntryPoint\",\"urlTemplate\":\"https:\/\/diariodalagoa.pt\/?s={search_term_string}\"},\"query-input\":\"required name=search_term_string\"}],\"inLanguage\":\"en-US\"},{\"@type\":\"Person\",\"@id\":\"https:\/\/diariodalagoa.pt\/#\/schema\/person\/1615a002370e8857b6f972834bc43ece\",\"name\":\"Di\u00e1rio da Lagoa\",\"image\":{\"@type\":\"ImageObject\",\"inLanguage\":\"en-US\",\"@id\":\"https:\/\/diariodalagoa.pt\/#\/schema\/person\/image\/\",\"url\":\"https:\/\/secure.gravatar.com\/avatar\/2cb5cef90a26f8fbd4d9d930608102c5?s=96&d=mm&r=g\",\"contentUrl\":\"https:\/\/secure.gravatar.com\/avatar\/2cb5cef90a26f8fbd4d9d930608102c5?s=96&d=mm&r=g\",\"caption\":\"Di\u00e1rio da Lagoa\"},\"url\":\"https:\/\/diariodalagoa.pt\/en\/author\/diariodalagoa\/\"}]}<\/script>\n<!-- \/ Yoast SEO plugin. -->","yoast_head_json":{"title":"Central de Valoriza\u00e7\u00e3o Energ\u00e9tica em S\u00e3o Miguel dever\u00e1 estar conclu\u00edda em 2018 - Di\u00e1rio da Lagoa","robots":{"index":"index","follow":"follow","max-snippet":"max-snippet:-1","max-image-preview":"max-image-preview:large","max-video-preview":"max-video-preview:-1"},"canonical":"https:\/\/diariodalagoa.pt\/en\/central-de-valorizacao-energetica-em-sao-miguel-devera-estar-concluida-em-2018\/","og_locale":"en_US","og_type":"article","og_title":"Central de Valoriza\u00e7\u00e3o Energ\u00e9tica em S\u00e3o Miguel dever\u00e1 estar conclu\u00edda em 2018 - Di\u00e1rio da Lagoa","og_description":"A Associa\u00e7\u00e3o de Munic\u00edpios de S\u00e3o Miguel (AMISM) lan\u00e7ou recentemente o concurso para a constru\u00e7\u00e3o da Central de Valoriza\u00e7\u00e3o Energ\u00e9tica em S\u00e3o Miguel, cujo valor base \u00e9 de 68 ME com um prazo de execu\u00e7\u00e3o de tr\u00eas anos e seis meses. A data limite de entrega de propostas \u00e9 o dia 13 de dezembro e [&hellip;]","og_url":"https:\/\/diariodalagoa.pt\/en\/central-de-valorizacao-energetica-em-sao-miguel-devera-estar-concluida-em-2018\/","og_site_name":"Di\u00e1rio da Lagoa","article_published_time":"2014-11-08T00:45:49+00:00","og_image":[{"width":720,"height":380,"url":"https:\/\/diariodalagoa.pt\/wp-content\/uploads\/2014\/11\/ecoparque-cadeia-valor.png","type":"image\/png"}],"author":"Di\u00e1rio da Lagoa","twitter_card":"summary_large_image","twitter_misc":{"Written by":"Di\u00e1rio da Lagoa","Est. reading time":"2 minutes"},"schema":{"@context":"https:\/\/schema.org","@graph":[{"@type":"WebPage","@id":"https:\/\/diariodalagoa.pt\/central-de-valorizacao-energetica-em-sao-miguel-devera-estar-concluida-em-2018\/","url":"https:\/\/diariodalagoa.pt\/central-de-valorizacao-energetica-em-sao-miguel-devera-estar-concluida-em-2018\/","name":"Central de Valoriza\u00e7\u00e3o Energ\u00e9tica em S\u00e3o Miguel dever\u00e1 estar conclu\u00edda em 2018 - Di\u00e1rio da Lagoa","isPartOf":{"@id":"https:\/\/diariodalagoa.pt\/#website"},"datePublished":"2014-11-08T00:45:49+00:00","dateModified":"2014-11-08T00:45:49+00:00","author":{"@id":"https:\/\/diariodalagoa.pt\/#\/schema\/person\/1615a002370e8857b6f972834bc43ece"},"breadcrumb":{"@id":"https:\/\/diariodalagoa.pt\/central-de-valorizacao-energetica-em-sao-miguel-devera-estar-concluida-em-2018\/#breadcrumb"},"inLanguage":"en-US","potentialAction":[{"@type":"ReadAction","target":["https:\/\/diariodalagoa.pt\/central-de-valorizacao-energetica-em-sao-miguel-devera-estar-concluida-em-2018\/"]}]},{"@type":"BreadcrumbList","@id":"https:\/\/diariodalagoa.pt\/central-de-valorizacao-energetica-em-sao-miguel-devera-estar-concluida-em-2018\/#breadcrumb","itemListElement":[{"@type":"ListItem","position":1,"name":"In\u00edcio","item":"https:\/\/diariodalagoa.pt\/"},{"@type":"ListItem","position":2,"name":"Central de Valoriza\u00e7\u00e3o Energ\u00e9tica em S\u00e3o Miguel dever\u00e1 estar conclu\u00edda em 2018"}]},{"@type":"WebSite","@id":"https:\/\/diariodalagoa.pt\/#website","url":"https:\/\/diariodalagoa.pt\/","name":"Di\u00e1rio da Lagoa","description":"Di\u00e1rio da Lagoa. As not\u00edcias que contam. A partir da Lagoa, nos A\u00e7ores, para o mundo.","potentialAction":[{"@type":"SearchAction","target":{"@type":"EntryPoint","urlTemplate":"https:\/\/diariodalagoa.pt\/?s={search_term_string}"},"query-input":"required name=search_term_string"}],"inLanguage":"en-US"},{"@type":"Person","@id":"https:\/\/diariodalagoa.pt\/#\/schema\/person\/1615a002370e8857b6f972834bc43ece","name":"Di\u00e1rio da Lagoa","image":{"@type":"ImageObject","inLanguage":"en-US","@id":"https:\/\/diariodalagoa.pt\/#\/schema\/person\/image\/","url":"https:\/\/secure.gravatar.com\/avatar\/2cb5cef90a26f8fbd4d9d930608102c5?s=96&d=mm&r=g","contentUrl":"https:\/\/secure.gravatar.com\/avatar\/2cb5cef90a26f8fbd4d9d930608102c5?s=96&d=mm&r=g","caption":"Di\u00e1rio da Lagoa"},"url":"https:\/\/diariodalagoa.pt\/en\/author\/diariodalagoa\/"}]}},"_links":{"self":[{"href":"https:\/\/diariodalagoa.pt\/en\/wp-json\/wp\/v2\/posts\/11045"}],"collection":[{"href":"https:\/\/diariodalagoa.pt\/en\/wp-json\/wp\/v2\/posts"}],"about":[{"href":"https:\/\/diariodalagoa.pt\/en\/wp-json\/wp\/v2\/types\/post"}],"author":[{"embeddable":true,"href":"https:\/\/diariodalagoa.pt\/en\/wp-json\/wp\/v2\/users\/2"}],"replies":[{"embeddable":true,"href":"https:\/\/diariodalagoa.pt\/en\/wp-json\/wp\/v2\/comments?post=11045"}],"version-history":[{"count":0,"href":"https:\/\/diariodalagoa.pt\/en\/wp-json\/wp\/v2\/posts\/11045\/revisions"}],"wp:featuredmedia":[{"embeddable":true,"href":"https:\/\/diariodalagoa.pt\/en\/wp-json\/wp\/v2\/media\/121694"}],"wp:attachment":[{"href":"https:\/\/diariodalagoa.pt\/en\/wp-json\/wp\/v2\/media?parent=11045"}],"wp:term":[{"taxonomy":"category","embeddable":true,"href":"https:\/\/diariodalagoa.pt\/en\/wp-json\/wp\/v2\/categories?post=11045"},{"taxonomy":"post_tag","embeddable":true,"href":"https:\/\/diariodalagoa.pt\/en\/wp-json\/wp\/v2\/tags?post=11045"}],"curies":[{"name":"wp","href":"https:\/\/api.w.org\/{rel}","templated":true}]}}