{"id":110298,"date":"2023-06-20T10:10:56","date_gmt":"2023-06-20T10:10:56","guid":{"rendered":"https:\/\/diariodalagoa.pt\/?p=109478"},"modified":"2025-06-27T16:01:17","modified_gmt":"2025-06-27T16:01:17","slug":"goncalo-rodrigues-sagra-se-campeao-mundial-de-jet-ski","status":"publish","type":"post","link":"https:\/\/diariodalagoa.pt\/en\/goncalo-rodrigues-sagra-se-campeao-mundial-de-jet-ski\/","title":{"rendered":"Gon\u00e7alo Rodrigues sagra-se campe\u00e3o mundial de jet ski"},"content":{"rendered":"<figure class=\"wp-block-image size-full\"><img decoding=\"async\" src=\"https:\/\/diariodalagoa.pt\/wp-content\/uploads\/2023\/06\/goncalo-rodrigues_jet-ski.png\" alt=\"\" class=\"wp-image-109479\"\/><figcaption class=\"wp-element-caption\"><sup><mark style=\"background-color:rgba(0, 0, 0, 0)\" class=\"has-inline-color has-cyan-bluish-gray-color\">\u00a9 D.R.<\/mark><\/sup><\/figcaption><\/figure>\n\n\n\n<p>Gon\u00e7alo Rodrigues, atleta do Clube N\u00e1utico da Lagoa, sagrou-se campe\u00e3o mundial de jet ski no grande pr\u00e9mio de It\u00e1lia, prova que decorreu na Sardenha no \u00faltimo fim-de-semana.<\/p>\n\n\n\n<p>Reconhecido pelo seu esfor\u00e7o e dedica\u00e7\u00e3o \u00e0 pr\u00e1tica da modalidade de jet ski e representando o Clube N\u00e1utico da Lagoa, este atleta tem-se notabilizado a n\u00edvel internacional ao defrontar atletas do mais alto n\u00edvel t\u00e9cnico da modalidade.&nbsp;<\/p>\n\n\n\n<p>O desempenho do jovem micaelense foi reconhecido pela c\u00e2mara municipal da Lagoa que, em nota p\u00fablica, congratulou \u201co atleta por mais este t\u00edtulo, que se junta aos muitos t\u00edtulos regionais, nacionais e internacionais j\u00e1 conquistados anteriormente\u201d, real\u00e7ando que Gon\u00e7alo Rodrigues \u201ctem promovido a Lagoa nos mais altos patamares desta modalidade\u201d.<\/p>\n\n\n\n<p>Ali\u00e1s, o percurso desportivo do jovem atleta foi j\u00e1 reconhecido anteriormente pela autarquia atrav\u00e9s da atribui\u00e7\u00e3o de um voto de louvor, aprovado por unanimidade, a 30 de setembro de 2021, para al\u00e9m do apoio financeiro anual no \u00e2mbito do seu plano de atividades. <\/p>\n\n\n\n<p>Para al\u00e9m das provas internacionais, Gon\u00e7alo Rodrigues tem sido presen\u00e7a ass\u00eddua na pista de treinos montada ao largo da ba\u00eda de Santa Cruz durante os meses de ver\u00e3o, local escolhido para a sua prepara\u00e7\u00e3o durante este per\u00edodo, dinamizando a pr\u00f3pria orla mar\u00edtima da cidade da Lagoa.<\/p>","protected":false},"excerpt":{"rendered":"<p>Gon\u00e7alo Rodrigues, atleta do Clube N\u00e1utico da Lagoa, sagrou-se campe\u00e3o mundial de jet ski no grande pr\u00e9mio de It\u00e1lia, prova que decorreu na Sardenha no \u00faltimo fim-de-semana. Reconhecido pelo seu esfor\u00e7o e dedica\u00e7\u00e3o \u00e0 pr\u00e1tica da modalidade de jet ski e representando o Clube N\u00e1utico da Lagoa, este atleta tem-se notabilizado a n\u00edvel internacional ao [&hellip;]<\/p>","protected":false},"author":2,"featured_media":110319,"comment_status":"open","ping_status":"closed","sticky":false,"template":"","format":"standard","meta":[],"categories":[21],"tags":[],"acf":[],"yoast_head":"<!-- This site is optimized with the Yoast SEO plugin v20.10 - https:\/\/yoast.com\/wordpress\/plugins\/seo\/ -->\n<title>Gon\u00e7alo Rodrigues sagra-se campe\u00e3o mundial de jet ski - Di\u00e1rio da Lagoa<\/title>\n<meta name=\"description\" content=\"Jovem da Lagoa conquistou o t\u00edtulo na Sardenha na prova disputada no fim-de-semana passado. \u00c9 mais um feito que junta \u00e0 promissora carreira.\" \/>\n<meta name=\"robots\" content=\"index, follow, max-snippet:-1, max-image-preview:large, max-video-preview:-1\" \/>\n<link rel=\"canonical\" href=\"https:\/\/diariodalagoa.pt\/en\/goncalo-rodrigues-sagra-se-campeao-mundial-de-jet-ski\/\" \/>\n<meta property=\"og:locale\" content=\"en_US\" \/>\n<meta property=\"og:type\" content=\"article\" \/>\n<meta property=\"og:title\" content=\"Gon\u00e7alo Rodrigues sagra-se campe\u00e3o mundial de jet ski - Di\u00e1rio da Lagoa\" \/>\n<meta property=\"og:description\" content=\"Jovem da Lagoa conquistou o t\u00edtulo na Sardenha na prova disputada no fim-de-semana passado. \u00c9 mais um feito que junta \u00e0 promissora carreira.\" \/>\n<meta property=\"og:url\" content=\"https:\/\/diariodalagoa.pt\/en\/goncalo-rodrigues-sagra-se-campeao-mundial-de-jet-ski\/\" \/>\n<meta property=\"og:site_name\" content=\"Di\u00e1rio da Lagoa\" \/>\n<meta property=\"article:published_time\" content=\"2023-06-20T10:10:56+00:00\" \/>\n<meta property=\"article:modified_time\" content=\"2025-06-27T16:01:17+00:00\" \/>\n<meta property=\"og:image\" content=\"https:\/\/diariodalagoa.pt\/wp-content\/uploads\/2023\/06\/goncalo-rodrigues-jet-ski.png\" \/>\n\t<meta property=\"og:image:width\" content=\"960\" \/>\n\t<meta property=\"og:image:height\" content=\"640\" \/>\n\t<meta property=\"og:image:type\" content=\"image\/png\" \/>\n<meta name=\"author\" content=\"Di\u00e1rio da Lagoa\" \/>\n<meta name=\"twitter:card\" content=\"summary_large_image\" \/>\n<meta name=\"twitter:label1\" content=\"Written by\" \/>\n\t<meta name=\"twitter:data1\" content=\"Di\u00e1rio da Lagoa\" \/>\n\t<meta name=\"twitter:label2\" content=\"Est. reading time\" \/>\n\t<meta name=\"twitter:data2\" content=\"2 minutes\" \/>\n<script type=\"application\/ld+json\" class=\"yoast-schema-graph\">{\"@context\":\"https:\/\/schema.org\",\"@graph\":[{\"@type\":\"WebPage\",\"@id\":\"https:\/\/diariodalagoa.pt\/goncalo-rodrigues-sagra-se-campeao-mundial-de-jet-ski\/\",\"url\":\"https:\/\/diariodalagoa.pt\/goncalo-rodrigues-sagra-se-campeao-mundial-de-jet-ski\/\",\"name\":\"Gon\u00e7alo Rodrigues sagra-se campe\u00e3o mundial de jet ski - Di\u00e1rio da Lagoa\",\"isPartOf\":{\"@id\":\"https:\/\/diariodalagoa.pt\/#website\"},\"datePublished\":\"2023-06-20T10:10:56+00:00\",\"dateModified\":\"2025-06-27T16:01:17+00:00\",\"author\":{\"@id\":\"https:\/\/diariodalagoa.pt\/#\/schema\/person\/1615a002370e8857b6f972834bc43ece\"},\"description\":\"Jovem da Lagoa conquistou o t\u00edtulo na Sardenha na prova disputada no fim-de-semana passado. \u00c9 mais um feito que junta \u00e0 promissora carreira.\",\"breadcrumb\":{\"@id\":\"https:\/\/diariodalagoa.pt\/goncalo-rodrigues-sagra-se-campeao-mundial-de-jet-ski\/#breadcrumb\"},\"inLanguage\":\"en-US\",\"potentialAction\":[{\"@type\":\"ReadAction\",\"target\":[\"https:\/\/diariodalagoa.pt\/goncalo-rodrigues-sagra-se-campeao-mundial-de-jet-ski\/\"]}]},{\"@type\":\"BreadcrumbList\",\"@id\":\"https:\/\/diariodalagoa.pt\/goncalo-rodrigues-sagra-se-campeao-mundial-de-jet-ski\/#breadcrumb\",\"itemListElement\":[{\"@type\":\"ListItem\",\"position\":1,\"name\":\"In\u00edcio\",\"item\":\"https:\/\/diariodalagoa.pt\/\"},{\"@type\":\"ListItem\",\"position\":2,\"name\":\"Gon\u00e7alo Rodrigues sagra-se campe\u00e3o mundial de jet ski\"}]},{\"@type\":\"WebSite\",\"@id\":\"https:\/\/diariodalagoa.pt\/#website\",\"url\":\"https:\/\/diariodalagoa.pt\/\",\"name\":\"Di\u00e1rio da Lagoa\",\"description\":\"Di\u00e1rio da Lagoa. As not\u00edcias que contam. A partir da Lagoa, nos A\u00e7ores, para o mundo.\",\"potentialAction\":[{\"@type\":\"SearchAction\",\"target\":{\"@type\":\"EntryPoint\",\"urlTemplate\":\"https:\/\/diariodalagoa.pt\/?s={search_term_string}\"},\"query-input\":\"required name=search_term_string\"}],\"inLanguage\":\"en-US\"},{\"@type\":\"Person\",\"@id\":\"https:\/\/diariodalagoa.pt\/#\/schema\/person\/1615a002370e8857b6f972834bc43ece\",\"name\":\"Di\u00e1rio da Lagoa\",\"image\":{\"@type\":\"ImageObject\",\"inLanguage\":\"en-US\",\"@id\":\"https:\/\/diariodalagoa.pt\/#\/schema\/person\/image\/\",\"url\":\"https:\/\/secure.gravatar.com\/avatar\/2cb5cef90a26f8fbd4d9d930608102c5?s=96&d=mm&r=g\",\"contentUrl\":\"https:\/\/secure.gravatar.com\/avatar\/2cb5cef90a26f8fbd4d9d930608102c5?s=96&d=mm&r=g\",\"caption\":\"Di\u00e1rio da Lagoa\"},\"url\":\"https:\/\/diariodalagoa.pt\/en\/author\/diariodalagoa\/\"}]}<\/script>\n<!-- \/ Yoast SEO plugin. -->","yoast_head_json":{"title":"Gon\u00e7alo Rodrigues sagra-se campe\u00e3o mundial de jet ski - Di\u00e1rio da Lagoa","description":"Jovem da Lagoa conquistou o t\u00edtulo na Sardenha na prova disputada no fim-de-semana passado. \u00c9 mais um feito que junta \u00e0 promissora carreira.","robots":{"index":"index","follow":"follow","max-snippet":"max-snippet:-1","max-image-preview":"max-image-preview:large","max-video-preview":"max-video-preview:-1"},"canonical":"https:\/\/diariodalagoa.pt\/en\/goncalo-rodrigues-sagra-se-campeao-mundial-de-jet-ski\/","og_locale":"en_US","og_type":"article","og_title":"Gon\u00e7alo Rodrigues sagra-se campe\u00e3o mundial de jet ski - Di\u00e1rio da Lagoa","og_description":"Jovem da Lagoa conquistou o t\u00edtulo na Sardenha na prova disputada no fim-de-semana passado. \u00c9 mais um feito que junta \u00e0 promissora carreira.","og_url":"https:\/\/diariodalagoa.pt\/en\/goncalo-rodrigues-sagra-se-campeao-mundial-de-jet-ski\/","og_site_name":"Di\u00e1rio da Lagoa","article_published_time":"2023-06-20T10:10:56+00:00","article_modified_time":"2025-06-27T16:01:17+00:00","og_image":[{"width":960,"height":640,"url":"https:\/\/diariodalagoa.pt\/wp-content\/uploads\/2023\/06\/goncalo-rodrigues-jet-ski.png","type":"image\/png"}],"author":"Di\u00e1rio da Lagoa","twitter_card":"summary_large_image","twitter_misc":{"Written by":"Di\u00e1rio da Lagoa","Est. reading time":"2 minutes"},"schema":{"@context":"https:\/\/schema.org","@graph":[{"@type":"WebPage","@id":"https:\/\/diariodalagoa.pt\/goncalo-rodrigues-sagra-se-campeao-mundial-de-jet-ski\/","url":"https:\/\/diariodalagoa.pt\/goncalo-rodrigues-sagra-se-campeao-mundial-de-jet-ski\/","name":"Gon\u00e7alo Rodrigues sagra-se campe\u00e3o mundial de jet ski - Di\u00e1rio da Lagoa","isPartOf":{"@id":"https:\/\/diariodalagoa.pt\/#website"},"datePublished":"2023-06-20T10:10:56+00:00","dateModified":"2025-06-27T16:01:17+00:00","author":{"@id":"https:\/\/diariodalagoa.pt\/#\/schema\/person\/1615a002370e8857b6f972834bc43ece"},"description":"Jovem da Lagoa conquistou o t\u00edtulo na Sardenha na prova disputada no fim-de-semana passado. \u00c9 mais um feito que junta \u00e0 promissora carreira.","breadcrumb":{"@id":"https:\/\/diariodalagoa.pt\/goncalo-rodrigues-sagra-se-campeao-mundial-de-jet-ski\/#breadcrumb"},"inLanguage":"en-US","potentialAction":[{"@type":"ReadAction","target":["https:\/\/diariodalagoa.pt\/goncalo-rodrigues-sagra-se-campeao-mundial-de-jet-ski\/"]}]},{"@type":"BreadcrumbList","@id":"https:\/\/diariodalagoa.pt\/goncalo-rodrigues-sagra-se-campeao-mundial-de-jet-ski\/#breadcrumb","itemListElement":[{"@type":"ListItem","position":1,"name":"In\u00edcio","item":"https:\/\/diariodalagoa.pt\/"},{"@type":"ListItem","position":2,"name":"Gon\u00e7alo Rodrigues sagra-se campe\u00e3o mundial de jet ski"}]},{"@type":"WebSite","@id":"https:\/\/diariodalagoa.pt\/#website","url":"https:\/\/diariodalagoa.pt\/","name":"Di\u00e1rio da Lagoa","description":"Di\u00e1rio da Lagoa. As not\u00edcias que contam. A partir da Lagoa, nos A\u00e7ores, para o mundo.","potentialAction":[{"@type":"SearchAction","target":{"@type":"EntryPoint","urlTemplate":"https:\/\/diariodalagoa.pt\/?s={search_term_string}"},"query-input":"required name=search_term_string"}],"inLanguage":"en-US"},{"@type":"Person","@id":"https:\/\/diariodalagoa.pt\/#\/schema\/person\/1615a002370e8857b6f972834bc43ece","name":"Di\u00e1rio da Lagoa","image":{"@type":"ImageObject","inLanguage":"en-US","@id":"https:\/\/diariodalagoa.pt\/#\/schema\/person\/image\/","url":"https:\/\/secure.gravatar.com\/avatar\/2cb5cef90a26f8fbd4d9d930608102c5?s=96&d=mm&r=g","contentUrl":"https:\/\/secure.gravatar.com\/avatar\/2cb5cef90a26f8fbd4d9d930608102c5?s=96&d=mm&r=g","caption":"Di\u00e1rio da Lagoa"},"url":"https:\/\/diariodalagoa.pt\/en\/author\/diariodalagoa\/"}]}},"_links":{"self":[{"href":"https:\/\/diariodalagoa.pt\/en\/wp-json\/wp\/v2\/posts\/110298"}],"collection":[{"href":"https:\/\/diariodalagoa.pt\/en\/wp-json\/wp\/v2\/posts"}],"about":[{"href":"https:\/\/diariodalagoa.pt\/en\/wp-json\/wp\/v2\/types\/post"}],"author":[{"embeddable":true,"href":"https:\/\/diariodalagoa.pt\/en\/wp-json\/wp\/v2\/users\/2"}],"replies":[{"embeddable":true,"href":"https:\/\/diariodalagoa.pt\/en\/wp-json\/wp\/v2\/comments?post=110298"}],"version-history":[{"count":1,"href":"https:\/\/diariodalagoa.pt\/en\/wp-json\/wp\/v2\/posts\/110298\/revisions"}],"predecessor-version":[{"id":157277,"href":"https:\/\/diariodalagoa.pt\/en\/wp-json\/wp\/v2\/posts\/110298\/revisions\/157277"}],"wp:featuredmedia":[{"embeddable":true,"href":"https:\/\/diariodalagoa.pt\/en\/wp-json\/wp\/v2\/media\/110319"}],"wp:attachment":[{"href":"https:\/\/diariodalagoa.pt\/en\/wp-json\/wp\/v2\/media?parent=110298"}],"wp:term":[{"taxonomy":"category","embeddable":true,"href":"https:\/\/diariodalagoa.pt\/en\/wp-json\/wp\/v2\/categories?post=110298"},{"taxonomy":"post_tag","embeddable":true,"href":"https:\/\/diariodalagoa.pt\/en\/wp-json\/wp\/v2\/tags?post=110298"}],"curies":[{"name":"wp","href":"https:\/\/api.w.org\/{rel}","templated":true}]}}