{"id":109771,"date":"2023-06-24T15:16:52","date_gmt":"2023-06-24T15:16:52","guid":{"rendered":"https:\/\/diariodalagoa.pt\/?p=109537"},"modified":"2025-09-28T00:35:21","modified_gmt":"2025-09-28T00:35:21","slug":"presidencias-alberto-carlos-paula-de-oliveira-1943-1945","status":"publish","type":"post","link":"https:\/\/diariodalagoa.pt\/en\/presidencias-alberto-carlos-paula-de-oliveira-1943-1945\/","title":{"rendered":"Presid\u00eancias: Alberto Carlos Paula de Oliveira \u2013 1943-1945"},"content":{"rendered":"<div class=\"wp-block-image is-style-rounded\">\n<figure class=\"aligncenter size-full is-resized\"><img decoding=\"async\" src=\"https:\/\/diariodalagoa.pt\/wp-content\/uploads\/2023\/06\/Alberto-Carlos-Paula-de-Oliveira.jpg\" alt=\"\" class=\"wp-image-109542\" width=\"404\" height=\"404\"\/><\/figure><\/div>\n\n\n<div style=\"height:25px\" aria-hidden=\"true\" class=\"wp-block-spacer\"><\/div>\n\n\n<p>Alberto Carlos Paula de Oliveira nasceu 23 de Abril de 1908, em Lagos, no Algarve. Licenciado em Direito, foi funcion\u00e1rio p\u00fablico e, a t\u00edtulo pessoal, tamb\u00e9m, Advogado. Foi professor Liceal e Comandante Distrital da Pol\u00edcia de Ponta Delgada. A n\u00edvel pol\u00edtico, foi Delegado Provincial da Mocidade Portuguesa, Presidente da C\u00e2mara Municipal de Lagoa &#8211; A\u00e7ores (1943- 1945), Governador substituto do Distrito Aut\u00f3nomo de Ponta Delgada e, entre 1946-1954, foi tamb\u00e9m Presidente da C\u00e2mara Municipal de Ponta Delgada, em cuja qualidade integrou a C\u00e2mara Corporativa, em 1953, representando os Munic\u00edpios do Arquip\u00e9lago dos A\u00e7ores. Foi deputado. Foi, tamb\u00e9m, Presidente da Direc\u00e7\u00e3o do Clube Desportivo Santa Clara, Presidente da Associa\u00e7\u00e3o de Futebol de Ponta Delgada, Presidente da Junta Aut\u00f3noma dos Portos do Distrito Aut\u00f3nomo de Ponta Delgada e S\u00f3cio-Fundador do Instituto&nbsp;Cultural de Ponta Delgada.<\/p>\n<p>Foi agraciado com a Ordem da Benemer\u00eancia, grau Comendador, pelo Presidente da Rep\u00fablica.<\/p>\n<p>H\u00e1 uma rua com o seu nome em Ponta Delgada: \u201cRua Doutor Alberto Carlos Paula de Oliveira\u201d.<\/p>\n<p>A n\u00edvel aut\u00e1rquico, na Lagoa, conseguimos constatar atrav\u00e9s de uma pesquisa aprofundada aos manuscritos [Atas de Verea\u00e7\u00e3o das reuni\u00f5es camar\u00e1rias da C\u00e2mara da Lagoa], do Arquivo Municipal de Lagoa, que o Presidente, Dr. Alberto Carlos Paula de Oliveira, juntamente com o seu executivo camar\u00e1rio municipal, Vice-Presidente Senhor Jo\u00e3o Furtado Moniz, e vereador efectivo Senhor Manuel da Costa Lima, sendo substituto o Senhor Manuel de Melo Costa, foi empossado no dia 29 de Novembro de 1943, tendo a sua primeira reuni\u00e3o de c\u00e2mara sido a 30 de Novembro de 1943, conforme acta daquela sess\u00e3o.<\/p>\n<p>Na mesma, o presidente Dr. Alberto Paula de Oliveira evidencia n\u00e3o ser da Lagoa, mas que viveu a inf\u00e2ncia na Lagoa, ali estudou, ali constituiu fam\u00edlia, \u201caqui principiou a servir\u201d (acta de Verea\u00e7\u00e3o de 30\/11\/1943).<\/p>\n<p>Podemos, igualmente, extrair de uma not\u00edcia do jornal \u00abCorreio dos A\u00e7ores\u00bb, de 30 de Novembro de 1943, o seguinte conte\u00fado: \u00abTomou ontem posse o Novo Presidente da C\u00e2mara Municipal da Lagoa\u00bb: \u00abOntem, pelas 16 horas, perante o Sr. Governador do Distrito tomou posse o novo Presidente da C\u00e2mara 11 Municipal de Lagoa, Dr. Alberto Paula de Oliveira. Assistiram ao acto o Sr. Presidente da Junta Geral, sr. Dr. Eduardo Mascarenhas e o sr dr. Carreiro da Costa, Presidente da C\u00e2mara Municipal da Lagoa que resignara ao cargo ao ser eleito Procurador \u00e0 Junta Geral do Distrito, v\u00e1rias individualidades da nossa vida administrativa, e as entidades em mais destaque no concelho da Lagoa, como sejam a verea\u00e7\u00e3o da C\u00e2mara, o Conselho Municipal, os Presidentes das Juntas de Freguesia, representantes da Organiza\u00e7\u00e3o Nacional da Mocidade Portuguesa, etc. Depois do novo Presidente ter prestado o juramento prescrito no C\u00f3digo Administrativo e o sr. Dr. Jos\u00e9 Bruno Tavares Carreiro, Secret\u00e1rio Geral do Governo Civil haver lido a acta da posse, que foi assinada, o Sr. Governador tomou a palavra para saudar o novo Presidente da C\u00e2mara da Lagoa acerca do qual disse palavras de justo elogio, fazendo ressalvar que o escolhera para o cargo por lhe conhecer de perto as qualidades que ornam a sua personalidade e emolduram as suas actividades, qualidades que dele faziam uma das individualidades mais naturalmente indicadas para continuar a obra do sr. Dr. Carreiro da Costa, cujo elogio fez tamb\u00e9m em palavras breves, mas expressivas e justas. O sr. Dr. Carreiro da Costa agradeceu as palavras elogiosas do sr. Governador, felicitando-o em seguida pela escolha do novo Presidente do Munic\u00edpio da Lagoa cujos fulgores de intelig\u00eancia e dinamismo de ac\u00e7\u00e3o e firmeza de car\u00e1cter exaltou, afirmando justamente que o sr. Dr. Alberto de Oliveira tanto como Delegado Provincial da Mocidade Portuguesa como Funcion\u00e1rio do Estado Novo tem relevado entranhada devo\u00e7\u00e3o \u00e0 causa p\u00fablica que pode servir de modelo. [\u2026] disse (Dr. Alberto de Oliveira) que na consci\u00eancia dessa unidade confundia no seu carinho e interesse pelo concelho de Lagos, onde nasceu o concelho de Lagoa onde mora parte do ano e a cujo Munic\u00edpio ia presidir\u00bb.<\/p>\n<p>Numa not\u00edcia, ainda do Jornal \u00abCorreio dos A\u00e7ores\u00bb, de 12 de Dezembro de 1943, podemos ler sobre As Comemora\u00e7\u00f5es do 1\u00ba De Dezembro na Vila da Lagoa \u00ab[\u2026] Fechava o cortejo a banda Estrela d\u2019Alva. Estacionou o cortejo no Largo da Camara, sendo oferecido nessa ocasi\u00e3o um lanche a todas as crian\u00e7as da escola, iniciativa esta do digno Vice-Presidente da C\u00e2mara sr. Jo\u00e3o Furtado Moniz. A este sr., ap\u00f3s a distribui\u00e7\u00e3o foi-lhe oferecido um ramo de flores por uma das crian\u00e7as [\u2026]\u00bb. \u00ab[\u2026] Presidiu \u00e0 sess\u00e3o o Dign\u00edssimo Presidente desta C\u00e2mara e Delegado Provincial da Mocidade Portuguesa, sr. dr. Alberto de Oliveira [\u2026]\u00bb.&nbsp;<\/p>\n<p>Parece-nos que o mandato, sobretudo no ano de 1944, foi vivido numa pobreza de recursos e de car\u00eancias extrema na C\u00e2mara Municipal e, sobre isso, atestam duas notas patentes no jornal Correio dos A\u00e7ores, de 1944, acerca de delibera\u00e7\u00f5es tomadas pela Comiss\u00e3o Executiva da Junta Geral. Uma delas na 13 sess\u00e3o do dia 15 de Novembro de 1944, patente na edi\u00e7\u00e3o de 6 de Dezembro de 1944, do jornal \u00abCorreio dos A\u00e7ores\u00bb, enuncia uma medida da mesma Junta Geral: \u00aba pedido da C\u00e2mara Municipal de Lagoa [\u2026] \u00e0 Junta Geral [\u2026] resolveu fazer a ced\u00eancia aquela C\u00e2mara pelo pre\u00e7o de custo e sem o desconto de 50% de uma carpete que fazia parte da sala das sess\u00f5es da Junta Geral\u00bb.<\/p>\n<p>Outra not\u00edcia que atesta a pobreza e a escassez de recursos \u00e9 a seguinte, tamb\u00e9m patente no jornal \u00abCorreio dos A\u00e7ores\u00bb, de 1944: \u00abDeliberou ceder, a t\u00edtulo de empr\u00e9stimo, \u00e0 C\u00e2mara Municipal da Lagoa, cinco quilos de pregos\u00bb.<\/p>\n<p>N\u00e3o obstante, no jornal \u00abCorreio dos A\u00e7ores\u00bb, de 15 de Dezembro de 1944, lemos o seguinte: \u00abNot\u00edcias da Lagoa\u00bb \u00abLAGOA, 11 de Dezembro &#8211; Ontem, pelas 14 horas, conforme estava anunciado, efectuou-se na C\u00e2mara Municipal desta Vila a entrega do pr\u00e9mio concedido pela Obra das M\u00e3es pela Educa\u00e7\u00e3o Nacional, que coube \u00e0 numerosa fam\u00edlia de Ant\u00f3nio do Rego Ventura que consta de 10 filhos vivos e 8 falecidos. O pr\u00e9mio concedido era de 500 escudos mas a C\u00e2mara ampliou-o com mais 250 escudos. Assistiram a este acto bastante simp\u00e1tico as Autoridades Civis e Militares desta Vila, muitos convidados e a Mocidade Portuguesa que sob a h\u00e1bil reg\u00eancia do professor sr. Il\u00eddio de Andrade executaram v\u00e1rios c\u00e2nticos dando in\u00edcios \u00e0s festas. A seguir procedeu-se \u00e0 sess\u00e3o solene presidida pelo sr. Dr. Alberto de Oliveira, Presidente da C\u00e2mara, ladeado pelos srs Ivano Taveira Neves, Jo\u00e3o Baptista Ferreira, Afonso Canavarro, Rev. Padre Jos\u00e9 do Rego Duarte e Tenente Franco, Subdelegado Provincial da Mocidade Portuguesa. [\u2026]\u00bb.<\/p>\n<p>Na sua primeira reuni\u00e3o de C\u00e2mara, cuja acta est\u00e1 data de 30 de Novembro de 1943, refere-se a \u00aboutro grato dever\u00bb registando, naquela acta, \u00abas suas melhores sauda\u00e7\u00f5es a um filho ilustre da Vila da Lagoa, o Professor Doutor Amorim Ferreira que tinha o prazer de homenagear na presen\u00e7a do seu venerando pai, presente a esta sess\u00e3o [\u2026]\u00bb.<\/p>\n<p>Noutras, a t\u00edtulo exemplificativo, e concernente \u00e0s primeiras delibera\u00e7\u00f5es de obras ou de repara\u00e7\u00f5es correntes no Munic\u00edpio: na acta da sess\u00e3o de 14 de Dezembro de 1943, fala-se na conclus\u00e3o das obras efectuadas no Mercado de Peixe, da Vila da Lagoa, procedendo-se \u00e0 delibera\u00e7\u00e3o da respectiva pintura do mesmo, repara\u00e7\u00e3o que foi autorizada. Tamb\u00e9m foi deliberado trabalhos de embelezamento da Avenida Gaspar Frutuoso e o alargamento da travessa paralela \u00e0 Igreja de Santa Cruz, \u201cobra que muito vai beneficiar aquele local\u201d, l\u00ea-se na respectiva acta. Na acta da reuni\u00e3o de C\u00e2mara de 23 de Fevereiro de 1944, foram tomadas provid\u00eancias para obras de conserva\u00e7\u00e3o e repara\u00e7\u00e3o do Matadouro Municipal; e foi dito pelo Sr. Presidente \u201cestarem conclu\u00eddas as obras da Escola de \u00c1gua de Pau, para a qual j\u00e1 haviam sido adquiridos os bancos\u2026\u201d.<\/p>\n<p>Foi ponderada a necessidade de repara\u00e7\u00e3o da Estrada de Santa Amaro e de outros tro\u00e7os de estradas, bem como a necessidade de pintar-se os bancos p\u00fablicos. Na acta da reuni\u00e3o de 21 de Mar\u00e7o de 1944, deu-se conhecimento da repara\u00e7\u00e3o do Caminho do Salto da Fonte Velha e que as obras de condu\u00e7\u00e3o de \u00e1guas para refor\u00e7o de abastecimento do lugar da Atalhada haviam sido conclu\u00eddas. Para al\u00e9m de delibera\u00e7\u00f5es e obras ou repara\u00e7\u00f5es correntes, seguem outras curiosidades: na acta da reuni\u00e3o de 18 de Abril de 1944, foi apresentado um Voto de Pesar pelo falecimento do pai do Senhor Vice-Presidente, Jo\u00e3o Furtado Moniz, Manuel Raposo Moniz, \u201ccidad\u00e3o lagoense\u201d. Foi, tamb\u00e9m, no tempo de presid\u00eancia do Dr. Alberto Carlos Paula de Oliveira que se adquiriu mais uma m\u00e1quina de escrever para a C\u00e2mara Municipal de Lagoa, conforme atesta acta da reuni\u00e3o de 27 de Junho de 1944, em que se diz, e cito: M\u00e1quina de Escrever \u00abExp\u00f4s o Chefe de Secretaria a conveni\u00eancia de esta C\u00e2mara adquirir uma m\u00e1quina de escrever, pois havendo s\u00f3 uma frequentemente v\u00e1rias vezes sucedia ficar em atraso o expediente por impossibilidade de outro funcion\u00e1rio fazer tamb\u00e9m servi\u00e7o de m\u00e1quina; a C\u00e2mara atendendo ao exposto, deliberou que se adquirisse uma m\u00e1quina de escrever em segunda m\u00e3o, e em boas condi\u00e7\u00f5es [\u2026]\u00bb.<\/p>\n<p style=\"text-align: left;\">Da acta da reuni\u00e3o de 25 de Julho de 1944, podemos ler um outro Voto de Pesar apresentado pelo falecimento do \u00abExcelent\u00edssimo Senhor Eduardo Gago Machado de Faria e Maia\u00bb J\u00e1 da acta da reuni\u00e3o de C\u00e2mara de 22 de Agosto de 1944, deliberou-se homenagear o Poeta lagoense Manuel Augusto de Amaral, mandando-se \u00abedificar uma l\u00e1pide comemorativa da data do nascimento do Poeta na casa em que ele nasceu\u00bb. Emitia tamb\u00e9m o parecer que de fosse dado o nome do Poeta \u00e0 \u00abRua onde essa casa se encontra\u00bb.<\/p>\n<p style=\"text-align: right;\"><span style=\"color: #0000ff;\"><a style=\"color: #0000ff;\" href=\"https:\/\/diariodalagoa.pt\/en\/fontes-referencias-utilizadas-alberto-carlos-paula-de-oliveira\/\">Fontes\/Refer\u00eancias utilizadas<\/a><\/span><\/p>","protected":false},"excerpt":{"rendered":"<p>Alberto Carlos Paula de Oliveira nasceu 23 de Abril de 1908, em Lagos, no Algarve. Licenciado em Direito, foi funcion\u00e1rio p\u00fablico e, a t\u00edtulo pessoal, tamb\u00e9m, Advogado. Foi professor Liceal e Comandante Distrital da Pol\u00edcia de Ponta Delgada. A n\u00edvel pol\u00edtico, foi Delegado Provincial da Mocidade Portuguesa, Presidente da C\u00e2mara Municipal de Lagoa &#8211; A\u00e7ores [&hellip;]<\/p>","protected":false},"author":2,"featured_media":109773,"comment_status":"open","ping_status":"closed","sticky":false,"template":"","format":"standard","meta":[],"categories":[11],"tags":[],"acf":[],"yoast_head":"<!-- This site is optimized with the Yoast SEO plugin v20.10 - https:\/\/yoast.com\/wordpress\/plugins\/seo\/ -->\n<title>Presid\u00eancias: Alberto Carlos Paula de Oliveira \u2013 1943-1945 - Di\u00e1rio da Lagoa<\/title>\n<meta name=\"robots\" content=\"index, follow, max-snippet:-1, max-image-preview:large, max-video-preview:-1\" \/>\n<link rel=\"canonical\" href=\"https:\/\/diariodalagoa.pt\/en\/presidencias-alberto-carlos-paula-de-oliveira-1943-1945\/\" \/>\n<meta property=\"og:locale\" content=\"en_US\" \/>\n<meta property=\"og:type\" content=\"article\" \/>\n<meta property=\"og:title\" content=\"Presid\u00eancias: Alberto Carlos Paula de Oliveira \u2013 1943-1945 - Di\u00e1rio da Lagoa\" \/>\n<meta property=\"og:description\" content=\"Alberto Carlos Paula de Oliveira nasceu 23 de Abril de 1908, em Lagos, no Algarve. Licenciado em Direito, foi funcion\u00e1rio p\u00fablico e, a t\u00edtulo pessoal, tamb\u00e9m, Advogado. Foi professor Liceal e Comandante Distrital da Pol\u00edcia de Ponta Delgada. A n\u00edvel pol\u00edtico, foi Delegado Provincial da Mocidade Portuguesa, Presidente da C\u00e2mara Municipal de Lagoa &#8211; A\u00e7ores [&hellip;]\" \/>\n<meta property=\"og:url\" content=\"https:\/\/diariodalagoa.pt\/en\/presidencias-alberto-carlos-paula-de-oliveira-1943-1945\/\" \/>\n<meta property=\"og:site_name\" content=\"Di\u00e1rio da Lagoa\" \/>\n<meta property=\"article:published_time\" content=\"2023-06-24T15:16:52+00:00\" \/>\n<meta property=\"article:modified_time\" content=\"2025-09-28T00:35:21+00:00\" \/>\n<meta property=\"og:image\" content=\"https:\/\/diariodalagoa.pt\/wp-content\/uploads\/2023\/06\/albertocarlospauladeoliveira.jpg\" \/>\n\t<meta property=\"og:image:width\" content=\"750\" \/>\n\t<meta property=\"og:image:height\" content=\"600\" \/>\n\t<meta property=\"og:image:type\" content=\"image\/jpeg\" \/>\n<meta name=\"author\" content=\"Di\u00e1rio da Lagoa\" \/>\n<meta name=\"twitter:card\" content=\"summary_large_image\" \/>\n<meta name=\"twitter:label1\" content=\"Written by\" \/>\n\t<meta name=\"twitter:data1\" content=\"Di\u00e1rio da Lagoa\" \/>\n\t<meta name=\"twitter:label2\" content=\"Est. reading time\" \/>\n\t<meta name=\"twitter:data2\" content=\"9 minutes\" \/>\n<script type=\"application\/ld+json\" class=\"yoast-schema-graph\">{\"@context\":\"https:\/\/schema.org\",\"@graph\":[{\"@type\":\"WebPage\",\"@id\":\"https:\/\/diariodalagoa.pt\/presidencias-alberto-carlos-paula-de-oliveira-1943-1945\/\",\"url\":\"https:\/\/diariodalagoa.pt\/presidencias-alberto-carlos-paula-de-oliveira-1943-1945\/\",\"name\":\"Presid\u00eancias: Alberto Carlos Paula de Oliveira \u2013 1943-1945 - Di\u00e1rio da Lagoa\",\"isPartOf\":{\"@id\":\"https:\/\/diariodalagoa.pt\/#website\"},\"datePublished\":\"2023-06-24T15:16:52+00:00\",\"dateModified\":\"2025-09-28T00:35:21+00:00\",\"author\":{\"@id\":\"https:\/\/diariodalagoa.pt\/#\/schema\/person\/1615a002370e8857b6f972834bc43ece\"},\"breadcrumb\":{\"@id\":\"https:\/\/diariodalagoa.pt\/presidencias-alberto-carlos-paula-de-oliveira-1943-1945\/#breadcrumb\"},\"inLanguage\":\"en-US\",\"potentialAction\":[{\"@type\":\"ReadAction\",\"target\":[\"https:\/\/diariodalagoa.pt\/presidencias-alberto-carlos-paula-de-oliveira-1943-1945\/\"]}]},{\"@type\":\"BreadcrumbList\",\"@id\":\"https:\/\/diariodalagoa.pt\/presidencias-alberto-carlos-paula-de-oliveira-1943-1945\/#breadcrumb\",\"itemListElement\":[{\"@type\":\"ListItem\",\"position\":1,\"name\":\"In\u00edcio\",\"item\":\"https:\/\/diariodalagoa.pt\/\"},{\"@type\":\"ListItem\",\"position\":2,\"name\":\"Presid\u00eancias: Alberto Carlos Paula de Oliveira \u2013 1943-1945\"}]},{\"@type\":\"WebSite\",\"@id\":\"https:\/\/diariodalagoa.pt\/#website\",\"url\":\"https:\/\/diariodalagoa.pt\/\",\"name\":\"Di\u00e1rio da Lagoa\",\"description\":\"Di\u00e1rio da Lagoa. As not\u00edcias que contam. A partir da Lagoa, nos A\u00e7ores, para o mundo.\",\"potentialAction\":[{\"@type\":\"SearchAction\",\"target\":{\"@type\":\"EntryPoint\",\"urlTemplate\":\"https:\/\/diariodalagoa.pt\/?s={search_term_string}\"},\"query-input\":\"required name=search_term_string\"}],\"inLanguage\":\"en-US\"},{\"@type\":\"Person\",\"@id\":\"https:\/\/diariodalagoa.pt\/#\/schema\/person\/1615a002370e8857b6f972834bc43ece\",\"name\":\"Di\u00e1rio da Lagoa\",\"image\":{\"@type\":\"ImageObject\",\"inLanguage\":\"en-US\",\"@id\":\"https:\/\/diariodalagoa.pt\/#\/schema\/person\/image\/\",\"url\":\"https:\/\/secure.gravatar.com\/avatar\/2cb5cef90a26f8fbd4d9d930608102c5?s=96&d=mm&r=g\",\"contentUrl\":\"https:\/\/secure.gravatar.com\/avatar\/2cb5cef90a26f8fbd4d9d930608102c5?s=96&d=mm&r=g\",\"caption\":\"Di\u00e1rio da Lagoa\"},\"url\":\"https:\/\/diariodalagoa.pt\/en\/author\/diariodalagoa\/\"}]}<\/script>\n<!-- \/ Yoast SEO plugin. -->","yoast_head_json":{"title":"Presid\u00eancias: Alberto Carlos Paula de Oliveira \u2013 1943-1945 - Di\u00e1rio da Lagoa","robots":{"index":"index","follow":"follow","max-snippet":"max-snippet:-1","max-image-preview":"max-image-preview:large","max-video-preview":"max-video-preview:-1"},"canonical":"https:\/\/diariodalagoa.pt\/en\/presidencias-alberto-carlos-paula-de-oliveira-1943-1945\/","og_locale":"en_US","og_type":"article","og_title":"Presid\u00eancias: Alberto Carlos Paula de Oliveira \u2013 1943-1945 - Di\u00e1rio da Lagoa","og_description":"Alberto Carlos Paula de Oliveira nasceu 23 de Abril de 1908, em Lagos, no Algarve. Licenciado em Direito, foi funcion\u00e1rio p\u00fablico e, a t\u00edtulo pessoal, tamb\u00e9m, Advogado. Foi professor Liceal e Comandante Distrital da Pol\u00edcia de Ponta Delgada. A n\u00edvel pol\u00edtico, foi Delegado Provincial da Mocidade Portuguesa, Presidente da C\u00e2mara Municipal de Lagoa &#8211; A\u00e7ores [&hellip;]","og_url":"https:\/\/diariodalagoa.pt\/en\/presidencias-alberto-carlos-paula-de-oliveira-1943-1945\/","og_site_name":"Di\u00e1rio da Lagoa","article_published_time":"2023-06-24T15:16:52+00:00","article_modified_time":"2025-09-28T00:35:21+00:00","og_image":[{"width":750,"height":600,"url":"https:\/\/diariodalagoa.pt\/wp-content\/uploads\/2023\/06\/albertocarlospauladeoliveira.jpg","type":"image\/jpeg"}],"author":"Di\u00e1rio da Lagoa","twitter_card":"summary_large_image","twitter_misc":{"Written by":"Di\u00e1rio da Lagoa","Est. reading time":"9 minutes"},"schema":{"@context":"https:\/\/schema.org","@graph":[{"@type":"WebPage","@id":"https:\/\/diariodalagoa.pt\/presidencias-alberto-carlos-paula-de-oliveira-1943-1945\/","url":"https:\/\/diariodalagoa.pt\/presidencias-alberto-carlos-paula-de-oliveira-1943-1945\/","name":"Presid\u00eancias: Alberto Carlos Paula de Oliveira \u2013 1943-1945 - Di\u00e1rio da Lagoa","isPartOf":{"@id":"https:\/\/diariodalagoa.pt\/#website"},"datePublished":"2023-06-24T15:16:52+00:00","dateModified":"2025-09-28T00:35:21+00:00","author":{"@id":"https:\/\/diariodalagoa.pt\/#\/schema\/person\/1615a002370e8857b6f972834bc43ece"},"breadcrumb":{"@id":"https:\/\/diariodalagoa.pt\/presidencias-alberto-carlos-paula-de-oliveira-1943-1945\/#breadcrumb"},"inLanguage":"en-US","potentialAction":[{"@type":"ReadAction","target":["https:\/\/diariodalagoa.pt\/presidencias-alberto-carlos-paula-de-oliveira-1943-1945\/"]}]},{"@type":"BreadcrumbList","@id":"https:\/\/diariodalagoa.pt\/presidencias-alberto-carlos-paula-de-oliveira-1943-1945\/#breadcrumb","itemListElement":[{"@type":"ListItem","position":1,"name":"In\u00edcio","item":"https:\/\/diariodalagoa.pt\/"},{"@type":"ListItem","position":2,"name":"Presid\u00eancias: Alberto Carlos Paula de Oliveira \u2013 1943-1945"}]},{"@type":"WebSite","@id":"https:\/\/diariodalagoa.pt\/#website","url":"https:\/\/diariodalagoa.pt\/","name":"Di\u00e1rio da Lagoa","description":"Di\u00e1rio da Lagoa. As not\u00edcias que contam. A partir da Lagoa, nos A\u00e7ores, para o mundo.","potentialAction":[{"@type":"SearchAction","target":{"@type":"EntryPoint","urlTemplate":"https:\/\/diariodalagoa.pt\/?s={search_term_string}"},"query-input":"required name=search_term_string"}],"inLanguage":"en-US"},{"@type":"Person","@id":"https:\/\/diariodalagoa.pt\/#\/schema\/person\/1615a002370e8857b6f972834bc43ece","name":"Di\u00e1rio da Lagoa","image":{"@type":"ImageObject","inLanguage":"en-US","@id":"https:\/\/diariodalagoa.pt\/#\/schema\/person\/image\/","url":"https:\/\/secure.gravatar.com\/avatar\/2cb5cef90a26f8fbd4d9d930608102c5?s=96&d=mm&r=g","contentUrl":"https:\/\/secure.gravatar.com\/avatar\/2cb5cef90a26f8fbd4d9d930608102c5?s=96&d=mm&r=g","caption":"Di\u00e1rio da Lagoa"},"url":"https:\/\/diariodalagoa.pt\/en\/author\/diariodalagoa\/"}]}},"_links":{"self":[{"href":"https:\/\/diariodalagoa.pt\/en\/wp-json\/wp\/v2\/posts\/109771"}],"collection":[{"href":"https:\/\/diariodalagoa.pt\/en\/wp-json\/wp\/v2\/posts"}],"about":[{"href":"https:\/\/diariodalagoa.pt\/en\/wp-json\/wp\/v2\/types\/post"}],"author":[{"embeddable":true,"href":"https:\/\/diariodalagoa.pt\/en\/wp-json\/wp\/v2\/users\/2"}],"replies":[{"embeddable":true,"href":"https:\/\/diariodalagoa.pt\/en\/wp-json\/wp\/v2\/comments?post=109771"}],"version-history":[{"count":9,"href":"https:\/\/diariodalagoa.pt\/en\/wp-json\/wp\/v2\/posts\/109771\/revisions"}],"predecessor-version":[{"id":130561,"href":"https:\/\/diariodalagoa.pt\/en\/wp-json\/wp\/v2\/posts\/109771\/revisions\/130561"}],"wp:featuredmedia":[{"embeddable":true,"href":"https:\/\/diariodalagoa.pt\/en\/wp-json\/wp\/v2\/media\/109773"}],"wp:attachment":[{"href":"https:\/\/diariodalagoa.pt\/en\/wp-json\/wp\/v2\/media?parent=109771"}],"wp:term":[{"taxonomy":"category","embeddable":true,"href":"https:\/\/diariodalagoa.pt\/en\/wp-json\/wp\/v2\/categories?post=109771"},{"taxonomy":"post_tag","embeddable":true,"href":"https:\/\/diariodalagoa.pt\/en\/wp-json\/wp\/v2\/tags?post=109771"}],"curies":[{"name":"wp","href":"https:\/\/api.w.org\/{rel}","templated":true}]}}