{"id":10942,"date":"2014-11-07T16:34:31","date_gmt":"2014-11-07T17:34:31","guid":{"rendered":"http:\/\/diariodalagoa.pt\/?p=10942"},"modified":"2014-11-07T16:34:31","modified_gmt":"2014-11-07T17:34:31","slug":"educacao-e-cultura","status":"publish","type":"post","link":"https:\/\/diariodalagoa.pt\/en\/educacao-e-cultura\/","title":{"rendered":"Educa\u00e7\u00e3o e Cultura"},"content":{"rendered":"<p style=\"text-align: justify;\"><img decoding=\"async\" class=\"alignnone size-full wp-image-11018\" src=\"http:\/\/diariodalagoa.pt\/wp-content\/uploads\/2014\/11\/Teresa-Viveiros-educa\u00e7\u00e3o-cultura-cronicas.jpg\" alt=\"Teresa-Viveiros-educa\u00e7\u00e3o-cultura-cronicas\" width=\"720\" height=\"380\" \/><\/p>\n<p style=\"text-align: justify;\"><span style=\"color: #000000;\">Quando se encontrava a visitar o campo de concentra\u00e7\u00e3o Bergen Belsen, na Alemanha, Lu\u00eds Sep\u00falveda, encontra gravado numa pedra a seguinte inscri\u00e7\u00e3o: \u201ceu estive aqui e ningu\u00e9m contar\u00e1 a minha hist\u00f3ria\u201d. A obra <em>As Rosas de Atacama<\/em>, escrita pelo punho do autor, surge ap\u00f3s este momento, e fruto de uma \u00e2nsia para escrever sobre os que caem no olvido, sobre aqueles cuja biografia n\u00e3o \u00e9 narrada.<\/span><\/p>\n<p style=\"text-align: justify;\"><span style=\"color: #000000;\">Fazemo-nos, tamb\u00e9m, das nossas leituras. Pelo que, ante o desafio de iniciar uma cr\u00f3nica mensal no <em>Di\u00e1rio da Lagoa<\/em> e inspirada pelo autor chileno, opto por escrever sobre hist\u00f3rias simples, de gentes desta terra que t\u00eam como premissa tornar este peda\u00e7o de pedra num local melhor. N\u00e3o, sem antes, ressalvar que se tratam de singelos apontamentos e de, ancorando-me nas palavras de Florbela Espanca, referir ser dif\u00edcil sondar as hist\u00f3rias das vidas simples.<\/span><\/p>\n<p style=\"text-align: justify;\"><span style=\"color: #000000;\">Lembrar de vidas assim, \u00e9 trazer \u00e0 mem\u00f3ria a imagem da Encarna\u00e7\u00e3o, mulher de baixa estatura e com setenta e quatro anos de vida. Vi-a h\u00e1 exactamente um ano atr\u00e1s, numa tarde de Outono nas Sete Cidades. Cal\u00e7ava botas de cano e estava apetrechada com um carro de cantoneiro. De forma ininterrupta, durante quatro longas horas esteve a apanhar erva para as cabras. A pausa para o descanso n\u00e3o a fazia, dizia que tinha vindo a esta vida para trabalhar, para tratar do sustento dos seus. Ou do senhor que conheci na Bretanha que, nos seus momentos de ociosidade, faz moinhos de cana. Acabada a obra, coloca-os num miradouro, com o \u00fanico intuito de trazer a m\u00fasica do vento aos transeuntes e de coloc\u00e1-los \u00e0 sua merc\u00ea, podendo lev\u00e1-los consigo, sem necessidade de pedirem licen\u00e7as.<\/span><\/p>\n<p style=\"text-align: justify;\"><span style=\"color: #000000;\">As mem\u00f3rias afetivas levam-me at\u00e9 \u00e0 Maria Mariana, mulher velhinha, de olhos sacarinos e com uma gargalhada maior do que o mundo. Durante alguns anos, morou perto de uma casa mortu\u00e1ria. Contam-me que sempre que o local se abria para receber quem se ausentava sem regresso, deslocava-se at\u00e9 l\u00e1 para levar o que comer e beber, numa tentativa de ajudar a confortar a noite de dor dos familiares que l\u00e1 estavam.<\/span><\/p>\n<p style=\"text-align: justify;\"><span style=\"color: #000000;\">Falar de pessoas simples, evoca-me uma conversa com a Ana. Quando questionada por outro algu\u00e9m sobre quem era o seu av\u00f4, respondeu com palavras de infinita do\u00e7ura: \u201cO meu av\u00f4 n\u00e3o \u00e9 ningu\u00e9m, \u00e9 s\u00f3 o meu av\u00f4\u201d. O av\u00f4 levava-a ao teatro e partilhava gostos musicais com a neta. Hoje a Ana \u00e9 etnomusic\u00f3loga.<\/span><\/p>\n<p style=\"text-align: justify;\"><span style=\"color: #000000;\">Recordo-me de pessoas de bem e com garra. Do padre Flores, homem simples e grande. Para al\u00e9m de cuidar da parte espiritual da comunidade, teve um importante papel social e educativo. Gra\u00e7as a um relevante trabalho de recolha, criou o n\u00facleo museol\u00f3gico da Ribeira Ch\u00e3. Do professor e inspirador Jos\u00e9 Melo, um homem de sonhos palp\u00e1veis, de grande saber. Construiu, com uma for\u00e7a de vontade excelsa, a Oficina-Museu das Capelas. Ambos deixaram-nos um legado cultural singular.<\/span><\/p>\n<p style=\"text-align: justify;\"><span style=\"color: #000000;\">Da Anita que apesar de a vida lhe ter reservado bonan\u00e7as, \u00e9 aos marginalizados que se tem dedicado.<\/span><\/p>\n<p style=\"text-align: justify;\"><span style=\"color: #000000;\">Vem-me \u00e0 mem\u00f3ria Leonardo Sousa que, movido pela cren\u00e7a de que n\u00e3o s\u00f3 a arte importa, como importa que seja democr\u00e1tica, tem realizado um trabalho de educa\u00e7\u00e3o pela arte com jovens de v\u00e1rios estratos sociais. O corpo docente da Escola B\u00e1sica Integrada Tavares Can\u00e1rio que abra\u00e7a diariamente a pedagogia, desenvolvendo um trabalho impar na \u00e1rea das express\u00f5es art\u00edsticas e do envolvimento parental.<\/span><\/p>\n<p style=\"text-align: justify;\"><span style=\"color: #000000;\">Recordo-me do grupo de volunt\u00e1rios que, semanalmente, sa\u00ed do calor do lar para aconchegar o est\u00f4mago dos sem-abrigo. Da Mariana que, no auge da sua mocidade, faz voluntariado em lares de terceira idade. De tr\u00eas crian\u00e7as que, por altura do Natal, fazem objetos para vender, adquirindo alimentos com o dinheiro angariado para uma fam\u00edlia carenciada. Estas crian\u00e7as t\u00eam 10 anos.<\/span><\/p>\n<p style=\"text-align: justify;\"><span style=\"color: #000000;\">Muitas vezes, n\u00e3o reza desta gente a hist\u00f3ria. Almeida Garret disse, a outros prop\u00f3sitos, que \u201cesta terra \u00e9 pequena, e a gente que nela vive tamb\u00e9m n\u00e3o \u00e9 muito grande\u201d. Esta ilha, de facto, \u00e9 pequena, s\u00e3o apenas 747 km2. Mas, pessoas assim tornam-na maior.\u00a0<\/span><\/p>\n<p style=\"text-align: justify;\"><span style=\"color: #000000;\"><em>Teresa Viveiros<\/em><\/span><\/p>","protected":false},"excerpt":{"rendered":"<p>Quando se encontrava a visitar o campo de concentra\u00e7\u00e3o Bergen Belsen, na Alemanha, Lu\u00eds Sep\u00falveda, encontra gravado numa pedra a seguinte inscri\u00e7\u00e3o: \u201ceu estive aqui e ningu\u00e9m contar\u00e1 a minha hist\u00f3ria\u201d. A obra As Rosas de Atacama, escrita pelo punho do autor, surge ap\u00f3s este momento, e fruto de uma \u00e2nsia para escrever sobre os [&hellip;]<\/p>","protected":false},"author":2,"featured_media":0,"comment_status":"open","ping_status":"open","sticky":false,"template":"","format":"standard","meta":[],"categories":[11],"tags":[],"acf":[],"yoast_head":"<!-- This site is optimized with the Yoast SEO plugin v20.10 - https:\/\/yoast.com\/wordpress\/plugins\/seo\/ -->\n<title>Educa\u00e7\u00e3o e Cultura - Di\u00e1rio da Lagoa<\/title>\n<meta name=\"robots\" content=\"index, follow, max-snippet:-1, max-image-preview:large, max-video-preview:-1\" \/>\n<link rel=\"canonical\" href=\"https:\/\/diariodalagoa.pt\/en\/educacao-e-cultura\/\" \/>\n<meta property=\"og:locale\" content=\"en_US\" \/>\n<meta property=\"og:type\" content=\"article\" \/>\n<meta property=\"og:title\" content=\"Educa\u00e7\u00e3o e Cultura - Di\u00e1rio da Lagoa\" \/>\n<meta property=\"og:description\" content=\"Quando se encontrava a visitar o campo de concentra\u00e7\u00e3o Bergen Belsen, na Alemanha, Lu\u00eds Sep\u00falveda, encontra gravado numa pedra a seguinte inscri\u00e7\u00e3o: \u201ceu estive aqui e ningu\u00e9m contar\u00e1 a minha hist\u00f3ria\u201d. A obra As Rosas de Atacama, escrita pelo punho do autor, surge ap\u00f3s este momento, e fruto de uma \u00e2nsia para escrever sobre os [&hellip;]\" \/>\n<meta property=\"og:url\" content=\"https:\/\/diariodalagoa.pt\/en\/educacao-e-cultura\/\" \/>\n<meta property=\"og:site_name\" content=\"Di\u00e1rio da Lagoa\" \/>\n<meta property=\"article:published_time\" content=\"2014-11-07T17:34:31+00:00\" \/>\n<meta name=\"author\" content=\"Di\u00e1rio da Lagoa\" \/>\n<meta name=\"twitter:card\" content=\"summary_large_image\" \/>\n<meta name=\"twitter:label1\" content=\"Written by\" \/>\n\t<meta name=\"twitter:data1\" content=\"Di\u00e1rio da Lagoa\" \/>\n\t<meta name=\"twitter:label2\" content=\"Est. reading time\" \/>\n\t<meta name=\"twitter:data2\" content=\"4 minutes\" \/>\n<script type=\"application\/ld+json\" class=\"yoast-schema-graph\">{\"@context\":\"https:\/\/schema.org\",\"@graph\":[{\"@type\":\"WebPage\",\"@id\":\"https:\/\/diariodalagoa.pt\/educacao-e-cultura\/\",\"url\":\"https:\/\/diariodalagoa.pt\/educacao-e-cultura\/\",\"name\":\"Educa\u00e7\u00e3o e Cultura - Di\u00e1rio da Lagoa\",\"isPartOf\":{\"@id\":\"https:\/\/diariodalagoa.pt\/#website\"},\"datePublished\":\"2014-11-07T17:34:31+00:00\",\"dateModified\":\"2014-11-07T17:34:31+00:00\",\"author\":{\"@id\":\"https:\/\/diariodalagoa.pt\/#\/schema\/person\/1615a002370e8857b6f972834bc43ece\"},\"breadcrumb\":{\"@id\":\"https:\/\/diariodalagoa.pt\/educacao-e-cultura\/#breadcrumb\"},\"inLanguage\":\"en-US\",\"potentialAction\":[{\"@type\":\"ReadAction\",\"target\":[\"https:\/\/diariodalagoa.pt\/educacao-e-cultura\/\"]}]},{\"@type\":\"BreadcrumbList\",\"@id\":\"https:\/\/diariodalagoa.pt\/educacao-e-cultura\/#breadcrumb\",\"itemListElement\":[{\"@type\":\"ListItem\",\"position\":1,\"name\":\"In\u00edcio\",\"item\":\"https:\/\/diariodalagoa.pt\/\"},{\"@type\":\"ListItem\",\"position\":2,\"name\":\"Educa\u00e7\u00e3o e Cultura\"}]},{\"@type\":\"WebSite\",\"@id\":\"https:\/\/diariodalagoa.pt\/#website\",\"url\":\"https:\/\/diariodalagoa.pt\/\",\"name\":\"Di\u00e1rio da Lagoa\",\"description\":\"Di\u00e1rio da Lagoa. As not\u00edcias que contam. A partir da Lagoa, nos A\u00e7ores, para o mundo.\",\"potentialAction\":[{\"@type\":\"SearchAction\",\"target\":{\"@type\":\"EntryPoint\",\"urlTemplate\":\"https:\/\/diariodalagoa.pt\/?s={search_term_string}\"},\"query-input\":\"required name=search_term_string\"}],\"inLanguage\":\"en-US\"},{\"@type\":\"Person\",\"@id\":\"https:\/\/diariodalagoa.pt\/#\/schema\/person\/1615a002370e8857b6f972834bc43ece\",\"name\":\"Di\u00e1rio da Lagoa\",\"image\":{\"@type\":\"ImageObject\",\"inLanguage\":\"en-US\",\"@id\":\"https:\/\/diariodalagoa.pt\/#\/schema\/person\/image\/\",\"url\":\"https:\/\/secure.gravatar.com\/avatar\/2cb5cef90a26f8fbd4d9d930608102c5?s=96&d=mm&r=g\",\"contentUrl\":\"https:\/\/secure.gravatar.com\/avatar\/2cb5cef90a26f8fbd4d9d930608102c5?s=96&d=mm&r=g\",\"caption\":\"Di\u00e1rio da Lagoa\"},\"url\":\"https:\/\/diariodalagoa.pt\/en\/author\/diariodalagoa\/\"}]}<\/script>\n<!-- \/ Yoast SEO plugin. -->","yoast_head_json":{"title":"Educa\u00e7\u00e3o e Cultura - Di\u00e1rio da Lagoa","robots":{"index":"index","follow":"follow","max-snippet":"max-snippet:-1","max-image-preview":"max-image-preview:large","max-video-preview":"max-video-preview:-1"},"canonical":"https:\/\/diariodalagoa.pt\/en\/educacao-e-cultura\/","og_locale":"en_US","og_type":"article","og_title":"Educa\u00e7\u00e3o e Cultura - Di\u00e1rio da Lagoa","og_description":"Quando se encontrava a visitar o campo de concentra\u00e7\u00e3o Bergen Belsen, na Alemanha, Lu\u00eds Sep\u00falveda, encontra gravado numa pedra a seguinte inscri\u00e7\u00e3o: \u201ceu estive aqui e ningu\u00e9m contar\u00e1 a minha hist\u00f3ria\u201d. A obra As Rosas de Atacama, escrita pelo punho do autor, surge ap\u00f3s este momento, e fruto de uma \u00e2nsia para escrever sobre os [&hellip;]","og_url":"https:\/\/diariodalagoa.pt\/en\/educacao-e-cultura\/","og_site_name":"Di\u00e1rio da Lagoa","article_published_time":"2014-11-07T17:34:31+00:00","author":"Di\u00e1rio da Lagoa","twitter_card":"summary_large_image","twitter_misc":{"Written by":"Di\u00e1rio da Lagoa","Est. reading time":"4 minutes"},"schema":{"@context":"https:\/\/schema.org","@graph":[{"@type":"WebPage","@id":"https:\/\/diariodalagoa.pt\/educacao-e-cultura\/","url":"https:\/\/diariodalagoa.pt\/educacao-e-cultura\/","name":"Educa\u00e7\u00e3o e Cultura - Di\u00e1rio da Lagoa","isPartOf":{"@id":"https:\/\/diariodalagoa.pt\/#website"},"datePublished":"2014-11-07T17:34:31+00:00","dateModified":"2014-11-07T17:34:31+00:00","author":{"@id":"https:\/\/diariodalagoa.pt\/#\/schema\/person\/1615a002370e8857b6f972834bc43ece"},"breadcrumb":{"@id":"https:\/\/diariodalagoa.pt\/educacao-e-cultura\/#breadcrumb"},"inLanguage":"en-US","potentialAction":[{"@type":"ReadAction","target":["https:\/\/diariodalagoa.pt\/educacao-e-cultura\/"]}]},{"@type":"BreadcrumbList","@id":"https:\/\/diariodalagoa.pt\/educacao-e-cultura\/#breadcrumb","itemListElement":[{"@type":"ListItem","position":1,"name":"In\u00edcio","item":"https:\/\/diariodalagoa.pt\/"},{"@type":"ListItem","position":2,"name":"Educa\u00e7\u00e3o e Cultura"}]},{"@type":"WebSite","@id":"https:\/\/diariodalagoa.pt\/#website","url":"https:\/\/diariodalagoa.pt\/","name":"Di\u00e1rio da Lagoa","description":"Di\u00e1rio da Lagoa. As not\u00edcias que contam. A partir da Lagoa, nos A\u00e7ores, para o mundo.","potentialAction":[{"@type":"SearchAction","target":{"@type":"EntryPoint","urlTemplate":"https:\/\/diariodalagoa.pt\/?s={search_term_string}"},"query-input":"required name=search_term_string"}],"inLanguage":"en-US"},{"@type":"Person","@id":"https:\/\/diariodalagoa.pt\/#\/schema\/person\/1615a002370e8857b6f972834bc43ece","name":"Di\u00e1rio da Lagoa","image":{"@type":"ImageObject","inLanguage":"en-US","@id":"https:\/\/diariodalagoa.pt\/#\/schema\/person\/image\/","url":"https:\/\/secure.gravatar.com\/avatar\/2cb5cef90a26f8fbd4d9d930608102c5?s=96&d=mm&r=g","contentUrl":"https:\/\/secure.gravatar.com\/avatar\/2cb5cef90a26f8fbd4d9d930608102c5?s=96&d=mm&r=g","caption":"Di\u00e1rio da Lagoa"},"url":"https:\/\/diariodalagoa.pt\/en\/author\/diariodalagoa\/"}]}},"_links":{"self":[{"href":"https:\/\/diariodalagoa.pt\/en\/wp-json\/wp\/v2\/posts\/10942"}],"collection":[{"href":"https:\/\/diariodalagoa.pt\/en\/wp-json\/wp\/v2\/posts"}],"about":[{"href":"https:\/\/diariodalagoa.pt\/en\/wp-json\/wp\/v2\/types\/post"}],"author":[{"embeddable":true,"href":"https:\/\/diariodalagoa.pt\/en\/wp-json\/wp\/v2\/users\/2"}],"replies":[{"embeddable":true,"href":"https:\/\/diariodalagoa.pt\/en\/wp-json\/wp\/v2\/comments?post=10942"}],"version-history":[{"count":0,"href":"https:\/\/diariodalagoa.pt\/en\/wp-json\/wp\/v2\/posts\/10942\/revisions"}],"wp:attachment":[{"href":"https:\/\/diariodalagoa.pt\/en\/wp-json\/wp\/v2\/media?parent=10942"}],"wp:term":[{"taxonomy":"category","embeddable":true,"href":"https:\/\/diariodalagoa.pt\/en\/wp-json\/wp\/v2\/categories?post=10942"},{"taxonomy":"post_tag","embeddable":true,"href":"https:\/\/diariodalagoa.pt\/en\/wp-json\/wp\/v2\/tags?post=10942"}],"curies":[{"name":"wp","href":"https:\/\/api.w.org\/{rel}","templated":true}]}}