{"id":109048,"date":"2023-05-23T10:00:26","date_gmt":"2023-05-23T10:00:26","guid":{"rendered":"https:\/\/diariodalagoa.pt\/?p=109048"},"modified":"2025-06-27T16:04:47","modified_gmt":"2025-06-27T16:04:47","slug":"alunos-da-lagoa-celebram-dia-da-marinha","status":"publish","type":"post","link":"https:\/\/diariodalagoa.pt\/en\/alunos-da-lagoa-celebram-dia-da-marinha\/","title":{"rendered":"Alunos da Lagoa celebram Dia da Marinha"},"content":{"rendered":"<figure class=\"wp-block-image size-full\"><img decoding=\"async\" src=\"https:\/\/diariodalagoa.pt\/wp-content\/uploads\/2023\/05\/visita-estudo-esc-sec-lagoa-dia-da-marinha.jpg\" alt=\"\" class=\"wp-image-109049\"\/><figcaption class=\"wp-element-caption\"><sup><mark style=\"background-color:rgba(0, 0, 0, 0)\" class=\"has-inline-color has-cyan-bluish-gray-color\">\u00a9\u00a0CM LAGOA<\/mark><\/sup><\/figcaption><\/figure>\n\n\n\n<p>Por ocasi\u00e3o das celebra\u00e7\u00f5es do Dia da Marinha, os alunos do 7.\u00ba e 8.\u00ba anos de escolaridade da escola secund\u00e1ria da Lagoa realizaram uma visita de estudo a servi\u00e7os e equipamentos diversos relacionados com a efem\u00e9ride.<\/p>\n\n\n\n<p>Foram mais de trezentos os alunos que passaram uma manh\u00e3 a conhecer o&nbsp;Centro de Coordena\u00e7\u00e3o de Busca e Salvamento Mar\u00edtimo, a Pol\u00edcia Mar\u00edtima, Esta\u00e7\u00e3o Salva-Vidas e os equipamentos de combate \u00e0 polui\u00e7\u00e3o mar\u00edtima e meios de salvamento do Instituto de Socorros a N\u00e1ufragos (ISN).<\/p>\n\n\n\n<p>Houve, ainda, oportunidade para embarcarem na corveta NRP Ant\u00f3nio Enes e no salva-vidas do Instituto Socorros a N\u00e1ufragos.<\/p>\n\n\n\n<p>A a\u00e7\u00e3o decorreu do projeto N\u00e1utica\/0, promovido pela c\u00e2mara municipal da Lagoa, contribuindo para a miss\u00e3o de sensibilizar os mais jovens para o mar. Desta forma, os jovens ficaram a conhecer as compet\u00eancias e val\u00eancias da Marinha e Autoridade Mar\u00edtima. <\/p>\n\n\n\n<p>A acompanhar a visita esteve a presidente da autarquia, Cristina Calisto, que agradeceu \u00e0 Marinha e Autoridade Mar\u00edtima \u201cpor todo o empenho na coopera\u00e7\u00e3o com o projeto N\u00e1utica\/0\u201d, lembrando a \u201cinclus\u00e3o oficial daquelas entidades no protocolo do projeto que procura refor\u00e7ar a rede de parceiros deste programa municipal\u201d, disse.<\/p>","protected":false},"excerpt":{"rendered":"<p>Por ocasi\u00e3o das celebra\u00e7\u00f5es do Dia da Marinha, os alunos do 7.\u00ba e 8.\u00ba anos de escolaridade da escola secund\u00e1ria da Lagoa realizaram uma visita de estudo a servi\u00e7os e equipamentos diversos relacionados com a efem\u00e9ride. Foram mais de trezentos os alunos que passaram uma manh\u00e3 a conhecer o&nbsp;Centro de Coordena\u00e7\u00e3o de Busca e Salvamento [&hellip;]<\/p>","protected":false},"author":2,"featured_media":110343,"comment_status":"open","ping_status":"closed","sticky":false,"template":"","format":"standard","meta":[],"categories":[21],"tags":[],"acf":[],"yoast_head":"<!-- This site is optimized with the Yoast SEO plugin v20.10 - https:\/\/yoast.com\/wordpress\/plugins\/seo\/ -->\n<title>Alunos da Lagoa celebram Dia da Marinha - Di\u00e1rio da Lagoa<\/title>\n<meta name=\"description\" content=\"Jovens do concelho tiveram oportunidade de passar uma manh\u00e3 a conhecer servi\u00e7os e equipamentos relacionados com a efem\u00e9ride.\" \/>\n<meta name=\"robots\" content=\"index, follow, max-snippet:-1, max-image-preview:large, max-video-preview:-1\" \/>\n<link rel=\"canonical\" href=\"https:\/\/diariodalagoa.pt\/en\/alunos-da-lagoa-celebram-dia-da-marinha\/\" \/>\n<meta property=\"og:locale\" content=\"en_US\" \/>\n<meta property=\"og:type\" content=\"article\" \/>\n<meta property=\"og:title\" content=\"Alunos da Lagoa celebram Dia da Marinha - Di\u00e1rio da Lagoa\" \/>\n<meta property=\"og:description\" content=\"Jovens do concelho tiveram oportunidade de passar uma manh\u00e3 a conhecer servi\u00e7os e equipamentos relacionados com a efem\u00e9ride.\" \/>\n<meta property=\"og:url\" content=\"https:\/\/diariodalagoa.pt\/en\/alunos-da-lagoa-celebram-dia-da-marinha\/\" \/>\n<meta property=\"og:site_name\" content=\"Di\u00e1rio da Lagoa\" \/>\n<meta property=\"article:published_time\" content=\"2023-05-23T10:00:26+00:00\" \/>\n<meta property=\"article:modified_time\" content=\"2025-06-27T16:04:47+00:00\" \/>\n<meta property=\"og:image\" content=\"https:\/\/diariodalagoa.pt\/wp-content\/uploads\/2023\/05\/visita-estudo-esc-sec-lagoa-dia-da-marinha.jpg\" \/>\n\t<meta property=\"og:image:width\" content=\"960\" \/>\n\t<meta property=\"og:image:height\" content=\"640\" \/>\n\t<meta property=\"og:image:type\" content=\"image\/jpeg\" \/>\n<meta name=\"author\" content=\"Di\u00e1rio da Lagoa\" \/>\n<meta name=\"twitter:card\" content=\"summary_large_image\" \/>\n<meta name=\"twitter:label1\" content=\"Written by\" \/>\n\t<meta name=\"twitter:data1\" content=\"Di\u00e1rio da Lagoa\" \/>\n\t<meta name=\"twitter:label2\" content=\"Est. reading time\" \/>\n\t<meta name=\"twitter:data2\" content=\"2 minutes\" \/>\n<script type=\"application\/ld+json\" class=\"yoast-schema-graph\">{\"@context\":\"https:\/\/schema.org\",\"@graph\":[{\"@type\":\"WebPage\",\"@id\":\"https:\/\/diariodalagoa.pt\/alunos-da-lagoa-celebram-dia-da-marinha\/\",\"url\":\"https:\/\/diariodalagoa.pt\/alunos-da-lagoa-celebram-dia-da-marinha\/\",\"name\":\"Alunos da Lagoa celebram Dia da Marinha - Di\u00e1rio da Lagoa\",\"isPartOf\":{\"@id\":\"https:\/\/diariodalagoa.pt\/#website\"},\"datePublished\":\"2023-05-23T10:00:26+00:00\",\"dateModified\":\"2025-06-27T16:04:47+00:00\",\"author\":{\"@id\":\"https:\/\/diariodalagoa.pt\/#\/schema\/person\/1615a002370e8857b6f972834bc43ece\"},\"description\":\"Jovens do concelho tiveram oportunidade de passar uma manh\u00e3 a conhecer servi\u00e7os e equipamentos relacionados com a efem\u00e9ride.\",\"breadcrumb\":{\"@id\":\"https:\/\/diariodalagoa.pt\/alunos-da-lagoa-celebram-dia-da-marinha\/#breadcrumb\"},\"inLanguage\":\"en-US\",\"potentialAction\":[{\"@type\":\"ReadAction\",\"target\":[\"https:\/\/diariodalagoa.pt\/alunos-da-lagoa-celebram-dia-da-marinha\/\"]}]},{\"@type\":\"BreadcrumbList\",\"@id\":\"https:\/\/diariodalagoa.pt\/alunos-da-lagoa-celebram-dia-da-marinha\/#breadcrumb\",\"itemListElement\":[{\"@type\":\"ListItem\",\"position\":1,\"name\":\"In\u00edcio\",\"item\":\"https:\/\/diariodalagoa.pt\/\"},{\"@type\":\"ListItem\",\"position\":2,\"name\":\"Alunos da Lagoa celebram Dia da Marinha\"}]},{\"@type\":\"WebSite\",\"@id\":\"https:\/\/diariodalagoa.pt\/#website\",\"url\":\"https:\/\/diariodalagoa.pt\/\",\"name\":\"Di\u00e1rio da Lagoa\",\"description\":\"Di\u00e1rio da Lagoa. As not\u00edcias que contam. A partir da Lagoa, nos A\u00e7ores, para o mundo.\",\"potentialAction\":[{\"@type\":\"SearchAction\",\"target\":{\"@type\":\"EntryPoint\",\"urlTemplate\":\"https:\/\/diariodalagoa.pt\/?s={search_term_string}\"},\"query-input\":\"required name=search_term_string\"}],\"inLanguage\":\"en-US\"},{\"@type\":\"Person\",\"@id\":\"https:\/\/diariodalagoa.pt\/#\/schema\/person\/1615a002370e8857b6f972834bc43ece\",\"name\":\"Di\u00e1rio da Lagoa\",\"image\":{\"@type\":\"ImageObject\",\"inLanguage\":\"en-US\",\"@id\":\"https:\/\/diariodalagoa.pt\/#\/schema\/person\/image\/\",\"url\":\"https:\/\/secure.gravatar.com\/avatar\/2cb5cef90a26f8fbd4d9d930608102c5?s=96&d=mm&r=g\",\"contentUrl\":\"https:\/\/secure.gravatar.com\/avatar\/2cb5cef90a26f8fbd4d9d930608102c5?s=96&d=mm&r=g\",\"caption\":\"Di\u00e1rio da Lagoa\"},\"url\":\"https:\/\/diariodalagoa.pt\/en\/author\/diariodalagoa\/\"}]}<\/script>\n<!-- \/ Yoast SEO plugin. -->","yoast_head_json":{"title":"Alunos da Lagoa celebram Dia da Marinha - Di\u00e1rio da Lagoa","description":"Jovens do concelho tiveram oportunidade de passar uma manh\u00e3 a conhecer servi\u00e7os e equipamentos relacionados com a efem\u00e9ride.","robots":{"index":"index","follow":"follow","max-snippet":"max-snippet:-1","max-image-preview":"max-image-preview:large","max-video-preview":"max-video-preview:-1"},"canonical":"https:\/\/diariodalagoa.pt\/en\/alunos-da-lagoa-celebram-dia-da-marinha\/","og_locale":"en_US","og_type":"article","og_title":"Alunos da Lagoa celebram Dia da Marinha - Di\u00e1rio da Lagoa","og_description":"Jovens do concelho tiveram oportunidade de passar uma manh\u00e3 a conhecer servi\u00e7os e equipamentos relacionados com a efem\u00e9ride.","og_url":"https:\/\/diariodalagoa.pt\/en\/alunos-da-lagoa-celebram-dia-da-marinha\/","og_site_name":"Di\u00e1rio da Lagoa","article_published_time":"2023-05-23T10:00:26+00:00","article_modified_time":"2025-06-27T16:04:47+00:00","og_image":[{"width":960,"height":640,"url":"https:\/\/diariodalagoa.pt\/wp-content\/uploads\/2023\/05\/visita-estudo-esc-sec-lagoa-dia-da-marinha.jpg","type":"image\/jpeg"}],"author":"Di\u00e1rio da Lagoa","twitter_card":"summary_large_image","twitter_misc":{"Written by":"Di\u00e1rio da Lagoa","Est. reading time":"2 minutes"},"schema":{"@context":"https:\/\/schema.org","@graph":[{"@type":"WebPage","@id":"https:\/\/diariodalagoa.pt\/alunos-da-lagoa-celebram-dia-da-marinha\/","url":"https:\/\/diariodalagoa.pt\/alunos-da-lagoa-celebram-dia-da-marinha\/","name":"Alunos da Lagoa celebram Dia da Marinha - Di\u00e1rio da Lagoa","isPartOf":{"@id":"https:\/\/diariodalagoa.pt\/#website"},"datePublished":"2023-05-23T10:00:26+00:00","dateModified":"2025-06-27T16:04:47+00:00","author":{"@id":"https:\/\/diariodalagoa.pt\/#\/schema\/person\/1615a002370e8857b6f972834bc43ece"},"description":"Jovens do concelho tiveram oportunidade de passar uma manh\u00e3 a conhecer servi\u00e7os e equipamentos relacionados com a efem\u00e9ride.","breadcrumb":{"@id":"https:\/\/diariodalagoa.pt\/alunos-da-lagoa-celebram-dia-da-marinha\/#breadcrumb"},"inLanguage":"en-US","potentialAction":[{"@type":"ReadAction","target":["https:\/\/diariodalagoa.pt\/alunos-da-lagoa-celebram-dia-da-marinha\/"]}]},{"@type":"BreadcrumbList","@id":"https:\/\/diariodalagoa.pt\/alunos-da-lagoa-celebram-dia-da-marinha\/#breadcrumb","itemListElement":[{"@type":"ListItem","position":1,"name":"In\u00edcio","item":"https:\/\/diariodalagoa.pt\/"},{"@type":"ListItem","position":2,"name":"Alunos da Lagoa celebram Dia da Marinha"}]},{"@type":"WebSite","@id":"https:\/\/diariodalagoa.pt\/#website","url":"https:\/\/diariodalagoa.pt\/","name":"Di\u00e1rio da Lagoa","description":"Di\u00e1rio da Lagoa. As not\u00edcias que contam. A partir da Lagoa, nos A\u00e7ores, para o mundo.","potentialAction":[{"@type":"SearchAction","target":{"@type":"EntryPoint","urlTemplate":"https:\/\/diariodalagoa.pt\/?s={search_term_string}"},"query-input":"required name=search_term_string"}],"inLanguage":"en-US"},{"@type":"Person","@id":"https:\/\/diariodalagoa.pt\/#\/schema\/person\/1615a002370e8857b6f972834bc43ece","name":"Di\u00e1rio da Lagoa","image":{"@type":"ImageObject","inLanguage":"en-US","@id":"https:\/\/diariodalagoa.pt\/#\/schema\/person\/image\/","url":"https:\/\/secure.gravatar.com\/avatar\/2cb5cef90a26f8fbd4d9d930608102c5?s=96&d=mm&r=g","contentUrl":"https:\/\/secure.gravatar.com\/avatar\/2cb5cef90a26f8fbd4d9d930608102c5?s=96&d=mm&r=g","caption":"Di\u00e1rio da Lagoa"},"url":"https:\/\/diariodalagoa.pt\/en\/author\/diariodalagoa\/"}]}},"_links":{"self":[{"href":"https:\/\/diariodalagoa.pt\/en\/wp-json\/wp\/v2\/posts\/109048"}],"collection":[{"href":"https:\/\/diariodalagoa.pt\/en\/wp-json\/wp\/v2\/posts"}],"about":[{"href":"https:\/\/diariodalagoa.pt\/en\/wp-json\/wp\/v2\/types\/post"}],"author":[{"embeddable":true,"href":"https:\/\/diariodalagoa.pt\/en\/wp-json\/wp\/v2\/users\/2"}],"replies":[{"embeddable":true,"href":"https:\/\/diariodalagoa.pt\/en\/wp-json\/wp\/v2\/comments?post=109048"}],"version-history":[{"count":1,"href":"https:\/\/diariodalagoa.pt\/en\/wp-json\/wp\/v2\/posts\/109048\/revisions"}],"predecessor-version":[{"id":157308,"href":"https:\/\/diariodalagoa.pt\/en\/wp-json\/wp\/v2\/posts\/109048\/revisions\/157308"}],"wp:featuredmedia":[{"embeddable":true,"href":"https:\/\/diariodalagoa.pt\/en\/wp-json\/wp\/v2\/media\/110343"}],"wp:attachment":[{"href":"https:\/\/diariodalagoa.pt\/en\/wp-json\/wp\/v2\/media?parent=109048"}],"wp:term":[{"taxonomy":"category","embeddable":true,"href":"https:\/\/diariodalagoa.pt\/en\/wp-json\/wp\/v2\/categories?post=109048"},{"taxonomy":"post_tag","embeddable":true,"href":"https:\/\/diariodalagoa.pt\/en\/wp-json\/wp\/v2\/tags?post=109048"}],"curies":[{"name":"wp","href":"https:\/\/api.w.org\/{rel}","templated":true}]}}