{"id":1089,"date":"2014-02-24T13:58:46","date_gmt":"2014-02-24T13:58:46","guid":{"rendered":"http:\/\/diariodalagoa.pt\/?p=1089"},"modified":"2025-06-10T22:32:33","modified_gmt":"2025-06-10T22:32:33","slug":"autarquia-assina-protocolo-com-associacao-humanitaria-de-bombeiros","status":"publish","type":"post","link":"https:\/\/diariodalagoa.pt\/en\/autarquia-assina-protocolo-com-associacao-humanitaria-de-bombeiros\/","title":{"rendered":"Autarquia assina protocolo com Associa\u00e7\u00e3o Humanit\u00e1ria de Bombeiros"},"content":{"rendered":"<p style=\"text-align: justify;\"><a href=\"http:\/\/diariodalagoa.pt\/wp-content\/uploads\/2014\/02\/BombeirosPDL@RA-3.jpg\"><img decoding=\"async\" class=\"alignnone size-full wp-image-1090\" alt=\"BombeirosPDL@RA (3)\" src=\"http:\/\/diariodalagoa.pt\/wp-content\/uploads\/2014\/02\/BombeirosPDL@RA-3.jpg\" width=\"720\" height=\"380\" \/><\/a><\/p>\n<p style=\"text-align: justify;\"><span style=\"color: #000000;\">A C\u00e2mara Municipal de Lagoa assinou hoje um protocolo financeiro com a Associa\u00e7\u00e3o Humanit\u00e1ria dos Bombeiros Volunt\u00e1rios de Ponta Delgada no valor na ordem dos 27 mil euros anuais.<\/span><\/p>\n<p style=\"text-align: justify;\"><span style=\"color: #000000;\">Este apoio financeiro destina-se a comparticipar os custos inerentes \u00e0 execu\u00e7\u00e3o e manuten\u00e7\u00e3o de atividades que a corpora\u00e7\u00e3o presta ao munic\u00edpio de Lagoa, visto que o mesmo n\u00e3o possui um quartel de bombeiros.<\/span><\/p>\n<p style=\"text-align: justify;\"><span style=\"color: #000000;\">O presidente da C\u00e2mara Municipal de Lagoa, Jo\u00e3o Ponte, salientou a import\u00e2ncia deste protocolo para o munic\u00edpio, afirmando ainda que n\u00e3o faz sentido esta localidade possuir uma corpora\u00e7\u00e3o de bombeiros.<\/span><\/p>\n<p style=\"text-align: justify;\"><span style=\"color: #000000;\">Em rela\u00e7\u00e3o \u00e0 possibilidade da associa\u00e7\u00e3o passar a ser chamada de Associa\u00e7\u00e3o Humanit\u00e1ria dos Bombeiros Volunt\u00e1rios de Ponta Delgada e Lagoa, Jo\u00e3o Ponte afirmou que faria todo o sentido, visto que presta servi\u00e7o \u00e0s duas cidades, sendo, na sua opini\u00e3o, um gesto simp\u00e1tico e de reconhecimento.<\/span><\/p>\n<p style=\"text-align: justify;\"><span style=\"color: #000000;\"><em>DL<\/em><\/span><\/p>","protected":false},"excerpt":{"rendered":"<p>A C\u00e2mara Municipal de Lagoa assinou hoje um protocolo financeiro com a Associa\u00e7\u00e3o Humanit\u00e1ria dos Bombeiros Volunt\u00e1rios de Ponta Delgada no valor na ordem dos 27 mil euros anuais. Este apoio financeiro destina-se a comparticipar os custos inerentes \u00e0 execu\u00e7\u00e3o e manuten\u00e7\u00e3o de atividades que a corpora\u00e7\u00e3o presta ao munic\u00edpio de Lagoa, visto que o [&hellip;]<\/p>","protected":false},"author":2,"featured_media":113465,"comment_status":"open","ping_status":"open","sticky":false,"template":"","format":"standard","meta":[],"categories":[21],"tags":[],"acf":[],"yoast_head":"<!-- This site is optimized with the Yoast SEO plugin v20.10 - https:\/\/yoast.com\/wordpress\/plugins\/seo\/ -->\n<title>Autarquia assina protocolo com Associa\u00e7\u00e3o Humanit\u00e1ria de Bombeiros - Di\u00e1rio da Lagoa<\/title>\n<meta name=\"robots\" content=\"index, follow, max-snippet:-1, max-image-preview:large, max-video-preview:-1\" \/>\n<link rel=\"canonical\" href=\"https:\/\/diariodalagoa.pt\/en\/autarquia-assina-protocolo-com-associacao-humanitaria-de-bombeiros\/\" \/>\n<meta property=\"og:locale\" content=\"en_US\" \/>\n<meta property=\"og:type\" content=\"article\" \/>\n<meta property=\"og:title\" content=\"Autarquia assina protocolo com Associa\u00e7\u00e3o Humanit\u00e1ria de Bombeiros - Di\u00e1rio da Lagoa\" \/>\n<meta property=\"og:description\" content=\"A C\u00e2mara Municipal de Lagoa assinou hoje um protocolo financeiro com a Associa\u00e7\u00e3o Humanit\u00e1ria dos Bombeiros Volunt\u00e1rios de Ponta Delgada no valor na ordem dos 27 mil euros anuais. Este apoio financeiro destina-se a comparticipar os custos inerentes \u00e0 execu\u00e7\u00e3o e manuten\u00e7\u00e3o de atividades que a corpora\u00e7\u00e3o presta ao munic\u00edpio de Lagoa, visto que o [&hellip;]\" \/>\n<meta property=\"og:url\" content=\"https:\/\/diariodalagoa.pt\/en\/autarquia-assina-protocolo-com-associacao-humanitaria-de-bombeiros\/\" \/>\n<meta property=\"og:site_name\" content=\"Di\u00e1rio da Lagoa\" \/>\n<meta property=\"article:published_time\" content=\"2014-02-24T13:58:46+00:00\" \/>\n<meta property=\"article:modified_time\" content=\"2025-06-10T22:32:33+00:00\" \/>\n<meta property=\"og:image\" content=\"https:\/\/diariodalagoa.pt\/wp-content\/uploads\/2014\/02\/bombeirospdlra-3.jpg\" \/>\n\t<meta property=\"og:image:width\" content=\"720\" \/>\n\t<meta property=\"og:image:height\" content=\"380\" \/>\n\t<meta property=\"og:image:type\" content=\"image\/jpeg\" \/>\n<meta name=\"author\" content=\"Di\u00e1rio da Lagoa\" \/>\n<meta name=\"twitter:card\" content=\"summary_large_image\" \/>\n<meta name=\"twitter:label1\" content=\"Written by\" \/>\n\t<meta name=\"twitter:data1\" content=\"Di\u00e1rio da Lagoa\" \/>\n\t<meta name=\"twitter:label2\" content=\"Est. reading time\" \/>\n\t<meta name=\"twitter:data2\" content=\"1 minute\" \/>\n<script type=\"application\/ld+json\" class=\"yoast-schema-graph\">{\"@context\":\"https:\/\/schema.org\",\"@graph\":[{\"@type\":\"WebPage\",\"@id\":\"https:\/\/diariodalagoa.pt\/autarquia-assina-protocolo-com-associacao-humanitaria-de-bombeiros\/\",\"url\":\"https:\/\/diariodalagoa.pt\/autarquia-assina-protocolo-com-associacao-humanitaria-de-bombeiros\/\",\"name\":\"Autarquia assina protocolo com Associa\u00e7\u00e3o Humanit\u00e1ria de Bombeiros - Di\u00e1rio da Lagoa\",\"isPartOf\":{\"@id\":\"https:\/\/diariodalagoa.pt\/#website\"},\"datePublished\":\"2014-02-24T13:58:46+00:00\",\"dateModified\":\"2025-06-10T22:32:33+00:00\",\"author\":{\"@id\":\"https:\/\/diariodalagoa.pt\/#\/schema\/person\/1615a002370e8857b6f972834bc43ece\"},\"breadcrumb\":{\"@id\":\"https:\/\/diariodalagoa.pt\/autarquia-assina-protocolo-com-associacao-humanitaria-de-bombeiros\/#breadcrumb\"},\"inLanguage\":\"en-US\",\"potentialAction\":[{\"@type\":\"ReadAction\",\"target\":[\"https:\/\/diariodalagoa.pt\/autarquia-assina-protocolo-com-associacao-humanitaria-de-bombeiros\/\"]}]},{\"@type\":\"BreadcrumbList\",\"@id\":\"https:\/\/diariodalagoa.pt\/autarquia-assina-protocolo-com-associacao-humanitaria-de-bombeiros\/#breadcrumb\",\"itemListElement\":[{\"@type\":\"ListItem\",\"position\":1,\"name\":\"In\u00edcio\",\"item\":\"https:\/\/diariodalagoa.pt\/\"},{\"@type\":\"ListItem\",\"position\":2,\"name\":\"Autarquia assina protocolo com Associa\u00e7\u00e3o Humanit\u00e1ria de Bombeiros\"}]},{\"@type\":\"WebSite\",\"@id\":\"https:\/\/diariodalagoa.pt\/#website\",\"url\":\"https:\/\/diariodalagoa.pt\/\",\"name\":\"Di\u00e1rio da Lagoa\",\"description\":\"Di\u00e1rio da Lagoa. As not\u00edcias que contam. A partir da Lagoa, nos A\u00e7ores, para o mundo.\",\"potentialAction\":[{\"@type\":\"SearchAction\",\"target\":{\"@type\":\"EntryPoint\",\"urlTemplate\":\"https:\/\/diariodalagoa.pt\/?s={search_term_string}\"},\"query-input\":\"required name=search_term_string\"}],\"inLanguage\":\"en-US\"},{\"@type\":\"Person\",\"@id\":\"https:\/\/diariodalagoa.pt\/#\/schema\/person\/1615a002370e8857b6f972834bc43ece\",\"name\":\"Di\u00e1rio da Lagoa\",\"image\":{\"@type\":\"ImageObject\",\"inLanguage\":\"en-US\",\"@id\":\"https:\/\/diariodalagoa.pt\/#\/schema\/person\/image\/\",\"url\":\"https:\/\/secure.gravatar.com\/avatar\/2cb5cef90a26f8fbd4d9d930608102c5?s=96&d=mm&r=g\",\"contentUrl\":\"https:\/\/secure.gravatar.com\/avatar\/2cb5cef90a26f8fbd4d9d930608102c5?s=96&d=mm&r=g\",\"caption\":\"Di\u00e1rio da Lagoa\"},\"url\":\"https:\/\/diariodalagoa.pt\/en\/author\/diariodalagoa\/\"}]}<\/script>\n<!-- \/ Yoast SEO plugin. -->","yoast_head_json":{"title":"Autarquia assina protocolo com Associa\u00e7\u00e3o Humanit\u00e1ria de Bombeiros - Di\u00e1rio da Lagoa","robots":{"index":"index","follow":"follow","max-snippet":"max-snippet:-1","max-image-preview":"max-image-preview:large","max-video-preview":"max-video-preview:-1"},"canonical":"https:\/\/diariodalagoa.pt\/en\/autarquia-assina-protocolo-com-associacao-humanitaria-de-bombeiros\/","og_locale":"en_US","og_type":"article","og_title":"Autarquia assina protocolo com Associa\u00e7\u00e3o Humanit\u00e1ria de Bombeiros - Di\u00e1rio da Lagoa","og_description":"A C\u00e2mara Municipal de Lagoa assinou hoje um protocolo financeiro com a Associa\u00e7\u00e3o Humanit\u00e1ria dos Bombeiros Volunt\u00e1rios de Ponta Delgada no valor na ordem dos 27 mil euros anuais. Este apoio financeiro destina-se a comparticipar os custos inerentes \u00e0 execu\u00e7\u00e3o e manuten\u00e7\u00e3o de atividades que a corpora\u00e7\u00e3o presta ao munic\u00edpio de Lagoa, visto que o [&hellip;]","og_url":"https:\/\/diariodalagoa.pt\/en\/autarquia-assina-protocolo-com-associacao-humanitaria-de-bombeiros\/","og_site_name":"Di\u00e1rio da Lagoa","article_published_time":"2014-02-24T13:58:46+00:00","article_modified_time":"2025-06-10T22:32:33+00:00","og_image":[{"width":720,"height":380,"url":"https:\/\/diariodalagoa.pt\/wp-content\/uploads\/2014\/02\/bombeirospdlra-3.jpg","type":"image\/jpeg"}],"author":"Di\u00e1rio da Lagoa","twitter_card":"summary_large_image","twitter_misc":{"Written by":"Di\u00e1rio da Lagoa","Est. reading time":"1 minute"},"schema":{"@context":"https:\/\/schema.org","@graph":[{"@type":"WebPage","@id":"https:\/\/diariodalagoa.pt\/autarquia-assina-protocolo-com-associacao-humanitaria-de-bombeiros\/","url":"https:\/\/diariodalagoa.pt\/autarquia-assina-protocolo-com-associacao-humanitaria-de-bombeiros\/","name":"Autarquia assina protocolo com Associa\u00e7\u00e3o Humanit\u00e1ria de Bombeiros - Di\u00e1rio da Lagoa","isPartOf":{"@id":"https:\/\/diariodalagoa.pt\/#website"},"datePublished":"2014-02-24T13:58:46+00:00","dateModified":"2025-06-10T22:32:33+00:00","author":{"@id":"https:\/\/diariodalagoa.pt\/#\/schema\/person\/1615a002370e8857b6f972834bc43ece"},"breadcrumb":{"@id":"https:\/\/diariodalagoa.pt\/autarquia-assina-protocolo-com-associacao-humanitaria-de-bombeiros\/#breadcrumb"},"inLanguage":"en-US","potentialAction":[{"@type":"ReadAction","target":["https:\/\/diariodalagoa.pt\/autarquia-assina-protocolo-com-associacao-humanitaria-de-bombeiros\/"]}]},{"@type":"BreadcrumbList","@id":"https:\/\/diariodalagoa.pt\/autarquia-assina-protocolo-com-associacao-humanitaria-de-bombeiros\/#breadcrumb","itemListElement":[{"@type":"ListItem","position":1,"name":"In\u00edcio","item":"https:\/\/diariodalagoa.pt\/"},{"@type":"ListItem","position":2,"name":"Autarquia assina protocolo com Associa\u00e7\u00e3o Humanit\u00e1ria de Bombeiros"}]},{"@type":"WebSite","@id":"https:\/\/diariodalagoa.pt\/#website","url":"https:\/\/diariodalagoa.pt\/","name":"Di\u00e1rio da Lagoa","description":"Di\u00e1rio da Lagoa. As not\u00edcias que contam. A partir da Lagoa, nos A\u00e7ores, para o mundo.","potentialAction":[{"@type":"SearchAction","target":{"@type":"EntryPoint","urlTemplate":"https:\/\/diariodalagoa.pt\/?s={search_term_string}"},"query-input":"required name=search_term_string"}],"inLanguage":"en-US"},{"@type":"Person","@id":"https:\/\/diariodalagoa.pt\/#\/schema\/person\/1615a002370e8857b6f972834bc43ece","name":"Di\u00e1rio da Lagoa","image":{"@type":"ImageObject","inLanguage":"en-US","@id":"https:\/\/diariodalagoa.pt\/#\/schema\/person\/image\/","url":"https:\/\/secure.gravatar.com\/avatar\/2cb5cef90a26f8fbd4d9d930608102c5?s=96&d=mm&r=g","contentUrl":"https:\/\/secure.gravatar.com\/avatar\/2cb5cef90a26f8fbd4d9d930608102c5?s=96&d=mm&r=g","caption":"Di\u00e1rio da Lagoa"},"url":"https:\/\/diariodalagoa.pt\/en\/author\/diariodalagoa\/"}]}},"_links":{"self":[{"href":"https:\/\/diariodalagoa.pt\/en\/wp-json\/wp\/v2\/posts\/1089"}],"collection":[{"href":"https:\/\/diariodalagoa.pt\/en\/wp-json\/wp\/v2\/posts"}],"about":[{"href":"https:\/\/diariodalagoa.pt\/en\/wp-json\/wp\/v2\/types\/post"}],"author":[{"embeddable":true,"href":"https:\/\/diariodalagoa.pt\/en\/wp-json\/wp\/v2\/users\/2"}],"replies":[{"embeddable":true,"href":"https:\/\/diariodalagoa.pt\/en\/wp-json\/wp\/v2\/comments?post=1089"}],"version-history":[{"count":1,"href":"https:\/\/diariodalagoa.pt\/en\/wp-json\/wp\/v2\/posts\/1089\/revisions"}],"predecessor-version":[{"id":152719,"href":"https:\/\/diariodalagoa.pt\/en\/wp-json\/wp\/v2\/posts\/1089\/revisions\/152719"}],"wp:featuredmedia":[{"embeddable":true,"href":"https:\/\/diariodalagoa.pt\/en\/wp-json\/wp\/v2\/media\/113465"}],"wp:attachment":[{"href":"https:\/\/diariodalagoa.pt\/en\/wp-json\/wp\/v2\/media?parent=1089"}],"wp:term":[{"taxonomy":"category","embeddable":true,"href":"https:\/\/diariodalagoa.pt\/en\/wp-json\/wp\/v2\/categories?post=1089"},{"taxonomy":"post_tag","embeddable":true,"href":"https:\/\/diariodalagoa.pt\/en\/wp-json\/wp\/v2\/tags?post=1089"}],"curies":[{"name":"wp","href":"https:\/\/api.w.org\/{rel}","templated":true}]}}