{"id":108730,"date":"2023-05-05T10:20:03","date_gmt":"2023-05-05T10:20:03","guid":{"rendered":"https:\/\/diariodalagoa.pt\/?p=108730"},"modified":"2025-06-27T16:05:22","modified_gmt":"2025-06-27T16:05:22","slug":"escuteiros-de-barcelos-visitam-lagoa","status":"publish","type":"post","link":"https:\/\/diariodalagoa.pt\/en\/escuteiros-de-barcelos-visitam-lagoa\/","title":{"rendered":"Escuteiros de Barcelos visitam Lagoa"},"content":{"rendered":"<figure class=\"wp-block-image size-full\"><img decoding=\"async\" src=\"https:\/\/diariodalagoa.pt\/wp-content\/uploads\/2023\/05\/escuteiros-barcelos-visita-lagoa.jpg\" alt=\"\" class=\"wp-image-108731\"\/><figcaption class=\"wp-element-caption\"><sup><mark style=\"background-color:rgba(0, 0, 0, 0)\" class=\"has-inline-color has-cyan-bluish-gray-color\">\u00a9\u00a0CM LAGOA<\/mark><\/sup><\/figcaption><\/figure>\n\n\n\n<p>O agrupamento de escuteiros 354 da vila Frescainha realizou uma visita \u00e0 c\u00e2mara municipal da Lagoa, tendo sido recebidos pela vereadora da \u00e1rea da Cultura, Albertina Oliveira. Os escuteiros da vila do concelho de Barcelos realizaram um interc\u00e2mbio com o agrupamento de escuteiros 798 do Cabouco, tendo visitado nos \u00faltimos dias o concelho.<\/p>\n\n\n\n<p>Na ocasi\u00e3o, Albertina Oliveira destacou a import\u00e2ncia dos interc\u00e2mbios como uma \u201cmais-valia para os jovens\u201d, no que respeita \u00e0 \u201ctroca de conhecimentos e de partilha de experi\u00eancias\u201d. Al\u00e9m disso, enalteceu a forma como a dire\u00e7\u00e3o do agrupamento de escuteiros 798 do Cabouco \u201crecebeu o grupo de Barcelos, mostrando o que de melhor tem o concelho da Lagoa\u201d.<\/p>\n\n\n\n<p>A vereadora aproveitou o momento para falar do figurado em barro, produto artesanal certificado, como uma arte comum de ambos os concelhos, embora com especificidades diferentes. Albertina Oliveira referiu alguns dos projetos que o munic\u00edpio da Lagoa promove para perpetuar a arte bonecreira, nomeadamente o projeto novos bonecreiros, o concurso de pres\u00e9pios e o N\u00facleo Museol\u00f3gico do Pres\u00e9pio. <\/p>\n\n\n\n<p>Neste sentido, ap\u00f3s a rece\u00e7\u00e3o no edif\u00edcio dos Pa\u00e7os do Concelho, o agrupamento de escuteiros da vila de Frescainha visitou o convento de Santo Ant\u00f3nio, mais precisamente o N\u00facleo Museol\u00f3gico do Pres\u00e9pio, onde conheceram a oficina do bonecreiro residente, Jo\u00e3o Arruda.<\/p>","protected":false},"excerpt":{"rendered":"<p>O agrupamento de escuteiros 354 da vila Frescainha realizou uma visita \u00e0 c\u00e2mara municipal da Lagoa, tendo sido recebidos pela vereadora da \u00e1rea da Cultura, Albertina Oliveira. Os escuteiros da vila do concelho de Barcelos realizaram um interc\u00e2mbio com o agrupamento de escuteiros 798 do Cabouco, tendo visitado nos \u00faltimos dias o concelho. Na ocasi\u00e3o, [&hellip;]<\/p>","protected":false},"author":2,"featured_media":110355,"comment_status":"open","ping_status":"closed","sticky":false,"template":"","format":"standard","meta":[],"categories":[21],"tags":[],"acf":[],"yoast_head":"<!-- This site is optimized with the Yoast SEO plugin v20.10 - https:\/\/yoast.com\/wordpress\/plugins\/seo\/ -->\n<title>Escuteiros de Barcelos visitam Lagoa - Di\u00e1rio da Lagoa<\/title>\n<meta name=\"description\" content=\"Agrupamento realizou interc\u00e2mbio com os escuteiros do Cabouco e visitou v\u00e1rios pontos de interesse cultural do concelho.\" \/>\n<meta name=\"robots\" content=\"index, follow, max-snippet:-1, max-image-preview:large, max-video-preview:-1\" \/>\n<link rel=\"canonical\" href=\"https:\/\/diariodalagoa.pt\/en\/escuteiros-de-barcelos-visitam-lagoa\/\" \/>\n<meta property=\"og:locale\" content=\"en_US\" \/>\n<meta property=\"og:type\" content=\"article\" \/>\n<meta property=\"og:title\" content=\"Escuteiros de Barcelos visitam Lagoa - Di\u00e1rio da Lagoa\" \/>\n<meta property=\"og:description\" content=\"Agrupamento realizou interc\u00e2mbio com os escuteiros do Cabouco e visitou v\u00e1rios pontos de interesse cultural do concelho.\" \/>\n<meta property=\"og:url\" content=\"https:\/\/diariodalagoa.pt\/en\/escuteiros-de-barcelos-visitam-lagoa\/\" \/>\n<meta property=\"og:site_name\" content=\"Di\u00e1rio da Lagoa\" \/>\n<meta property=\"article:published_time\" content=\"2023-05-05T10:20:03+00:00\" \/>\n<meta property=\"article:modified_time\" content=\"2025-06-27T16:05:22+00:00\" \/>\n<meta property=\"og:image\" content=\"https:\/\/diariodalagoa.pt\/wp-content\/uploads\/2023\/05\/escuteiros-barcelos-visita-lagoa.jpg\" \/>\n\t<meta property=\"og:image:width\" content=\"960\" \/>\n\t<meta property=\"og:image:height\" content=\"633\" \/>\n\t<meta property=\"og:image:type\" content=\"image\/jpeg\" \/>\n<meta name=\"author\" content=\"Di\u00e1rio da Lagoa\" \/>\n<meta name=\"twitter:card\" content=\"summary_large_image\" \/>\n<meta name=\"twitter:label1\" content=\"Written by\" \/>\n\t<meta name=\"twitter:data1\" content=\"Di\u00e1rio da Lagoa\" \/>\n\t<meta name=\"twitter:label2\" content=\"Est. reading time\" \/>\n\t<meta name=\"twitter:data2\" content=\"2 minutes\" \/>\n<script type=\"application\/ld+json\" class=\"yoast-schema-graph\">{\"@context\":\"https:\/\/schema.org\",\"@graph\":[{\"@type\":\"WebPage\",\"@id\":\"https:\/\/diariodalagoa.pt\/escuteiros-de-barcelos-visitam-lagoa\/\",\"url\":\"https:\/\/diariodalagoa.pt\/escuteiros-de-barcelos-visitam-lagoa\/\",\"name\":\"Escuteiros de Barcelos visitam Lagoa - Di\u00e1rio da Lagoa\",\"isPartOf\":{\"@id\":\"https:\/\/diariodalagoa.pt\/#website\"},\"datePublished\":\"2023-05-05T10:20:03+00:00\",\"dateModified\":\"2025-06-27T16:05:22+00:00\",\"author\":{\"@id\":\"https:\/\/diariodalagoa.pt\/#\/schema\/person\/1615a002370e8857b6f972834bc43ece\"},\"description\":\"Agrupamento realizou interc\u00e2mbio com os escuteiros do Cabouco e visitou v\u00e1rios pontos de interesse cultural do concelho.\",\"breadcrumb\":{\"@id\":\"https:\/\/diariodalagoa.pt\/escuteiros-de-barcelos-visitam-lagoa\/#breadcrumb\"},\"inLanguage\":\"en-US\",\"potentialAction\":[{\"@type\":\"ReadAction\",\"target\":[\"https:\/\/diariodalagoa.pt\/escuteiros-de-barcelos-visitam-lagoa\/\"]}]},{\"@type\":\"BreadcrumbList\",\"@id\":\"https:\/\/diariodalagoa.pt\/escuteiros-de-barcelos-visitam-lagoa\/#breadcrumb\",\"itemListElement\":[{\"@type\":\"ListItem\",\"position\":1,\"name\":\"In\u00edcio\",\"item\":\"https:\/\/diariodalagoa.pt\/\"},{\"@type\":\"ListItem\",\"position\":2,\"name\":\"Escuteiros de Barcelos visitam Lagoa\"}]},{\"@type\":\"WebSite\",\"@id\":\"https:\/\/diariodalagoa.pt\/#website\",\"url\":\"https:\/\/diariodalagoa.pt\/\",\"name\":\"Di\u00e1rio da Lagoa\",\"description\":\"Di\u00e1rio da Lagoa. As not\u00edcias que contam. A partir da Lagoa, nos A\u00e7ores, para o mundo.\",\"potentialAction\":[{\"@type\":\"SearchAction\",\"target\":{\"@type\":\"EntryPoint\",\"urlTemplate\":\"https:\/\/diariodalagoa.pt\/?s={search_term_string}\"},\"query-input\":\"required name=search_term_string\"}],\"inLanguage\":\"en-US\"},{\"@type\":\"Person\",\"@id\":\"https:\/\/diariodalagoa.pt\/#\/schema\/person\/1615a002370e8857b6f972834bc43ece\",\"name\":\"Di\u00e1rio da Lagoa\",\"image\":{\"@type\":\"ImageObject\",\"inLanguage\":\"en-US\",\"@id\":\"https:\/\/diariodalagoa.pt\/#\/schema\/person\/image\/\",\"url\":\"https:\/\/secure.gravatar.com\/avatar\/2cb5cef90a26f8fbd4d9d930608102c5?s=96&d=mm&r=g\",\"contentUrl\":\"https:\/\/secure.gravatar.com\/avatar\/2cb5cef90a26f8fbd4d9d930608102c5?s=96&d=mm&r=g\",\"caption\":\"Di\u00e1rio da Lagoa\"},\"url\":\"https:\/\/diariodalagoa.pt\/en\/author\/diariodalagoa\/\"}]}<\/script>\n<!-- \/ Yoast SEO plugin. -->","yoast_head_json":{"title":"Escuteiros de Barcelos visitam Lagoa - Di\u00e1rio da Lagoa","description":"Agrupamento realizou interc\u00e2mbio com os escuteiros do Cabouco e visitou v\u00e1rios pontos de interesse cultural do concelho.","robots":{"index":"index","follow":"follow","max-snippet":"max-snippet:-1","max-image-preview":"max-image-preview:large","max-video-preview":"max-video-preview:-1"},"canonical":"https:\/\/diariodalagoa.pt\/en\/escuteiros-de-barcelos-visitam-lagoa\/","og_locale":"en_US","og_type":"article","og_title":"Escuteiros de Barcelos visitam Lagoa - Di\u00e1rio da Lagoa","og_description":"Agrupamento realizou interc\u00e2mbio com os escuteiros do Cabouco e visitou v\u00e1rios pontos de interesse cultural do concelho.","og_url":"https:\/\/diariodalagoa.pt\/en\/escuteiros-de-barcelos-visitam-lagoa\/","og_site_name":"Di\u00e1rio da Lagoa","article_published_time":"2023-05-05T10:20:03+00:00","article_modified_time":"2025-06-27T16:05:22+00:00","og_image":[{"width":960,"height":633,"url":"https:\/\/diariodalagoa.pt\/wp-content\/uploads\/2023\/05\/escuteiros-barcelos-visita-lagoa.jpg","type":"image\/jpeg"}],"author":"Di\u00e1rio da Lagoa","twitter_card":"summary_large_image","twitter_misc":{"Written by":"Di\u00e1rio da Lagoa","Est. reading time":"2 minutes"},"schema":{"@context":"https:\/\/schema.org","@graph":[{"@type":"WebPage","@id":"https:\/\/diariodalagoa.pt\/escuteiros-de-barcelos-visitam-lagoa\/","url":"https:\/\/diariodalagoa.pt\/escuteiros-de-barcelos-visitam-lagoa\/","name":"Escuteiros de Barcelos visitam Lagoa - Di\u00e1rio da Lagoa","isPartOf":{"@id":"https:\/\/diariodalagoa.pt\/#website"},"datePublished":"2023-05-05T10:20:03+00:00","dateModified":"2025-06-27T16:05:22+00:00","author":{"@id":"https:\/\/diariodalagoa.pt\/#\/schema\/person\/1615a002370e8857b6f972834bc43ece"},"description":"Agrupamento realizou interc\u00e2mbio com os escuteiros do Cabouco e visitou v\u00e1rios pontos de interesse cultural do concelho.","breadcrumb":{"@id":"https:\/\/diariodalagoa.pt\/escuteiros-de-barcelos-visitam-lagoa\/#breadcrumb"},"inLanguage":"en-US","potentialAction":[{"@type":"ReadAction","target":["https:\/\/diariodalagoa.pt\/escuteiros-de-barcelos-visitam-lagoa\/"]}]},{"@type":"BreadcrumbList","@id":"https:\/\/diariodalagoa.pt\/escuteiros-de-barcelos-visitam-lagoa\/#breadcrumb","itemListElement":[{"@type":"ListItem","position":1,"name":"In\u00edcio","item":"https:\/\/diariodalagoa.pt\/"},{"@type":"ListItem","position":2,"name":"Escuteiros de Barcelos visitam Lagoa"}]},{"@type":"WebSite","@id":"https:\/\/diariodalagoa.pt\/#website","url":"https:\/\/diariodalagoa.pt\/","name":"Di\u00e1rio da Lagoa","description":"Di\u00e1rio da Lagoa. As not\u00edcias que contam. A partir da Lagoa, nos A\u00e7ores, para o mundo.","potentialAction":[{"@type":"SearchAction","target":{"@type":"EntryPoint","urlTemplate":"https:\/\/diariodalagoa.pt\/?s={search_term_string}"},"query-input":"required name=search_term_string"}],"inLanguage":"en-US"},{"@type":"Person","@id":"https:\/\/diariodalagoa.pt\/#\/schema\/person\/1615a002370e8857b6f972834bc43ece","name":"Di\u00e1rio da Lagoa","image":{"@type":"ImageObject","inLanguage":"en-US","@id":"https:\/\/diariodalagoa.pt\/#\/schema\/person\/image\/","url":"https:\/\/secure.gravatar.com\/avatar\/2cb5cef90a26f8fbd4d9d930608102c5?s=96&d=mm&r=g","contentUrl":"https:\/\/secure.gravatar.com\/avatar\/2cb5cef90a26f8fbd4d9d930608102c5?s=96&d=mm&r=g","caption":"Di\u00e1rio da Lagoa"},"url":"https:\/\/diariodalagoa.pt\/en\/author\/diariodalagoa\/"}]}},"_links":{"self":[{"href":"https:\/\/diariodalagoa.pt\/en\/wp-json\/wp\/v2\/posts\/108730"}],"collection":[{"href":"https:\/\/diariodalagoa.pt\/en\/wp-json\/wp\/v2\/posts"}],"about":[{"href":"https:\/\/diariodalagoa.pt\/en\/wp-json\/wp\/v2\/types\/post"}],"author":[{"embeddable":true,"href":"https:\/\/diariodalagoa.pt\/en\/wp-json\/wp\/v2\/users\/2"}],"replies":[{"embeddable":true,"href":"https:\/\/diariodalagoa.pt\/en\/wp-json\/wp\/v2\/comments?post=108730"}],"version-history":[{"count":1,"href":"https:\/\/diariodalagoa.pt\/en\/wp-json\/wp\/v2\/posts\/108730\/revisions"}],"predecessor-version":[{"id":157312,"href":"https:\/\/diariodalagoa.pt\/en\/wp-json\/wp\/v2\/posts\/108730\/revisions\/157312"}],"wp:featuredmedia":[{"embeddable":true,"href":"https:\/\/diariodalagoa.pt\/en\/wp-json\/wp\/v2\/media\/110355"}],"wp:attachment":[{"href":"https:\/\/diariodalagoa.pt\/en\/wp-json\/wp\/v2\/media?parent=108730"}],"wp:term":[{"taxonomy":"category","embeddable":true,"href":"https:\/\/diariodalagoa.pt\/en\/wp-json\/wp\/v2\/categories?post=108730"},{"taxonomy":"post_tag","embeddable":true,"href":"https:\/\/diariodalagoa.pt\/en\/wp-json\/wp\/v2\/tags?post=108730"}],"curies":[{"name":"wp","href":"https:\/\/api.w.org\/{rel}","templated":true}]}}