{"id":10833,"date":"2014-10-31T12:42:33","date_gmt":"2014-10-31T13:42:33","guid":{"rendered":"http:\/\/diariodalagoa.pt\/?p=10833"},"modified":"2014-10-31T12:42:33","modified_gmt":"2014-10-31T13:42:33","slug":"governo-dos-acores-entregou-no-parlamento-proposta-de-orcamento-para-2015-que-preve-reforco-de-13-no-investimento-publico","status":"publish","type":"post","link":"https:\/\/diariodalagoa.pt\/en\/governo-dos-acores-entregou-no-parlamento-proposta-de-orcamento-para-2015-que-preve-reforco-de-13-no-investimento-publico\/","title":{"rendered":"Governo dos A\u00e7ores entregou no Parlamento proposta de Or\u00e7amento para 2015 que prev\u00ea refor\u00e7o de 13% no investimento p\u00fablico\u00a0"},"content":{"rendered":"<p style=\"text-align: justify;\"><img decoding=\"async\" class=\"alignnone wp-image-1706\" src=\"http:\/\/diariodalagoa.pt\/wp-content\/uploads\/2014\/03\/a\u00e7ores-noticias-jornal-digital-lagoa-governo-Sergio-Avila.jpg\" alt=\"a\u00e7ores-noticias-jornal-digital-lagoa-governo-Sergio-Avila\" width=\"720\" height=\"379\" \/><\/p>\n<p style=\"text-align: justify;\"><span style=\"color: #000000;\">O Vice-Presidente do Governo\u00a0entregou, na Horta, \u00e0 Presidente da Assembleia Legislativa dos A\u00e7ores, Ana Lu\u00eds, as propostas de Plano Anual e de Or\u00e7amento da Regi\u00e3o para 2015, documentos que refletem\u00a0o objetivo de \u201cincrementar o investimento p\u00fablico, com um refor\u00e7o significativo de 13 por cento\u201d.\u00a0<\/span><\/p>\n<p style=\"text-align: justify;\"><span style=\"color: #000000;\">\u201cA nossa aposta visa refor\u00e7ar significativamente o apoio \u00e0s fam\u00edlias e \u00e0s empresas, refor\u00e7ar as componentes relacionadas com a dinamiza\u00e7\u00e3o da cria\u00e7\u00e3o de emprego e os apoios \u00e0s \u00e1reas sociais e da educa\u00e7\u00e3o\u201d, afirmou S\u00e9rgio \u00c1vila, acrescentando que essa aposta criar\u00e1 \u201ccondi\u00e7\u00f5es para uma retoma econ\u00f3mica efetiva\u201d.\u00a0<\/span><\/p>\n<p style=\"text-align: justify;\"><span style=\"color: #000000;\">O investimento p\u00fablico, segundo S\u00e9rgio \u00c1vila, ser\u00e1 dividido por tr\u00eas grandes \u00e1reas, a principal das quais, que absorve cerca de 50 por cento, respeita ao apoio \u00e0s empresas e \u00e0 promo\u00e7\u00e3o e cria\u00e7\u00e3o de emprego, ficando 25 por cento para os apoios \u00e0 inclus\u00e3o social e os restantes 25 por cento para investimentos em infraestruturas.<\/span><\/p>\n<p style=\"text-align: justify;\"><span style=\"color: #000000;\">O governante sublinhou, por outro lado, o refor\u00e7o de 15 milh\u00f5es de euros nas transfer\u00eancias para o Servi\u00e7o Regional de Sa\u00fade (SRS) que os dois documentos hoje entregues contemplam e que tem em vista \u201cassegurar a manuten\u00e7\u00e3o do seu equil\u00edbrio or\u00e7amental\u201d.\u00a0<\/span><\/p>\n<p style=\"text-align: justify;\"><span style=\"color: #000000;\">S\u00e9rgio \u00c1vila precisou que, no total, o Or\u00e7amento da Regi\u00e3o para 2015 prev\u00ea 291 milh\u00f5es de euros para o Servi\u00e7o Regional de Sa\u00fade,\u00a0salientando ser \u201cbom lembrar que, em 2010, esse valor era de 210 milh\u00f5es de euros\u201d, pelo que, no espa\u00e7o de quatro anos, o Governo dos A\u00e7ores conseguiu refor\u00e7ar o or\u00e7amento do SRS em 81 milh\u00f5es de euros.\u00a0<\/span><\/p>\n<p style=\"text-align: justify;\"><span style=\"color: #000000;\">O Vice-Presidente referiu ainda que o Or\u00e7amento da Regi\u00e3o \u00e9 de cerca de 1.100 milh\u00f5es de euros, explicando que o aumento de 13 por cento no investimento p\u00fablico foi conseguido n\u00e3o s\u00f3 atrav\u00e9s do \u201caumento da capacita\u00e7\u00e3o de ter receitas pr\u00f3prias\u201d, mas tamb\u00e9m pela redu\u00e7\u00e3o da despesa, designadamente com pessoal, com os encargos da d\u00edvida p\u00fablica e com as aquisi\u00e7\u00f5es, quer de bens e servi\u00e7os, quer de bens de capital.\u00a0<\/span><\/p>\n<p style=\"text-align: justify;\"><span style=\"color: #000000;\">S\u00e9rgio \u00c1vila frisou que\u00a0este \u00e9 \u201cum Or\u00e7amento de rigor\u201d, que permite \u201clibertar mais recursos para o investimento e para o incremento da retoma econ\u00f3mica e para o apoio \u00e0s fam\u00edlias a\u00e7orianas\u201d.\u00a0<\/span><\/p>\n<p style=\"text-align: justify;\"><span style=\"color: #000000;\">A circunst\u00e2ncia de este ser, tamb\u00e9m, o primeiro Or\u00e7amento do novo Quadro Comunit\u00e1rio de Apoio foi considerada importante por S\u00e9rgio \u00c1vila, pois \u201cpermitir\u00e1 incrementar em muito o investimento p\u00fablico por via do aproveitamento integral dos fundos\u201d.<\/span><\/p>\n<p style=\"text-align: justify;\"><span style=\"color: #000000;\"><em>DL\/GaCS<\/em><\/span><\/p>","protected":false},"excerpt":{"rendered":"<p>O Vice-Presidente do Governo\u00a0entregou, na Horta, \u00e0 Presidente da Assembleia Legislativa dos A\u00e7ores, Ana Lu\u00eds, as propostas de Plano Anual e de Or\u00e7amento da Regi\u00e3o para 2015, documentos que refletem\u00a0o objetivo de \u201cincrementar o investimento p\u00fablico, com um refor\u00e7o significativo de 13 por cento\u201d.\u00a0 \u201cA nossa aposta visa refor\u00e7ar significativamente o apoio \u00e0s fam\u00edlias e [&hellip;]<\/p>","protected":false},"author":2,"featured_media":0,"comment_status":"open","ping_status":"open","sticky":false,"template":"","format":"standard","meta":[],"categories":[21],"tags":[],"acf":[],"yoast_head":"<!-- This site is optimized with the Yoast SEO plugin v20.10 - https:\/\/yoast.com\/wordpress\/plugins\/seo\/ -->\n<title>Governo dos A\u00e7ores entregou no Parlamento proposta de Or\u00e7amento para 2015 que prev\u00ea refor\u00e7o de 13% no investimento p\u00fablico\u00a0 - Di\u00e1rio da Lagoa<\/title>\n<meta name=\"robots\" content=\"index, follow, max-snippet:-1, max-image-preview:large, max-video-preview:-1\" \/>\n<link rel=\"canonical\" href=\"https:\/\/diariodalagoa.pt\/en\/governo-dos-acores-entregou-no-parlamento-proposta-de-orcamento-para-2015-que-preve-reforco-de-13-no-investimento-publico\/\" \/>\n<meta property=\"og:locale\" content=\"en_US\" \/>\n<meta property=\"og:type\" content=\"article\" \/>\n<meta property=\"og:title\" content=\"Governo dos A\u00e7ores entregou no Parlamento proposta de Or\u00e7amento para 2015 que prev\u00ea refor\u00e7o de 13% no investimento p\u00fablico\u00a0 - Di\u00e1rio da Lagoa\" \/>\n<meta property=\"og:description\" content=\"O Vice-Presidente do Governo\u00a0entregou, na Horta, \u00e0 Presidente da Assembleia Legislativa dos A\u00e7ores, Ana Lu\u00eds, as propostas de Plano Anual e de Or\u00e7amento da Regi\u00e3o para 2015, documentos que refletem\u00a0o objetivo de \u201cincrementar o investimento p\u00fablico, com um refor\u00e7o significativo de 13 por cento\u201d.\u00a0 \u201cA nossa aposta visa refor\u00e7ar significativamente o apoio \u00e0s fam\u00edlias e [&hellip;]\" \/>\n<meta property=\"og:url\" content=\"https:\/\/diariodalagoa.pt\/en\/governo-dos-acores-entregou-no-parlamento-proposta-de-orcamento-para-2015-que-preve-reforco-de-13-no-investimento-publico\/\" \/>\n<meta property=\"og:site_name\" content=\"Di\u00e1rio da Lagoa\" \/>\n<meta property=\"article:published_time\" content=\"2014-10-31T13:42:33+00:00\" \/>\n<meta name=\"author\" content=\"Di\u00e1rio da Lagoa\" \/>\n<meta name=\"twitter:card\" content=\"summary_large_image\" \/>\n<meta name=\"twitter:label1\" content=\"Written by\" \/>\n\t<meta name=\"twitter:data1\" content=\"Di\u00e1rio da Lagoa\" \/>\n\t<meta name=\"twitter:label2\" content=\"Est. reading time\" \/>\n\t<meta name=\"twitter:data2\" content=\"2 minutes\" \/>\n<script type=\"application\/ld+json\" class=\"yoast-schema-graph\">{\"@context\":\"https:\/\/schema.org\",\"@graph\":[{\"@type\":\"WebPage\",\"@id\":\"https:\/\/diariodalagoa.pt\/governo-dos-acores-entregou-no-parlamento-proposta-de-orcamento-para-2015-que-preve-reforco-de-13-no-investimento-publico\/\",\"url\":\"https:\/\/diariodalagoa.pt\/governo-dos-acores-entregou-no-parlamento-proposta-de-orcamento-para-2015-que-preve-reforco-de-13-no-investimento-publico\/\",\"name\":\"Governo dos A\u00e7ores entregou no Parlamento proposta de Or\u00e7amento para 2015 que prev\u00ea refor\u00e7o de 13% no investimento p\u00fablico\u00a0 - Di\u00e1rio da Lagoa\",\"isPartOf\":{\"@id\":\"https:\/\/diariodalagoa.pt\/#website\"},\"datePublished\":\"2014-10-31T13:42:33+00:00\",\"dateModified\":\"2014-10-31T13:42:33+00:00\",\"author\":{\"@id\":\"https:\/\/diariodalagoa.pt\/#\/schema\/person\/1615a002370e8857b6f972834bc43ece\"},\"breadcrumb\":{\"@id\":\"https:\/\/diariodalagoa.pt\/governo-dos-acores-entregou-no-parlamento-proposta-de-orcamento-para-2015-que-preve-reforco-de-13-no-investimento-publico\/#breadcrumb\"},\"inLanguage\":\"en-US\",\"potentialAction\":[{\"@type\":\"ReadAction\",\"target\":[\"https:\/\/diariodalagoa.pt\/governo-dos-acores-entregou-no-parlamento-proposta-de-orcamento-para-2015-que-preve-reforco-de-13-no-investimento-publico\/\"]}]},{\"@type\":\"BreadcrumbList\",\"@id\":\"https:\/\/diariodalagoa.pt\/governo-dos-acores-entregou-no-parlamento-proposta-de-orcamento-para-2015-que-preve-reforco-de-13-no-investimento-publico\/#breadcrumb\",\"itemListElement\":[{\"@type\":\"ListItem\",\"position\":1,\"name\":\"In\u00edcio\",\"item\":\"https:\/\/diariodalagoa.pt\/\"},{\"@type\":\"ListItem\",\"position\":2,\"name\":\"Governo dos A\u00e7ores entregou no Parlamento proposta de Or\u00e7amento para 2015 que prev\u00ea refor\u00e7o de 13% no investimento p\u00fablico\u00a0\"}]},{\"@type\":\"WebSite\",\"@id\":\"https:\/\/diariodalagoa.pt\/#website\",\"url\":\"https:\/\/diariodalagoa.pt\/\",\"name\":\"Di\u00e1rio da Lagoa\",\"description\":\"Di\u00e1rio da Lagoa. As not\u00edcias que contam. A partir da Lagoa, nos A\u00e7ores, para o mundo.\",\"potentialAction\":[{\"@type\":\"SearchAction\",\"target\":{\"@type\":\"EntryPoint\",\"urlTemplate\":\"https:\/\/diariodalagoa.pt\/?s={search_term_string}\"},\"query-input\":\"required name=search_term_string\"}],\"inLanguage\":\"en-US\"},{\"@type\":\"Person\",\"@id\":\"https:\/\/diariodalagoa.pt\/#\/schema\/person\/1615a002370e8857b6f972834bc43ece\",\"name\":\"Di\u00e1rio da Lagoa\",\"image\":{\"@type\":\"ImageObject\",\"inLanguage\":\"en-US\",\"@id\":\"https:\/\/diariodalagoa.pt\/#\/schema\/person\/image\/\",\"url\":\"https:\/\/secure.gravatar.com\/avatar\/2cb5cef90a26f8fbd4d9d930608102c5?s=96&d=mm&r=g\",\"contentUrl\":\"https:\/\/secure.gravatar.com\/avatar\/2cb5cef90a26f8fbd4d9d930608102c5?s=96&d=mm&r=g\",\"caption\":\"Di\u00e1rio da Lagoa\"},\"url\":\"https:\/\/diariodalagoa.pt\/en\/author\/diariodalagoa\/\"}]}<\/script>\n<!-- \/ Yoast SEO plugin. -->","yoast_head_json":{"title":"Governo dos A\u00e7ores entregou no Parlamento proposta de Or\u00e7amento para 2015 que prev\u00ea refor\u00e7o de 13% no investimento p\u00fablico\u00a0 - Di\u00e1rio da Lagoa","robots":{"index":"index","follow":"follow","max-snippet":"max-snippet:-1","max-image-preview":"max-image-preview:large","max-video-preview":"max-video-preview:-1"},"canonical":"https:\/\/diariodalagoa.pt\/en\/governo-dos-acores-entregou-no-parlamento-proposta-de-orcamento-para-2015-que-preve-reforco-de-13-no-investimento-publico\/","og_locale":"en_US","og_type":"article","og_title":"Governo dos A\u00e7ores entregou no Parlamento proposta de Or\u00e7amento para 2015 que prev\u00ea refor\u00e7o de 13% no investimento p\u00fablico\u00a0 - Di\u00e1rio da Lagoa","og_description":"O Vice-Presidente do Governo\u00a0entregou, na Horta, \u00e0 Presidente da Assembleia Legislativa dos A\u00e7ores, Ana Lu\u00eds, as propostas de Plano Anual e de Or\u00e7amento da Regi\u00e3o para 2015, documentos que refletem\u00a0o objetivo de \u201cincrementar o investimento p\u00fablico, com um refor\u00e7o significativo de 13 por cento\u201d.\u00a0 \u201cA nossa aposta visa refor\u00e7ar significativamente o apoio \u00e0s fam\u00edlias e [&hellip;]","og_url":"https:\/\/diariodalagoa.pt\/en\/governo-dos-acores-entregou-no-parlamento-proposta-de-orcamento-para-2015-que-preve-reforco-de-13-no-investimento-publico\/","og_site_name":"Di\u00e1rio da Lagoa","article_published_time":"2014-10-31T13:42:33+00:00","author":"Di\u00e1rio da Lagoa","twitter_card":"summary_large_image","twitter_misc":{"Written by":"Di\u00e1rio da Lagoa","Est. reading time":"2 minutes"},"schema":{"@context":"https:\/\/schema.org","@graph":[{"@type":"WebPage","@id":"https:\/\/diariodalagoa.pt\/governo-dos-acores-entregou-no-parlamento-proposta-de-orcamento-para-2015-que-preve-reforco-de-13-no-investimento-publico\/","url":"https:\/\/diariodalagoa.pt\/governo-dos-acores-entregou-no-parlamento-proposta-de-orcamento-para-2015-que-preve-reforco-de-13-no-investimento-publico\/","name":"Governo dos A\u00e7ores entregou no Parlamento proposta de Or\u00e7amento para 2015 que prev\u00ea refor\u00e7o de 13% no investimento p\u00fablico\u00a0 - Di\u00e1rio da Lagoa","isPartOf":{"@id":"https:\/\/diariodalagoa.pt\/#website"},"datePublished":"2014-10-31T13:42:33+00:00","dateModified":"2014-10-31T13:42:33+00:00","author":{"@id":"https:\/\/diariodalagoa.pt\/#\/schema\/person\/1615a002370e8857b6f972834bc43ece"},"breadcrumb":{"@id":"https:\/\/diariodalagoa.pt\/governo-dos-acores-entregou-no-parlamento-proposta-de-orcamento-para-2015-que-preve-reforco-de-13-no-investimento-publico\/#breadcrumb"},"inLanguage":"en-US","potentialAction":[{"@type":"ReadAction","target":["https:\/\/diariodalagoa.pt\/governo-dos-acores-entregou-no-parlamento-proposta-de-orcamento-para-2015-que-preve-reforco-de-13-no-investimento-publico\/"]}]},{"@type":"BreadcrumbList","@id":"https:\/\/diariodalagoa.pt\/governo-dos-acores-entregou-no-parlamento-proposta-de-orcamento-para-2015-que-preve-reforco-de-13-no-investimento-publico\/#breadcrumb","itemListElement":[{"@type":"ListItem","position":1,"name":"In\u00edcio","item":"https:\/\/diariodalagoa.pt\/"},{"@type":"ListItem","position":2,"name":"Governo dos A\u00e7ores entregou no Parlamento proposta de Or\u00e7amento para 2015 que prev\u00ea refor\u00e7o de 13% no investimento p\u00fablico\u00a0"}]},{"@type":"WebSite","@id":"https:\/\/diariodalagoa.pt\/#website","url":"https:\/\/diariodalagoa.pt\/","name":"Di\u00e1rio da Lagoa","description":"Di\u00e1rio da Lagoa. As not\u00edcias que contam. A partir da Lagoa, nos A\u00e7ores, para o mundo.","potentialAction":[{"@type":"SearchAction","target":{"@type":"EntryPoint","urlTemplate":"https:\/\/diariodalagoa.pt\/?s={search_term_string}"},"query-input":"required name=search_term_string"}],"inLanguage":"en-US"},{"@type":"Person","@id":"https:\/\/diariodalagoa.pt\/#\/schema\/person\/1615a002370e8857b6f972834bc43ece","name":"Di\u00e1rio da Lagoa","image":{"@type":"ImageObject","inLanguage":"en-US","@id":"https:\/\/diariodalagoa.pt\/#\/schema\/person\/image\/","url":"https:\/\/secure.gravatar.com\/avatar\/2cb5cef90a26f8fbd4d9d930608102c5?s=96&d=mm&r=g","contentUrl":"https:\/\/secure.gravatar.com\/avatar\/2cb5cef90a26f8fbd4d9d930608102c5?s=96&d=mm&r=g","caption":"Di\u00e1rio da Lagoa"},"url":"https:\/\/diariodalagoa.pt\/en\/author\/diariodalagoa\/"}]}},"_links":{"self":[{"href":"https:\/\/diariodalagoa.pt\/en\/wp-json\/wp\/v2\/posts\/10833"}],"collection":[{"href":"https:\/\/diariodalagoa.pt\/en\/wp-json\/wp\/v2\/posts"}],"about":[{"href":"https:\/\/diariodalagoa.pt\/en\/wp-json\/wp\/v2\/types\/post"}],"author":[{"embeddable":true,"href":"https:\/\/diariodalagoa.pt\/en\/wp-json\/wp\/v2\/users\/2"}],"replies":[{"embeddable":true,"href":"https:\/\/diariodalagoa.pt\/en\/wp-json\/wp\/v2\/comments?post=10833"}],"version-history":[{"count":0,"href":"https:\/\/diariodalagoa.pt\/en\/wp-json\/wp\/v2\/posts\/10833\/revisions"}],"wp:attachment":[{"href":"https:\/\/diariodalagoa.pt\/en\/wp-json\/wp\/v2\/media?parent=10833"}],"wp:term":[{"taxonomy":"category","embeddable":true,"href":"https:\/\/diariodalagoa.pt\/en\/wp-json\/wp\/v2\/categories?post=10833"},{"taxonomy":"post_tag","embeddable":true,"href":"https:\/\/diariodalagoa.pt\/en\/wp-json\/wp\/v2\/tags?post=10833"}],"curies":[{"name":"wp","href":"https:\/\/api.w.org\/{rel}","templated":true}]}}