{"id":10782,"date":"2014-10-30T21:22:10","date_gmt":"2014-10-30T22:22:10","guid":{"rendered":"http:\/\/diariodalagoa.pt\/?p=10782"},"modified":"2014-10-30T21:22:10","modified_gmt":"2014-10-30T22:22:10","slug":"politicas-de-ordenamento-florestal-nos-acores-tem-uma-perspetiva-de-multifuncionalidade","status":"publish","type":"post","link":"https:\/\/diariodalagoa.pt\/en\/politicas-de-ordenamento-florestal-nos-acores-tem-uma-perspetiva-de-multifuncionalidade\/","title":{"rendered":"Pol\u00edticas de ordenamento florestal nos A\u00e7ores t\u00eam uma perspetiva de multifuncionalidade"},"content":{"rendered":"<p style=\"text-align: justify;\"><img decoding=\"async\" class=\"alignnone size-full wp-image-8768\" src=\"http:\/\/diariodalagoa.pt\/wp-content\/uploads\/2014\/09\/A\u00e7ores-ambiente-floresta-paisagem.jpg\" alt=\"A\u00e7ores-ambiente-floresta-paisagem\" width=\"720\" height=\"380\" \/><\/p>\n<p style=\"text-align: justify;\"><span style=\"color: #000000;\">A Diretora Regional dos Recursos Florestais afirmou, em Las Palmas, nas Can\u00e1rias, que as pol\u00edticas de ordenamento florestal nos A\u00e7ores t\u00eam \u201csido direcionadas numa perspetiva de multifuncionalidade&#8221; daqueles espa\u00e7os.\u00a0<\/span><\/p>\n<p style=\"text-align: justify;\"><span style=\"color: #000000;\">Anabela Isidoro, que falava nas\u00a0VII Jornadas Florestais da Macaron\u00e9sia, destacou na sua interven\u00e7\u00e3o\u00a0a &#8220;import\u00e2ncia econ\u00f3mica consider\u00e1vel\u201d do setor florestal e o seu \u201cpotencial de expans\u00e3o enorme\u201d, defendendo que &#8220;deve assumir nestas ilhas, onde \u00e9 vital estabelecer compromissos duradouros entre a explora\u00e7\u00e3o e a preserva\u00e7\u00e3o dos recursos, um papel determinante no ordenamento do territ\u00f3rio\u201d.\u00a0<\/span><\/p>\n<p style=\"text-align: justify;\"><span style=\"color: #000000;\">Na sua interven\u00e7\u00e3o, a Diretora Regional salientou que, nos A\u00e7ores,\u00a0&#8220;a componente p\u00fablica do setor florestal continua a ser determinante, n\u00e3o s\u00f3 pela \u00e1rea que gere, mas fundamentalmente pela fun\u00e7\u00e3o catal\u00edtica e estruturante que desempenha e pela lideran\u00e7a que protagoniza na defini\u00e7\u00e3o de estrat\u00e9gias e na busca incessante de respostas\u201d.\u00a0<\/span><\/p>\n<p style=\"text-align: justify;\"><span style=\"color: #000000;\">Relativamente \u00e0 Estrat\u00e9gia Florestal dos A\u00e7ores,\u00a0Anabela Isidoro\u00a0destacou o incentivo estabelecido pelo Executivo\u00a0\u00e0 certifica\u00e7\u00e3o da gest\u00e3o florestal, \u00e0 valoriza\u00e7\u00e3o dos produtos florestais e \u00e0 sua comercializa\u00e7\u00e3o, atrav\u00e9s da procura de novos mercados.\u00a0<\/span><\/p>\n<p style=\"text-align: justify;\"><span style=\"color: #000000;\">Aumentar a competitividade do setor florestal atrav\u00e9s da utiliza\u00e7\u00e3o sustent\u00e1vel dos recursos florestais, incentivar a gest\u00e3o florestal ativa e dinamizar o uso m\u00faltiplo da floresta s\u00e3o outros dos objetivos delineados na estrat\u00e9gia para o setor, acrescentou.\u00a0<\/span><\/p>\n<p style=\"text-align: justify;\"><span style=\"color: #000000;\">Segundo a Diretora Regional, o novo Programa de Desenvolvimento Rural para o per\u00edodo 2014-2020 direciona parte dos fundos dispon\u00edveis para a renova\u00e7\u00e3o, gest\u00e3o sustent\u00e1vel, ordenamento e aumento de \u00e1rea florestal, \u201ctornando-se num instrumento valioso colocado ao servi\u00e7o da floresta e do setor florestal regional\u201d.\u00a0<\/span><\/p>\n<p style=\"text-align: justify;\"><span style=\"color: #000000;\">Nestas jornadas, que decorrem at\u00e9 sexta-feira, os A\u00e7ores apresentam trabalhos nos diversos blocos tem\u00e1ticos,\u00a0intitulados &#8216;O uso m\u00faltiplo da floresta nos A\u00e7ores \u2013 a vertente econ\u00f3mica do recreio em espa\u00e7os florestais&#8217;, &#8216;O Programa de Melhoramento Florestal \u2013 um compromisso com o futuro florestal dos A\u00e7ores&#8217;, &#8216;A GesFlorA \u2013 Plataforma Digital para a Gest\u00e3o Florestal nos A\u00e7ores&#8217;, &#8216;O Programa de monitoriza\u00e7\u00e3o aplicado \u00e0 gest\u00e3o florestal dos Per\u00edmetros Florestais e Matas Regionais na Regi\u00e3o&#8217; e\u00a0&#8216;A Monitoriza\u00e7\u00e3o da codorniz no arquip\u00e9lago&#8217;.<\/span><\/p>\n<p style=\"text-align: justify;\"><span style=\"color: #000000;\"><em>DL\/GaCS<\/em><\/span><\/p>","protected":false},"excerpt":{"rendered":"<p>A Diretora Regional dos Recursos Florestais afirmou, em Las Palmas, nas Can\u00e1rias, que as pol\u00edticas de ordenamento florestal nos A\u00e7ores t\u00eam \u201csido direcionadas numa perspetiva de multifuncionalidade&#8221; daqueles espa\u00e7os.\u00a0 Anabela Isidoro, que falava nas\u00a0VII Jornadas Florestais da Macaron\u00e9sia, destacou na sua interven\u00e7\u00e3o\u00a0a &#8220;import\u00e2ncia econ\u00f3mica consider\u00e1vel\u201d do setor florestal e o seu \u201cpotencial de expans\u00e3o enorme\u201d, [&hellip;]<\/p>","protected":false},"author":2,"featured_media":0,"comment_status":"open","ping_status":"open","sticky":false,"template":"","format":"standard","meta":[],"categories":[21],"tags":[],"acf":[],"yoast_head":"<!-- This site is optimized with the Yoast SEO plugin v20.10 - https:\/\/yoast.com\/wordpress\/plugins\/seo\/ -->\n<title>Pol\u00edticas de ordenamento florestal nos A\u00e7ores t\u00eam uma perspetiva de multifuncionalidade - Di\u00e1rio da Lagoa<\/title>\n<meta name=\"robots\" content=\"index, follow, max-snippet:-1, max-image-preview:large, max-video-preview:-1\" \/>\n<link rel=\"canonical\" href=\"https:\/\/diariodalagoa.pt\/en\/politicas-de-ordenamento-florestal-nos-acores-tem-uma-perspetiva-de-multifuncionalidade\/\" \/>\n<meta property=\"og:locale\" content=\"en_US\" \/>\n<meta property=\"og:type\" content=\"article\" \/>\n<meta property=\"og:title\" content=\"Pol\u00edticas de ordenamento florestal nos A\u00e7ores t\u00eam uma perspetiva de multifuncionalidade - Di\u00e1rio da Lagoa\" \/>\n<meta property=\"og:description\" content=\"A Diretora Regional dos Recursos Florestais afirmou, em Las Palmas, nas Can\u00e1rias, que as pol\u00edticas de ordenamento florestal nos A\u00e7ores t\u00eam \u201csido direcionadas numa perspetiva de multifuncionalidade&#8221; daqueles espa\u00e7os.\u00a0 Anabela Isidoro, que falava nas\u00a0VII Jornadas Florestais da Macaron\u00e9sia, destacou na sua interven\u00e7\u00e3o\u00a0a &#8220;import\u00e2ncia econ\u00f3mica consider\u00e1vel\u201d do setor florestal e o seu \u201cpotencial de expans\u00e3o enorme\u201d, [&hellip;]\" \/>\n<meta property=\"og:url\" content=\"https:\/\/diariodalagoa.pt\/en\/politicas-de-ordenamento-florestal-nos-acores-tem-uma-perspetiva-de-multifuncionalidade\/\" \/>\n<meta property=\"og:site_name\" content=\"Di\u00e1rio da Lagoa\" \/>\n<meta property=\"article:published_time\" content=\"2014-10-30T22:22:10+00:00\" \/>\n<meta name=\"author\" content=\"Di\u00e1rio da Lagoa\" \/>\n<meta name=\"twitter:card\" content=\"summary_large_image\" \/>\n<meta name=\"twitter:label1\" content=\"Written by\" \/>\n\t<meta name=\"twitter:data1\" content=\"Di\u00e1rio da Lagoa\" \/>\n\t<meta name=\"twitter:label2\" content=\"Est. reading time\" \/>\n\t<meta name=\"twitter:data2\" content=\"2 minutes\" \/>\n<script type=\"application\/ld+json\" class=\"yoast-schema-graph\">{\"@context\":\"https:\/\/schema.org\",\"@graph\":[{\"@type\":\"WebPage\",\"@id\":\"https:\/\/diariodalagoa.pt\/politicas-de-ordenamento-florestal-nos-acores-tem-uma-perspetiva-de-multifuncionalidade\/\",\"url\":\"https:\/\/diariodalagoa.pt\/politicas-de-ordenamento-florestal-nos-acores-tem-uma-perspetiva-de-multifuncionalidade\/\",\"name\":\"Pol\u00edticas de ordenamento florestal nos A\u00e7ores t\u00eam uma perspetiva de multifuncionalidade - Di\u00e1rio da Lagoa\",\"isPartOf\":{\"@id\":\"https:\/\/diariodalagoa.pt\/#website\"},\"datePublished\":\"2014-10-30T22:22:10+00:00\",\"dateModified\":\"2014-10-30T22:22:10+00:00\",\"author\":{\"@id\":\"https:\/\/diariodalagoa.pt\/#\/schema\/person\/1615a002370e8857b6f972834bc43ece\"},\"breadcrumb\":{\"@id\":\"https:\/\/diariodalagoa.pt\/politicas-de-ordenamento-florestal-nos-acores-tem-uma-perspetiva-de-multifuncionalidade\/#breadcrumb\"},\"inLanguage\":\"en-US\",\"potentialAction\":[{\"@type\":\"ReadAction\",\"target\":[\"https:\/\/diariodalagoa.pt\/politicas-de-ordenamento-florestal-nos-acores-tem-uma-perspetiva-de-multifuncionalidade\/\"]}]},{\"@type\":\"BreadcrumbList\",\"@id\":\"https:\/\/diariodalagoa.pt\/politicas-de-ordenamento-florestal-nos-acores-tem-uma-perspetiva-de-multifuncionalidade\/#breadcrumb\",\"itemListElement\":[{\"@type\":\"ListItem\",\"position\":1,\"name\":\"In\u00edcio\",\"item\":\"https:\/\/diariodalagoa.pt\/\"},{\"@type\":\"ListItem\",\"position\":2,\"name\":\"Pol\u00edticas de ordenamento florestal nos A\u00e7ores t\u00eam uma perspetiva de multifuncionalidade\"}]},{\"@type\":\"WebSite\",\"@id\":\"https:\/\/diariodalagoa.pt\/#website\",\"url\":\"https:\/\/diariodalagoa.pt\/\",\"name\":\"Di\u00e1rio da Lagoa\",\"description\":\"Di\u00e1rio da Lagoa. As not\u00edcias que contam. A partir da Lagoa, nos A\u00e7ores, para o mundo.\",\"potentialAction\":[{\"@type\":\"SearchAction\",\"target\":{\"@type\":\"EntryPoint\",\"urlTemplate\":\"https:\/\/diariodalagoa.pt\/?s={search_term_string}\"},\"query-input\":\"required name=search_term_string\"}],\"inLanguage\":\"en-US\"},{\"@type\":\"Person\",\"@id\":\"https:\/\/diariodalagoa.pt\/#\/schema\/person\/1615a002370e8857b6f972834bc43ece\",\"name\":\"Di\u00e1rio da Lagoa\",\"image\":{\"@type\":\"ImageObject\",\"inLanguage\":\"en-US\",\"@id\":\"https:\/\/diariodalagoa.pt\/#\/schema\/person\/image\/\",\"url\":\"https:\/\/secure.gravatar.com\/avatar\/2cb5cef90a26f8fbd4d9d930608102c5?s=96&d=mm&r=g\",\"contentUrl\":\"https:\/\/secure.gravatar.com\/avatar\/2cb5cef90a26f8fbd4d9d930608102c5?s=96&d=mm&r=g\",\"caption\":\"Di\u00e1rio da Lagoa\"},\"url\":\"https:\/\/diariodalagoa.pt\/en\/author\/diariodalagoa\/\"}]}<\/script>\n<!-- \/ Yoast SEO plugin. -->","yoast_head_json":{"title":"Pol\u00edticas de ordenamento florestal nos A\u00e7ores t\u00eam uma perspetiva de multifuncionalidade - Di\u00e1rio da Lagoa","robots":{"index":"index","follow":"follow","max-snippet":"max-snippet:-1","max-image-preview":"max-image-preview:large","max-video-preview":"max-video-preview:-1"},"canonical":"https:\/\/diariodalagoa.pt\/en\/politicas-de-ordenamento-florestal-nos-acores-tem-uma-perspetiva-de-multifuncionalidade\/","og_locale":"en_US","og_type":"article","og_title":"Pol\u00edticas de ordenamento florestal nos A\u00e7ores t\u00eam uma perspetiva de multifuncionalidade - Di\u00e1rio da Lagoa","og_description":"A Diretora Regional dos Recursos Florestais afirmou, em Las Palmas, nas Can\u00e1rias, que as pol\u00edticas de ordenamento florestal nos A\u00e7ores t\u00eam \u201csido direcionadas numa perspetiva de multifuncionalidade&#8221; daqueles espa\u00e7os.\u00a0 Anabela Isidoro, que falava nas\u00a0VII Jornadas Florestais da Macaron\u00e9sia, destacou na sua interven\u00e7\u00e3o\u00a0a &#8220;import\u00e2ncia econ\u00f3mica consider\u00e1vel\u201d do setor florestal e o seu \u201cpotencial de expans\u00e3o enorme\u201d, [&hellip;]","og_url":"https:\/\/diariodalagoa.pt\/en\/politicas-de-ordenamento-florestal-nos-acores-tem-uma-perspetiva-de-multifuncionalidade\/","og_site_name":"Di\u00e1rio da Lagoa","article_published_time":"2014-10-30T22:22:10+00:00","author":"Di\u00e1rio da Lagoa","twitter_card":"summary_large_image","twitter_misc":{"Written by":"Di\u00e1rio da Lagoa","Est. reading time":"2 minutes"},"schema":{"@context":"https:\/\/schema.org","@graph":[{"@type":"WebPage","@id":"https:\/\/diariodalagoa.pt\/politicas-de-ordenamento-florestal-nos-acores-tem-uma-perspetiva-de-multifuncionalidade\/","url":"https:\/\/diariodalagoa.pt\/politicas-de-ordenamento-florestal-nos-acores-tem-uma-perspetiva-de-multifuncionalidade\/","name":"Pol\u00edticas de ordenamento florestal nos A\u00e7ores t\u00eam uma perspetiva de multifuncionalidade - Di\u00e1rio da Lagoa","isPartOf":{"@id":"https:\/\/diariodalagoa.pt\/#website"},"datePublished":"2014-10-30T22:22:10+00:00","dateModified":"2014-10-30T22:22:10+00:00","author":{"@id":"https:\/\/diariodalagoa.pt\/#\/schema\/person\/1615a002370e8857b6f972834bc43ece"},"breadcrumb":{"@id":"https:\/\/diariodalagoa.pt\/politicas-de-ordenamento-florestal-nos-acores-tem-uma-perspetiva-de-multifuncionalidade\/#breadcrumb"},"inLanguage":"en-US","potentialAction":[{"@type":"ReadAction","target":["https:\/\/diariodalagoa.pt\/politicas-de-ordenamento-florestal-nos-acores-tem-uma-perspetiva-de-multifuncionalidade\/"]}]},{"@type":"BreadcrumbList","@id":"https:\/\/diariodalagoa.pt\/politicas-de-ordenamento-florestal-nos-acores-tem-uma-perspetiva-de-multifuncionalidade\/#breadcrumb","itemListElement":[{"@type":"ListItem","position":1,"name":"In\u00edcio","item":"https:\/\/diariodalagoa.pt\/"},{"@type":"ListItem","position":2,"name":"Pol\u00edticas de ordenamento florestal nos A\u00e7ores t\u00eam uma perspetiva de multifuncionalidade"}]},{"@type":"WebSite","@id":"https:\/\/diariodalagoa.pt\/#website","url":"https:\/\/diariodalagoa.pt\/","name":"Di\u00e1rio da Lagoa","description":"Di\u00e1rio da Lagoa. As not\u00edcias que contam. A partir da Lagoa, nos A\u00e7ores, para o mundo.","potentialAction":[{"@type":"SearchAction","target":{"@type":"EntryPoint","urlTemplate":"https:\/\/diariodalagoa.pt\/?s={search_term_string}"},"query-input":"required name=search_term_string"}],"inLanguage":"en-US"},{"@type":"Person","@id":"https:\/\/diariodalagoa.pt\/#\/schema\/person\/1615a002370e8857b6f972834bc43ece","name":"Di\u00e1rio da Lagoa","image":{"@type":"ImageObject","inLanguage":"en-US","@id":"https:\/\/diariodalagoa.pt\/#\/schema\/person\/image\/","url":"https:\/\/secure.gravatar.com\/avatar\/2cb5cef90a26f8fbd4d9d930608102c5?s=96&d=mm&r=g","contentUrl":"https:\/\/secure.gravatar.com\/avatar\/2cb5cef90a26f8fbd4d9d930608102c5?s=96&d=mm&r=g","caption":"Di\u00e1rio da Lagoa"},"url":"https:\/\/diariodalagoa.pt\/en\/author\/diariodalagoa\/"}]}},"_links":{"self":[{"href":"https:\/\/diariodalagoa.pt\/en\/wp-json\/wp\/v2\/posts\/10782"}],"collection":[{"href":"https:\/\/diariodalagoa.pt\/en\/wp-json\/wp\/v2\/posts"}],"about":[{"href":"https:\/\/diariodalagoa.pt\/en\/wp-json\/wp\/v2\/types\/post"}],"author":[{"embeddable":true,"href":"https:\/\/diariodalagoa.pt\/en\/wp-json\/wp\/v2\/users\/2"}],"replies":[{"embeddable":true,"href":"https:\/\/diariodalagoa.pt\/en\/wp-json\/wp\/v2\/comments?post=10782"}],"version-history":[{"count":0,"href":"https:\/\/diariodalagoa.pt\/en\/wp-json\/wp\/v2\/posts\/10782\/revisions"}],"wp:attachment":[{"href":"https:\/\/diariodalagoa.pt\/en\/wp-json\/wp\/v2\/media?parent=10782"}],"wp:term":[{"taxonomy":"category","embeddable":true,"href":"https:\/\/diariodalagoa.pt\/en\/wp-json\/wp\/v2\/categories?post=10782"},{"taxonomy":"post_tag","embeddable":true,"href":"https:\/\/diariodalagoa.pt\/en\/wp-json\/wp\/v2\/tags?post=10782"}],"curies":[{"name":"wp","href":"https:\/\/api.w.org\/{rel}","templated":true}]}}