{"id":106776,"date":"2023-01-25T10:47:57","date_gmt":"2023-01-25T10:47:57","guid":{"rendered":"https:\/\/diariodalagoa.pt\/?p=106776"},"modified":"2025-09-28T00:35:49","modified_gmt":"2025-09-28T00:35:49","slug":"o-perfil-do-mestre-renato-soares-de-macedo","status":"publish","type":"post","link":"https:\/\/diariodalagoa.pt\/en\/o-perfil-do-mestre-renato-soares-de-macedo\/","title":{"rendered":"O perfil do Mestre Renato Soares de Macedo"},"content":{"rendered":"<div class=\"wp-block-image is-style-rounded\">\n<figure class=\"aligncenter size-full is-resized\"><img decoding=\"async\" src=\"https:\/\/diariodalagoa.pt\/wp-content\/uploads\/2023\/01\/Mestre-Renato-Soares-de-Macedo.jpg\" alt=\"\" class=\"wp-image-106777\" width=\"405\" height=\"408\"\/><\/figure><\/div>\n\n\n<div style=\"height:22px\" aria-hidden=\"true\" class=\"wp-block-spacer\"><\/div>\n\n\n<p>Renato Soares de Macedo nasceu em Nossa Senhora do Ros\u00e1rio, concelho de Lagoa, A\u00e7ores, a 28 de Janeiro de 1920, sendo filho directo de Francisco Soares de Macedo, antigo executante musical da Filarm\u00f3nica Lira do Ros\u00e1rio, por largos anos, e de Maria Sofia de Medeiros Ramalho. Media 1 metro e 61 cent\u00edmetros, mas, nem por isso, deixou de ser um mestre de grandes alturas e altos voos art\u00edsticos.<\/p>\n<p style=\"text-align: left;\" align=\"JUSTIFY\">Foi e ficou assim conhecido, como funcion\u00e1rio-trabalhador, primeiro aprendiz e depois chefe, da antiga F\u00e1brica do \u00c1lcool da Lagoa. Admitido a 3 de Junho de 1933, e, ali, cedo revelou a sua aptid\u00e3o para o servi\u00e7o oficinal onde iniciou a sua actividade na Empresa, ent\u00e3o como simples aprendiz.<\/p>\n<p style=\"text-align: left;\" align=\"JUSTIFY\">Desempenhou, ao longo da sua carreira, as fun\u00e7\u00f5es de Serralheiro e Soldador e, merc\u00ea do seu elevado m\u00e9rito, foi ascendendo at\u00e9 chefiar a manuten\u00e7\u00e3o da F\u00e1brica do \u00c1lcool da Lagoa, isto a partir de 1 de Maio de 1967.<\/p>\n<p style=\"text-align: left;\" align=\"JUSTIFY\">Como Serralheiro, distinguiu-se pela sua habilidade na execu\u00e7\u00e3o dos trabalhos em que se envolveu e, a confirm\u00e1-lo &#8211; entre muitos outros, espalhados no Ros\u00e1rio (Igreja, por exemplo), Cabouco, Ribeira Ch\u00e3 ou Santa Cruz &#8211; est\u00e1 a presen\u00e7a da reprodu\u00e7\u00e3o em cobre e lat\u00e3o do modelo reduzido da destila\u00e7\u00e3o da F\u00e1brica executado para uma exposi\u00e7\u00e3o realizada na d\u00e9cada de 30 aquando da visita do ent\u00e3o Presidente da Rep\u00fablica.<\/p>\n<p style=\"text-align: left;\" align=\"JUSTIFY\">Aplicou-se, tamb\u00e9m atrav\u00e9s de um curso frequentado, e via conhecimentos adquiridos, numa \u00e9poca em que este ramo ainda era pouco desenvolvido localmente, na Soldadura e em diversos metais, sobretudo em Cobre, visto ser este o mais frequente no equipamento existente.<\/p>\n<p style=\"text-align: left;\" align=\"JUSTIFY\">Esta actua\u00e7\u00e3o como Soldador veio a revelar-se fundamental nos trabalhos da remodela\u00e7\u00e3o da F\u00e1brica em 1970 e, apesar de Chefia, n\u00e3o se limitou a orientar os seus subordinados, como tamb\u00e9m continuou a assumir a execu\u00e7\u00e3o das tarefas de maior dificuldade.<\/p>\n<p style=\"text-align: left;\" align=\"JUSTIFY\">Foi Fogueiro &#8211; esteve desde sempre ligado \u00e0 produ\u00e7\u00e3o de vapor &#8211; participando activamente na transforma\u00e7\u00e3o da alimenta\u00e7\u00e3o de uma geradora de carv\u00e3o para fuel oil realizada em 1947.<\/p>\n<p style=\"text-align: left;\" align=\"JUSTIFY\">O Mestre Renato Soares, como \u00e9 assim lembrado, tamb\u00e9m teve uma oficina, que come\u00e7ou nos anos 50. Ficava por detr\u00e1s da casa do Sr. Alfredo Furtado, e que se intitulava primeiramente &#8220;Reparadora Avenida&#8221;.<\/p>\n<p style=\"text-align: left;\" align=\"JUSTIFY\">Colaboraram com Renato Soares o Sr. Jos\u00e9 Castelo, como ajudante, Gilberto Gouveia Branquinho, depois dos anos 60, e Norberto, que mais tarde emigrou.<\/p>\n<p style=\"text-align: left;\" align=\"JUSTIFY\">Jos\u00e9 Ant\u00f3nio Medeiros, casado com C\u00e2ndida Mesquita, trabalhou igualmente com Renato Soares na parte da Serragem. Lembremo-nos, por isso, que Renato Soares, por igual, tamb\u00e9m fazia equipamentos agr\u00edcolas, como sachadeiras.<\/p>\n<p style=\"text-align: left;\" align=\"JUSTIFY\">Os lustros da igreja do Ros\u00e1rio, as portadas, a pia baptismal, o amb\u00e3o, isto da Igreja do Ros\u00e1rio, mas igualmente grelhas, varandas, etc, foram feitas por ele. O antigo jardim do Ros\u00e1rio, antes de ser praceta (com repuxos), a ideia dos &#8220;repuxos&#8221;, no centro do antigo jardim, foi precisamente do Mestre Renato Soares de Macedo, registe-se.<\/p>\n<p style=\"text-align: left;\" align=\"JUSTIFY\">Noutras igrejas: se formos ao Cabouco, temos trabalho feito nos anos 60, entre 60 e 62. Em Santa Cruz, a porta baptismal. No Livramento fez tamb\u00e9m trabalhos, bem como na Igreja da Ribeira Ch\u00e3, na Igreja nova das Furnas e em Santa B\u00e1rbara, entre outras.<\/p>\n<p style=\"text-align: left;\" align=\"JUSTIFY\">Faleceu, o Mestre Renato Soares de Macedo, a 20 de Novembro de 1988.<\/p>","protected":false},"excerpt":{"rendered":"<p>Renato Soares de Macedo nasceu em Nossa Senhora do Ros\u00e1rio, concelho de Lagoa, A\u00e7ores, a 28 de Janeiro de 1920, sendo filho directo de Francisco Soares de Macedo, antigo executante musical da Filarm\u00f3nica Lira do Ros\u00e1rio, por largos anos, e de Maria Sofia de Medeiros Ramalho. Media 1 metro e 61 cent\u00edmetros, mas, nem por [&hellip;]<\/p>","protected":false},"author":2,"featured_media":109820,"comment_status":"open","ping_status":"closed","sticky":false,"template":"","format":"standard","meta":[],"categories":[11],"tags":[],"acf":[],"yoast_head":"<!-- This site is optimized with the Yoast SEO plugin v20.10 - https:\/\/yoast.com\/wordpress\/plugins\/seo\/ -->\n<title>O perfil do Mestre Renato Soares de Macedo - Di\u00e1rio da Lagoa<\/title>\n<meta name=\"robots\" content=\"index, follow, max-snippet:-1, max-image-preview:large, max-video-preview:-1\" \/>\n<link rel=\"canonical\" href=\"https:\/\/diariodalagoa.pt\/en\/o-perfil-do-mestre-renato-soares-de-macedo\/\" \/>\n<meta property=\"og:locale\" content=\"en_US\" \/>\n<meta property=\"og:type\" content=\"article\" \/>\n<meta property=\"og:title\" content=\"O perfil do Mestre Renato Soares de Macedo - Di\u00e1rio da Lagoa\" \/>\n<meta property=\"og:description\" content=\"Renato Soares de Macedo nasceu em Nossa Senhora do Ros\u00e1rio, concelho de Lagoa, A\u00e7ores, a 28 de Janeiro de 1920, sendo filho directo de Francisco Soares de Macedo, antigo executante musical da Filarm\u00f3nica Lira do Ros\u00e1rio, por largos anos, e de Maria Sofia de Medeiros Ramalho. Media 1 metro e 61 cent\u00edmetros, mas, nem por [&hellip;]\" \/>\n<meta property=\"og:url\" content=\"https:\/\/diariodalagoa.pt\/en\/o-perfil-do-mestre-renato-soares-de-macedo\/\" \/>\n<meta property=\"og:site_name\" content=\"Di\u00e1rio da Lagoa\" \/>\n<meta property=\"article:published_time\" content=\"2023-01-25T10:47:57+00:00\" \/>\n<meta property=\"article:modified_time\" content=\"2025-09-28T00:35:49+00:00\" \/>\n<meta property=\"og:image\" content=\"https:\/\/diariodalagoa.pt\/wp-content\/uploads\/2023\/01\/renato-soares-de-macedo-moldura.png\" \/>\n\t<meta property=\"og:image:width\" content=\"960\" \/>\n\t<meta property=\"og:image:height\" content=\"768\" \/>\n\t<meta property=\"og:image:type\" content=\"image\/png\" \/>\n<meta name=\"author\" content=\"Di\u00e1rio da Lagoa\" \/>\n<meta name=\"twitter:card\" content=\"summary_large_image\" \/>\n<meta name=\"twitter:label1\" content=\"Written by\" \/>\n\t<meta name=\"twitter:data1\" content=\"Di\u00e1rio da Lagoa\" \/>\n\t<meta name=\"twitter:label2\" content=\"Est. reading time\" \/>\n\t<meta name=\"twitter:data2\" content=\"4 minutes\" \/>\n<script type=\"application\/ld+json\" class=\"yoast-schema-graph\">{\"@context\":\"https:\/\/schema.org\",\"@graph\":[{\"@type\":\"WebPage\",\"@id\":\"https:\/\/diariodalagoa.pt\/o-perfil-do-mestre-renato-soares-de-macedo\/\",\"url\":\"https:\/\/diariodalagoa.pt\/o-perfil-do-mestre-renato-soares-de-macedo\/\",\"name\":\"O perfil do Mestre Renato Soares de Macedo - Di\u00e1rio da Lagoa\",\"isPartOf\":{\"@id\":\"https:\/\/diariodalagoa.pt\/#website\"},\"datePublished\":\"2023-01-25T10:47:57+00:00\",\"dateModified\":\"2025-09-28T00:35:49+00:00\",\"author\":{\"@id\":\"https:\/\/diariodalagoa.pt\/#\/schema\/person\/1615a002370e8857b6f972834bc43ece\"},\"breadcrumb\":{\"@id\":\"https:\/\/diariodalagoa.pt\/o-perfil-do-mestre-renato-soares-de-macedo\/#breadcrumb\"},\"inLanguage\":\"en-US\",\"potentialAction\":[{\"@type\":\"ReadAction\",\"target\":[\"https:\/\/diariodalagoa.pt\/o-perfil-do-mestre-renato-soares-de-macedo\/\"]}]},{\"@type\":\"BreadcrumbList\",\"@id\":\"https:\/\/diariodalagoa.pt\/o-perfil-do-mestre-renato-soares-de-macedo\/#breadcrumb\",\"itemListElement\":[{\"@type\":\"ListItem\",\"position\":1,\"name\":\"In\u00edcio\",\"item\":\"https:\/\/diariodalagoa.pt\/\"},{\"@type\":\"ListItem\",\"position\":2,\"name\":\"O perfil do Mestre Renato Soares de Macedo\"}]},{\"@type\":\"WebSite\",\"@id\":\"https:\/\/diariodalagoa.pt\/#website\",\"url\":\"https:\/\/diariodalagoa.pt\/\",\"name\":\"Di\u00e1rio da Lagoa\",\"description\":\"Di\u00e1rio da Lagoa. As not\u00edcias que contam. A partir da Lagoa, nos A\u00e7ores, para o mundo.\",\"potentialAction\":[{\"@type\":\"SearchAction\",\"target\":{\"@type\":\"EntryPoint\",\"urlTemplate\":\"https:\/\/diariodalagoa.pt\/?s={search_term_string}\"},\"query-input\":\"required name=search_term_string\"}],\"inLanguage\":\"en-US\"},{\"@type\":\"Person\",\"@id\":\"https:\/\/diariodalagoa.pt\/#\/schema\/person\/1615a002370e8857b6f972834bc43ece\",\"name\":\"Di\u00e1rio da Lagoa\",\"image\":{\"@type\":\"ImageObject\",\"inLanguage\":\"en-US\",\"@id\":\"https:\/\/diariodalagoa.pt\/#\/schema\/person\/image\/\",\"url\":\"https:\/\/secure.gravatar.com\/avatar\/2cb5cef90a26f8fbd4d9d930608102c5?s=96&d=mm&r=g\",\"contentUrl\":\"https:\/\/secure.gravatar.com\/avatar\/2cb5cef90a26f8fbd4d9d930608102c5?s=96&d=mm&r=g\",\"caption\":\"Di\u00e1rio da Lagoa\"},\"url\":\"https:\/\/diariodalagoa.pt\/en\/author\/diariodalagoa\/\"}]}<\/script>\n<!-- \/ Yoast SEO plugin. -->","yoast_head_json":{"title":"O perfil do Mestre Renato Soares de Macedo - Di\u00e1rio da Lagoa","robots":{"index":"index","follow":"follow","max-snippet":"max-snippet:-1","max-image-preview":"max-image-preview:large","max-video-preview":"max-video-preview:-1"},"canonical":"https:\/\/diariodalagoa.pt\/en\/o-perfil-do-mestre-renato-soares-de-macedo\/","og_locale":"en_US","og_type":"article","og_title":"O perfil do Mestre Renato Soares de Macedo - Di\u00e1rio da Lagoa","og_description":"Renato Soares de Macedo nasceu em Nossa Senhora do Ros\u00e1rio, concelho de Lagoa, A\u00e7ores, a 28 de Janeiro de 1920, sendo filho directo de Francisco Soares de Macedo, antigo executante musical da Filarm\u00f3nica Lira do Ros\u00e1rio, por largos anos, e de Maria Sofia de Medeiros Ramalho. Media 1 metro e 61 cent\u00edmetros, mas, nem por [&hellip;]","og_url":"https:\/\/diariodalagoa.pt\/en\/o-perfil-do-mestre-renato-soares-de-macedo\/","og_site_name":"Di\u00e1rio da Lagoa","article_published_time":"2023-01-25T10:47:57+00:00","article_modified_time":"2025-09-28T00:35:49+00:00","og_image":[{"width":960,"height":768,"url":"https:\/\/diariodalagoa.pt\/wp-content\/uploads\/2023\/01\/renato-soares-de-macedo-moldura.png","type":"image\/png"}],"author":"Di\u00e1rio da Lagoa","twitter_card":"summary_large_image","twitter_misc":{"Written by":"Di\u00e1rio da Lagoa","Est. reading time":"4 minutes"},"schema":{"@context":"https:\/\/schema.org","@graph":[{"@type":"WebPage","@id":"https:\/\/diariodalagoa.pt\/o-perfil-do-mestre-renato-soares-de-macedo\/","url":"https:\/\/diariodalagoa.pt\/o-perfil-do-mestre-renato-soares-de-macedo\/","name":"O perfil do Mestre Renato Soares de Macedo - Di\u00e1rio da Lagoa","isPartOf":{"@id":"https:\/\/diariodalagoa.pt\/#website"},"datePublished":"2023-01-25T10:47:57+00:00","dateModified":"2025-09-28T00:35:49+00:00","author":{"@id":"https:\/\/diariodalagoa.pt\/#\/schema\/person\/1615a002370e8857b6f972834bc43ece"},"breadcrumb":{"@id":"https:\/\/diariodalagoa.pt\/o-perfil-do-mestre-renato-soares-de-macedo\/#breadcrumb"},"inLanguage":"en-US","potentialAction":[{"@type":"ReadAction","target":["https:\/\/diariodalagoa.pt\/o-perfil-do-mestre-renato-soares-de-macedo\/"]}]},{"@type":"BreadcrumbList","@id":"https:\/\/diariodalagoa.pt\/o-perfil-do-mestre-renato-soares-de-macedo\/#breadcrumb","itemListElement":[{"@type":"ListItem","position":1,"name":"In\u00edcio","item":"https:\/\/diariodalagoa.pt\/"},{"@type":"ListItem","position":2,"name":"O perfil do Mestre Renato Soares de Macedo"}]},{"@type":"WebSite","@id":"https:\/\/diariodalagoa.pt\/#website","url":"https:\/\/diariodalagoa.pt\/","name":"Di\u00e1rio da Lagoa","description":"Di\u00e1rio da Lagoa. As not\u00edcias que contam. A partir da Lagoa, nos A\u00e7ores, para o mundo.","potentialAction":[{"@type":"SearchAction","target":{"@type":"EntryPoint","urlTemplate":"https:\/\/diariodalagoa.pt\/?s={search_term_string}"},"query-input":"required name=search_term_string"}],"inLanguage":"en-US"},{"@type":"Person","@id":"https:\/\/diariodalagoa.pt\/#\/schema\/person\/1615a002370e8857b6f972834bc43ece","name":"Di\u00e1rio da Lagoa","image":{"@type":"ImageObject","inLanguage":"en-US","@id":"https:\/\/diariodalagoa.pt\/#\/schema\/person\/image\/","url":"https:\/\/secure.gravatar.com\/avatar\/2cb5cef90a26f8fbd4d9d930608102c5?s=96&d=mm&r=g","contentUrl":"https:\/\/secure.gravatar.com\/avatar\/2cb5cef90a26f8fbd4d9d930608102c5?s=96&d=mm&r=g","caption":"Di\u00e1rio da Lagoa"},"url":"https:\/\/diariodalagoa.pt\/en\/author\/diariodalagoa\/"}]}},"_links":{"self":[{"href":"https:\/\/diariodalagoa.pt\/en\/wp-json\/wp\/v2\/posts\/106776"}],"collection":[{"href":"https:\/\/diariodalagoa.pt\/en\/wp-json\/wp\/v2\/posts"}],"about":[{"href":"https:\/\/diariodalagoa.pt\/en\/wp-json\/wp\/v2\/types\/post"}],"author":[{"embeddable":true,"href":"https:\/\/diariodalagoa.pt\/en\/wp-json\/wp\/v2\/users\/2"}],"replies":[{"embeddable":true,"href":"https:\/\/diariodalagoa.pt\/en\/wp-json\/wp\/v2\/comments?post=106776"}],"version-history":[{"count":3,"href":"https:\/\/diariodalagoa.pt\/en\/wp-json\/wp\/v2\/posts\/106776\/revisions"}],"predecessor-version":[{"id":133748,"href":"https:\/\/diariodalagoa.pt\/en\/wp-json\/wp\/v2\/posts\/106776\/revisions\/133748"}],"wp:featuredmedia":[{"embeddable":true,"href":"https:\/\/diariodalagoa.pt\/en\/wp-json\/wp\/v2\/media\/109820"}],"wp:attachment":[{"href":"https:\/\/diariodalagoa.pt\/en\/wp-json\/wp\/v2\/media?parent=106776"}],"wp:term":[{"taxonomy":"category","embeddable":true,"href":"https:\/\/diariodalagoa.pt\/en\/wp-json\/wp\/v2\/categories?post=106776"},{"taxonomy":"post_tag","embeddable":true,"href":"https:\/\/diariodalagoa.pt\/en\/wp-json\/wp\/v2\/tags?post=106776"}],"curies":[{"name":"wp","href":"https:\/\/api.w.org\/{rel}","templated":true}]}}