{"id":10674,"date":"2014-10-27T14:22:07","date_gmt":"2014-10-27T15:22:07","guid":{"rendered":"http:\/\/diariodalagoa.pt\/?p=10674"},"modified":"2014-10-27T14:22:07","modified_gmt":"2014-10-27T15:22:07","slug":"taxa-bruta-de-poupanca-das-familias-diminuiu-para-129-na-zona-euro-e-104-na-ue","status":"publish","type":"post","link":"https:\/\/diariodalagoa.pt\/en\/taxa-bruta-de-poupanca-das-familias-diminuiu-para-129-na-zona-euro-e-104-na-ue\/","title":{"rendered":"Taxa bruta de poupan\u00e7a das fam\u00edlias diminuiu para 12,9% na zona euro e 10,4% na UE"},"content":{"rendered":"<p style=\"text-align: justify;\"><img decoding=\"async\" class=\"alignnone size-full wp-image-6693\" src=\"http:\/\/diariodalagoa.pt\/wp-content\/uploads\/2014\/07\/Bruxelas-europa-parlamento-.jpg\" alt=\"Bruxelas-europa-parlamento-\" width=\"720\" height=\"379\" \/><\/p>\n<p style=\"text-align: justify;\"><span style=\"color: #000000;\">Segundo dados publicados pelo Eurostat, com base no Sistema Europeu de Contas 2010 (SEC 2010), a taxa bruta de poupan\u00e7a das fam\u00edlias foi de 12,9% na zona euro no segundo trimestre de 2014 em compara\u00e7\u00e3o com 13,1% no primeiro trimestre do mesmo ano. Na UE, a taxa bruta de poupan\u00e7a das fam\u00edlias foi de 10,4%, em compara\u00e7\u00e3o com 10,7% no trimestre anterior. <\/span><\/p>\n<p style=\"text-align: justify;\"><span style=\"color: #000000;\">Estes dados s\u00e3o provenientes de um conjunto pormenorizado de contas europeias trimestrais em valores corrigidos de sazonalidade, publicados pelo Eurostat, o Servi\u00e7o de Estat\u00edstica da Uni\u00e3o Europeia, e o Banco Central Europeu (BCE).<\/span><\/p>\n<p style=\"text-align: justify;\"><span style=\"color: #000000;\">Por outro lado, segundo dados publicados pelo Eurostat, com base no Sistema Europeu de Contas 2010 (SEC 2010), a taxa de investimento empresarial no segundo trimestre de 2014 foi de 21,6% na zona euro, mantendo-se est\u00e1vel em compara\u00e7\u00e3o com o primeiro trimestre. Este foi o resultado de investimento est\u00e1vel enquanto o valor acrescentado bruto se manteve praticamente inalterado (+0,1%). As exist\u00eancias totais (materiais, equipamentos e produtos acabados) diminu\u00edram.<\/span><\/p>\n<p style=\"text-align: justify;\"><span style=\"color: #000000;\">Na UE a taxa de investimento foi de 21,9% no segundo trimestre mantendo-se est\u00e1vel em rela\u00e7\u00e3o ao trimestre anterior.<\/span><\/p>\n<p style=\"text-align: justify;\"><span style=\"color: #000000;\">Estes dados s\u00e3o provenientes de um conjunto pormenorizado de contas europeias trimestrais por setor em valores corrigidos de sazonalidade, publicados pelo Eurostat, o Servi\u00e7o de Estat\u00edstica da Uni\u00e3o Europeia, e o Banco Central Europeu (BCE).<\/span><\/p>\n<p style=\"text-align: justify;\"><span style=\"color: #000000;\"><em>DL\/RCEP<\/em><\/span><\/p>","protected":false},"excerpt":{"rendered":"<p>Segundo dados publicados pelo Eurostat, com base no Sistema Europeu de Contas 2010 (SEC 2010), a taxa bruta de poupan\u00e7a das fam\u00edlias foi de 12,9% na zona euro no segundo trimestre de 2014 em compara\u00e7\u00e3o com 13,1% no primeiro trimestre do mesmo ano. Na UE, a taxa bruta de poupan\u00e7a das fam\u00edlias foi de 10,4%, [&hellip;]<\/p>","protected":false},"author":2,"featured_media":121719,"comment_status":"open","ping_status":"open","sticky":false,"template":"","format":"standard","meta":[],"categories":[21],"tags":[],"acf":[],"yoast_head":"<!-- This site is optimized with the Yoast SEO plugin v20.10 - https:\/\/yoast.com\/wordpress\/plugins\/seo\/ -->\n<title>Taxa bruta de poupan\u00e7a das fam\u00edlias diminuiu para 12,9% na zona euro e 10,4% na UE - Di\u00e1rio da Lagoa<\/title>\n<meta name=\"robots\" content=\"index, follow, max-snippet:-1, max-image-preview:large, max-video-preview:-1\" \/>\n<link rel=\"canonical\" href=\"https:\/\/diariodalagoa.pt\/en\/taxa-bruta-de-poupanca-das-familias-diminuiu-para-129-na-zona-euro-e-104-na-ue\/\" \/>\n<meta property=\"og:locale\" content=\"en_US\" \/>\n<meta property=\"og:type\" content=\"article\" \/>\n<meta property=\"og:title\" content=\"Taxa bruta de poupan\u00e7a das fam\u00edlias diminuiu para 12,9% na zona euro e 10,4% na UE - Di\u00e1rio da Lagoa\" \/>\n<meta property=\"og:description\" content=\"Segundo dados publicados pelo Eurostat, com base no Sistema Europeu de Contas 2010 (SEC 2010), a taxa bruta de poupan\u00e7a das fam\u00edlias foi de 12,9% na zona euro no segundo trimestre de 2014 em compara\u00e7\u00e3o com 13,1% no primeiro trimestre do mesmo ano. Na UE, a taxa bruta de poupan\u00e7a das fam\u00edlias foi de 10,4%, [&hellip;]\" \/>\n<meta property=\"og:url\" content=\"https:\/\/diariodalagoa.pt\/en\/taxa-bruta-de-poupanca-das-familias-diminuiu-para-129-na-zona-euro-e-104-na-ue\/\" \/>\n<meta property=\"og:site_name\" content=\"Di\u00e1rio da Lagoa\" \/>\n<meta property=\"article:published_time\" content=\"2014-10-27T15:22:07+00:00\" \/>\n<meta property=\"og:image\" content=\"https:\/\/diariodalagoa.pt\/wp-content\/uploads\/2014\/10\/bruxelas-europa-parlamento.jpg\" \/>\n\t<meta property=\"og:image:width\" content=\"720\" \/>\n\t<meta property=\"og:image:height\" content=\"379\" \/>\n\t<meta property=\"og:image:type\" content=\"image\/jpeg\" \/>\n<meta name=\"author\" content=\"Di\u00e1rio da Lagoa\" \/>\n<meta name=\"twitter:card\" content=\"summary_large_image\" \/>\n<meta name=\"twitter:label1\" content=\"Written by\" \/>\n\t<meta name=\"twitter:data1\" content=\"Di\u00e1rio da Lagoa\" \/>\n\t<meta name=\"twitter:label2\" content=\"Est. reading time\" \/>\n\t<meta name=\"twitter:data2\" content=\"1 minute\" \/>\n<script type=\"application\/ld+json\" class=\"yoast-schema-graph\">{\"@context\":\"https:\/\/schema.org\",\"@graph\":[{\"@type\":\"WebPage\",\"@id\":\"https:\/\/diariodalagoa.pt\/taxa-bruta-de-poupanca-das-familias-diminuiu-para-129-na-zona-euro-e-104-na-ue\/\",\"url\":\"https:\/\/diariodalagoa.pt\/taxa-bruta-de-poupanca-das-familias-diminuiu-para-129-na-zona-euro-e-104-na-ue\/\",\"name\":\"Taxa bruta de poupan\u00e7a das fam\u00edlias diminuiu para 12,9% na zona euro e 10,4% na UE - Di\u00e1rio da Lagoa\",\"isPartOf\":{\"@id\":\"https:\/\/diariodalagoa.pt\/#website\"},\"datePublished\":\"2014-10-27T15:22:07+00:00\",\"dateModified\":\"2014-10-27T15:22:07+00:00\",\"author\":{\"@id\":\"https:\/\/diariodalagoa.pt\/#\/schema\/person\/1615a002370e8857b6f972834bc43ece\"},\"breadcrumb\":{\"@id\":\"https:\/\/diariodalagoa.pt\/taxa-bruta-de-poupanca-das-familias-diminuiu-para-129-na-zona-euro-e-104-na-ue\/#breadcrumb\"},\"inLanguage\":\"en-US\",\"potentialAction\":[{\"@type\":\"ReadAction\",\"target\":[\"https:\/\/diariodalagoa.pt\/taxa-bruta-de-poupanca-das-familias-diminuiu-para-129-na-zona-euro-e-104-na-ue\/\"]}]},{\"@type\":\"BreadcrumbList\",\"@id\":\"https:\/\/diariodalagoa.pt\/taxa-bruta-de-poupanca-das-familias-diminuiu-para-129-na-zona-euro-e-104-na-ue\/#breadcrumb\",\"itemListElement\":[{\"@type\":\"ListItem\",\"position\":1,\"name\":\"In\u00edcio\",\"item\":\"https:\/\/diariodalagoa.pt\/\"},{\"@type\":\"ListItem\",\"position\":2,\"name\":\"Taxa bruta de poupan\u00e7a das fam\u00edlias diminuiu para 12,9% na zona euro e 10,4% na UE\"}]},{\"@type\":\"WebSite\",\"@id\":\"https:\/\/diariodalagoa.pt\/#website\",\"url\":\"https:\/\/diariodalagoa.pt\/\",\"name\":\"Di\u00e1rio da Lagoa\",\"description\":\"Di\u00e1rio da Lagoa. As not\u00edcias que contam. A partir da Lagoa, nos A\u00e7ores, para o mundo.\",\"potentialAction\":[{\"@type\":\"SearchAction\",\"target\":{\"@type\":\"EntryPoint\",\"urlTemplate\":\"https:\/\/diariodalagoa.pt\/?s={search_term_string}\"},\"query-input\":\"required name=search_term_string\"}],\"inLanguage\":\"en-US\"},{\"@type\":\"Person\",\"@id\":\"https:\/\/diariodalagoa.pt\/#\/schema\/person\/1615a002370e8857b6f972834bc43ece\",\"name\":\"Di\u00e1rio da Lagoa\",\"image\":{\"@type\":\"ImageObject\",\"inLanguage\":\"en-US\",\"@id\":\"https:\/\/diariodalagoa.pt\/#\/schema\/person\/image\/\",\"url\":\"https:\/\/secure.gravatar.com\/avatar\/2cb5cef90a26f8fbd4d9d930608102c5?s=96&d=mm&r=g\",\"contentUrl\":\"https:\/\/secure.gravatar.com\/avatar\/2cb5cef90a26f8fbd4d9d930608102c5?s=96&d=mm&r=g\",\"caption\":\"Di\u00e1rio da Lagoa\"},\"url\":\"https:\/\/diariodalagoa.pt\/en\/author\/diariodalagoa\/\"}]}<\/script>\n<!-- \/ Yoast SEO plugin. -->","yoast_head_json":{"title":"Taxa bruta de poupan\u00e7a das fam\u00edlias diminuiu para 12,9% na zona euro e 10,4% na UE - Di\u00e1rio da Lagoa","robots":{"index":"index","follow":"follow","max-snippet":"max-snippet:-1","max-image-preview":"max-image-preview:large","max-video-preview":"max-video-preview:-1"},"canonical":"https:\/\/diariodalagoa.pt\/en\/taxa-bruta-de-poupanca-das-familias-diminuiu-para-129-na-zona-euro-e-104-na-ue\/","og_locale":"en_US","og_type":"article","og_title":"Taxa bruta de poupan\u00e7a das fam\u00edlias diminuiu para 12,9% na zona euro e 10,4% na UE - Di\u00e1rio da Lagoa","og_description":"Segundo dados publicados pelo Eurostat, com base no Sistema Europeu de Contas 2010 (SEC 2010), a taxa bruta de poupan\u00e7a das fam\u00edlias foi de 12,9% na zona euro no segundo trimestre de 2014 em compara\u00e7\u00e3o com 13,1% no primeiro trimestre do mesmo ano. Na UE, a taxa bruta de poupan\u00e7a das fam\u00edlias foi de 10,4%, [&hellip;]","og_url":"https:\/\/diariodalagoa.pt\/en\/taxa-bruta-de-poupanca-das-familias-diminuiu-para-129-na-zona-euro-e-104-na-ue\/","og_site_name":"Di\u00e1rio da Lagoa","article_published_time":"2014-10-27T15:22:07+00:00","og_image":[{"width":720,"height":379,"url":"https:\/\/diariodalagoa.pt\/wp-content\/uploads\/2014\/10\/bruxelas-europa-parlamento.jpg","type":"image\/jpeg"}],"author":"Di\u00e1rio da Lagoa","twitter_card":"summary_large_image","twitter_misc":{"Written by":"Di\u00e1rio da Lagoa","Est. reading time":"1 minute"},"schema":{"@context":"https:\/\/schema.org","@graph":[{"@type":"WebPage","@id":"https:\/\/diariodalagoa.pt\/taxa-bruta-de-poupanca-das-familias-diminuiu-para-129-na-zona-euro-e-104-na-ue\/","url":"https:\/\/diariodalagoa.pt\/taxa-bruta-de-poupanca-das-familias-diminuiu-para-129-na-zona-euro-e-104-na-ue\/","name":"Taxa bruta de poupan\u00e7a das fam\u00edlias diminuiu para 12,9% na zona euro e 10,4% na UE - Di\u00e1rio da Lagoa","isPartOf":{"@id":"https:\/\/diariodalagoa.pt\/#website"},"datePublished":"2014-10-27T15:22:07+00:00","dateModified":"2014-10-27T15:22:07+00:00","author":{"@id":"https:\/\/diariodalagoa.pt\/#\/schema\/person\/1615a002370e8857b6f972834bc43ece"},"breadcrumb":{"@id":"https:\/\/diariodalagoa.pt\/taxa-bruta-de-poupanca-das-familias-diminuiu-para-129-na-zona-euro-e-104-na-ue\/#breadcrumb"},"inLanguage":"en-US","potentialAction":[{"@type":"ReadAction","target":["https:\/\/diariodalagoa.pt\/taxa-bruta-de-poupanca-das-familias-diminuiu-para-129-na-zona-euro-e-104-na-ue\/"]}]},{"@type":"BreadcrumbList","@id":"https:\/\/diariodalagoa.pt\/taxa-bruta-de-poupanca-das-familias-diminuiu-para-129-na-zona-euro-e-104-na-ue\/#breadcrumb","itemListElement":[{"@type":"ListItem","position":1,"name":"In\u00edcio","item":"https:\/\/diariodalagoa.pt\/"},{"@type":"ListItem","position":2,"name":"Taxa bruta de poupan\u00e7a das fam\u00edlias diminuiu para 12,9% na zona euro e 10,4% na UE"}]},{"@type":"WebSite","@id":"https:\/\/diariodalagoa.pt\/#website","url":"https:\/\/diariodalagoa.pt\/","name":"Di\u00e1rio da Lagoa","description":"Di\u00e1rio da Lagoa. As not\u00edcias que contam. A partir da Lagoa, nos A\u00e7ores, para o mundo.","potentialAction":[{"@type":"SearchAction","target":{"@type":"EntryPoint","urlTemplate":"https:\/\/diariodalagoa.pt\/?s={search_term_string}"},"query-input":"required name=search_term_string"}],"inLanguage":"en-US"},{"@type":"Person","@id":"https:\/\/diariodalagoa.pt\/#\/schema\/person\/1615a002370e8857b6f972834bc43ece","name":"Di\u00e1rio da Lagoa","image":{"@type":"ImageObject","inLanguage":"en-US","@id":"https:\/\/diariodalagoa.pt\/#\/schema\/person\/image\/","url":"https:\/\/secure.gravatar.com\/avatar\/2cb5cef90a26f8fbd4d9d930608102c5?s=96&d=mm&r=g","contentUrl":"https:\/\/secure.gravatar.com\/avatar\/2cb5cef90a26f8fbd4d9d930608102c5?s=96&d=mm&r=g","caption":"Di\u00e1rio da Lagoa"},"url":"https:\/\/diariodalagoa.pt\/en\/author\/diariodalagoa\/"}]}},"_links":{"self":[{"href":"https:\/\/diariodalagoa.pt\/en\/wp-json\/wp\/v2\/posts\/10674"}],"collection":[{"href":"https:\/\/diariodalagoa.pt\/en\/wp-json\/wp\/v2\/posts"}],"about":[{"href":"https:\/\/diariodalagoa.pt\/en\/wp-json\/wp\/v2\/types\/post"}],"author":[{"embeddable":true,"href":"https:\/\/diariodalagoa.pt\/en\/wp-json\/wp\/v2\/users\/2"}],"replies":[{"embeddable":true,"href":"https:\/\/diariodalagoa.pt\/en\/wp-json\/wp\/v2\/comments?post=10674"}],"version-history":[{"count":0,"href":"https:\/\/diariodalagoa.pt\/en\/wp-json\/wp\/v2\/posts\/10674\/revisions"}],"wp:featuredmedia":[{"embeddable":true,"href":"https:\/\/diariodalagoa.pt\/en\/wp-json\/wp\/v2\/media\/121719"}],"wp:attachment":[{"href":"https:\/\/diariodalagoa.pt\/en\/wp-json\/wp\/v2\/media?parent=10674"}],"wp:term":[{"taxonomy":"category","embeddable":true,"href":"https:\/\/diariodalagoa.pt\/en\/wp-json\/wp\/v2\/categories?post=10674"},{"taxonomy":"post_tag","embeddable":true,"href":"https:\/\/diariodalagoa.pt\/en\/wp-json\/wp\/v2\/tags?post=10674"}],"curies":[{"name":"wp","href":"https:\/\/api.w.org\/{rel}","templated":true}]}}