{"id":10618,"date":"2014-10-24T17:11:13","date_gmt":"2014-10-24T18:11:13","guid":{"rendered":"http:\/\/diariodalagoa.pt\/?p=10618"},"modified":"2014-10-24T17:11:13","modified_gmt":"2014-10-24T18:11:13","slug":"ponta-delgada-recebe-seminario-intitulado-azores-%e2%80%90-potencial-for-space-technology","status":"publish","type":"post","link":"https:\/\/diariodalagoa.pt\/en\/ponta-delgada-recebe-seminario-intitulado-azores-%e2%80%90-potencial-for-space-technology\/","title":{"rendered":"Ponta Delgada recebe semin\u00e1rio intitulado &#8220;Azores \u2010 Potencial for Space Technology&#8221;"},"content":{"rendered":"<p style=\"text-align: justify;\"><img decoding=\"async\" class=\"alignnone size-full wp-image-10619\" src=\"http:\/\/diariodalagoa.pt\/wp-content\/uploads\/2014\/10\/ESA-tecnologia-espacial-A\u00e7ores-Santa-Maria.jpg\" alt=\"ESA-tecnologia-espacial-A\u00e7ores-Santa-Maria\" width=\"720\" height=\"380\" \/><\/p>\n<p style=\"text-align: justify;\"><span style=\"color: #000000;\">A Dire\u00e7\u00e3o Regional da Ci\u00eancia e Tecnologia organiza, no dia 27 de Outubro, em Ponta Delgada,\u00a0o\u00a0Azores \u2010 Potencial for Space Technology, um semin\u00e1rio que conta com a presen\u00e7a de v\u00e1rios oradores nacionais e internacionais e que pretende dar a conhecer os projetos na \u00e1rea das tecnologias espaciais em curso nos A\u00e7ores.\u00a0<\/span><\/p>\n<p style=\"text-align: justify;\"><span style=\"color: #000000;\">Durante o semin\u00e1rio ser\u00e3o apresentados projetos ligados \u00e0s altera\u00e7\u00f5es clim\u00e1ticas, radiastronomia, dete\u00e7\u00e3o remota e planeamento. Os programas espaciais europeus, as oportunidades do Horizonte 2020 e a associa\u00e7\u00e3o Nereus (<em>Network of European Regions using Space Technologies<\/em>), que congrega regi\u00f5es utilizadoras de tecnologia espacial, s\u00e3o ainda outros dos temas a ser abordados.\u00a0<\/span><\/p>\n<p style=\"text-align: justify;\"><span style=\"color: #000000;\">Promover a\u00a0regi\u00e3o como p\u00f3lo de desenvolvimento de tecnologia espacial, real\u00e7ando as suas potencialidades e especificidades em \u00e1reas de investiga\u00e7\u00e3o de excel\u00eancia e de proje\u00e7\u00e3o internacional, capazes de atrair parceiros internacionais, \u00e9 um dos principais objetivos do\u00a0Azores \u2010 Potencial for Space Technology.<strong>\u00a0<\/strong><\/span><\/p>\n<p style=\"text-align: justify;\"><span style=\"color: #000000;\">Refere uma nora do executivo que o Governo Regional tem vindo a apostar, nos \u00faltimos anos, na capta\u00e7\u00e3o de investimentos para o arquip\u00e9lago na \u00e1rea da tecnologia aeroespacial e a Regi\u00e3o, pela sua localiza\u00e7\u00e3o geogr\u00e1fica, tem vindo a alcan\u00e7ar um papel de relevo na instala\u00e7\u00e3o de diversas infraestruturas tecnol\u00f3gicas, nomeadamente, daquelas que se dedicam ao espa\u00e7o e \u00e0 observa\u00e7\u00e3o da terra.\u00a0<\/span><\/p>\n<p style=\"text-align: justify;\"><span style=\"color: #000000;\">O evento decorrer\u00e1 no\u00a0Laborat\u00f3rio Regional de Engenharia Civil, em Ponta Delgada, entre as\u00a09h30 \u00e0s 17h00.<\/span><\/p>\n<p style=\"text-align: justify;\"><span style=\"color: #000000;\"><em>DL\/SRCT<\/em><\/span><\/p>\n<p>&nbsp;<\/p>","protected":false},"excerpt":{"rendered":"<p>A Dire\u00e7\u00e3o Regional da Ci\u00eancia e Tecnologia organiza, no dia 27 de Outubro, em Ponta Delgada,\u00a0o\u00a0Azores \u2010 Potencial for Space Technology, um semin\u00e1rio que conta com a presen\u00e7a de v\u00e1rios oradores nacionais e internacionais e que pretende dar a conhecer os projetos na \u00e1rea das tecnologias espaciais em curso nos A\u00e7ores.\u00a0 Durante o semin\u00e1rio ser\u00e3o [&hellip;]<\/p>","protected":false},"author":2,"featured_media":0,"comment_status":"open","ping_status":"open","sticky":false,"template":"","format":"standard","meta":[],"categories":[21],"tags":[],"acf":[],"yoast_head":"<!-- This site is optimized with the Yoast SEO plugin v20.10 - https:\/\/yoast.com\/wordpress\/plugins\/seo\/ -->\n<title>Ponta Delgada recebe semin\u00e1rio intitulado &quot;Azores \u2010 Potencial for Space Technology&quot; - Di\u00e1rio da Lagoa<\/title>\n<meta name=\"robots\" content=\"index, follow, max-snippet:-1, max-image-preview:large, max-video-preview:-1\" \/>\n<link rel=\"canonical\" href=\"https:\/\/diariodalagoa.pt\/en\/ponta-delgada-recebe-seminario-intitulado-azores-\u2010-potencial-for-space-technology\/\" \/>\n<meta property=\"og:locale\" content=\"en_US\" \/>\n<meta property=\"og:type\" content=\"article\" \/>\n<meta property=\"og:title\" content=\"Ponta Delgada recebe semin\u00e1rio intitulado &quot;Azores \u2010 Potencial for Space Technology&quot; - Di\u00e1rio da Lagoa\" \/>\n<meta property=\"og:description\" content=\"A Dire\u00e7\u00e3o Regional da Ci\u00eancia e Tecnologia organiza, no dia 27 de Outubro, em Ponta Delgada,\u00a0o\u00a0Azores \u2010 Potencial for Space Technology, um semin\u00e1rio que conta com a presen\u00e7a de v\u00e1rios oradores nacionais e internacionais e que pretende dar a conhecer os projetos na \u00e1rea das tecnologias espaciais em curso nos A\u00e7ores.\u00a0 Durante o semin\u00e1rio ser\u00e3o [&hellip;]\" \/>\n<meta property=\"og:url\" content=\"https:\/\/diariodalagoa.pt\/en\/ponta-delgada-recebe-seminario-intitulado-azores-\u2010-potencial-for-space-technology\/\" \/>\n<meta property=\"og:site_name\" content=\"Di\u00e1rio da Lagoa\" \/>\n<meta property=\"article:published_time\" content=\"2014-10-24T18:11:13+00:00\" \/>\n<meta name=\"author\" content=\"Di\u00e1rio da Lagoa\" \/>\n<meta name=\"twitter:card\" content=\"summary_large_image\" \/>\n<meta name=\"twitter:label1\" content=\"Written by\" \/>\n\t<meta name=\"twitter:data1\" content=\"Di\u00e1rio da Lagoa\" \/>\n\t<meta name=\"twitter:label2\" content=\"Est. reading time\" \/>\n\t<meta name=\"twitter:data2\" content=\"1 minute\" \/>\n<script type=\"application\/ld+json\" class=\"yoast-schema-graph\">{\"@context\":\"https:\/\/schema.org\",\"@graph\":[{\"@type\":\"WebPage\",\"@id\":\"https:\/\/diariodalagoa.pt\/ponta-delgada-recebe-seminario-intitulado-azores-%e2%80%90-potencial-for-space-technology\/\",\"url\":\"https:\/\/diariodalagoa.pt\/ponta-delgada-recebe-seminario-intitulado-azores-%e2%80%90-potencial-for-space-technology\/\",\"name\":\"Ponta Delgada recebe semin\u00e1rio intitulado \\\"Azores \u2010 Potencial for Space Technology\\\" - Di\u00e1rio da Lagoa\",\"isPartOf\":{\"@id\":\"https:\/\/diariodalagoa.pt\/#website\"},\"datePublished\":\"2014-10-24T18:11:13+00:00\",\"dateModified\":\"2014-10-24T18:11:13+00:00\",\"author\":{\"@id\":\"https:\/\/diariodalagoa.pt\/#\/schema\/person\/1615a002370e8857b6f972834bc43ece\"},\"breadcrumb\":{\"@id\":\"https:\/\/diariodalagoa.pt\/ponta-delgada-recebe-seminario-intitulado-azores-%e2%80%90-potencial-for-space-technology\/#breadcrumb\"},\"inLanguage\":\"en-US\",\"potentialAction\":[{\"@type\":\"ReadAction\",\"target\":[\"https:\/\/diariodalagoa.pt\/ponta-delgada-recebe-seminario-intitulado-azores-%e2%80%90-potencial-for-space-technology\/\"]}]},{\"@type\":\"BreadcrumbList\",\"@id\":\"https:\/\/diariodalagoa.pt\/ponta-delgada-recebe-seminario-intitulado-azores-%e2%80%90-potencial-for-space-technology\/#breadcrumb\",\"itemListElement\":[{\"@type\":\"ListItem\",\"position\":1,\"name\":\"In\u00edcio\",\"item\":\"https:\/\/diariodalagoa.pt\/\"},{\"@type\":\"ListItem\",\"position\":2,\"name\":\"Ponta Delgada recebe semin\u00e1rio intitulado &#8220;Azores \u2010 Potencial for Space Technology&#8221;\"}]},{\"@type\":\"WebSite\",\"@id\":\"https:\/\/diariodalagoa.pt\/#website\",\"url\":\"https:\/\/diariodalagoa.pt\/\",\"name\":\"Di\u00e1rio da Lagoa\",\"description\":\"Di\u00e1rio da Lagoa. As not\u00edcias que contam. A partir da Lagoa, nos A\u00e7ores, para o mundo.\",\"potentialAction\":[{\"@type\":\"SearchAction\",\"target\":{\"@type\":\"EntryPoint\",\"urlTemplate\":\"https:\/\/diariodalagoa.pt\/?s={search_term_string}\"},\"query-input\":\"required name=search_term_string\"}],\"inLanguage\":\"en-US\"},{\"@type\":\"Person\",\"@id\":\"https:\/\/diariodalagoa.pt\/#\/schema\/person\/1615a002370e8857b6f972834bc43ece\",\"name\":\"Di\u00e1rio da Lagoa\",\"image\":{\"@type\":\"ImageObject\",\"inLanguage\":\"en-US\",\"@id\":\"https:\/\/diariodalagoa.pt\/#\/schema\/person\/image\/\",\"url\":\"https:\/\/secure.gravatar.com\/avatar\/2cb5cef90a26f8fbd4d9d930608102c5?s=96&d=mm&r=g\",\"contentUrl\":\"https:\/\/secure.gravatar.com\/avatar\/2cb5cef90a26f8fbd4d9d930608102c5?s=96&d=mm&r=g\",\"caption\":\"Di\u00e1rio da Lagoa\"},\"url\":\"https:\/\/diariodalagoa.pt\/en\/author\/diariodalagoa\/\"}]}<\/script>\n<!-- \/ Yoast SEO plugin. -->","yoast_head_json":{"title":"Ponta Delgada recebe semin\u00e1rio intitulado \"Azores \u2010 Potencial for Space Technology\" - Di\u00e1rio da Lagoa","robots":{"index":"index","follow":"follow","max-snippet":"max-snippet:-1","max-image-preview":"max-image-preview:large","max-video-preview":"max-video-preview:-1"},"canonical":"https:\/\/diariodalagoa.pt\/en\/ponta-delgada-recebe-seminario-intitulado-azores-\u2010-potencial-for-space-technology\/","og_locale":"en_US","og_type":"article","og_title":"Ponta Delgada recebe semin\u00e1rio intitulado \"Azores \u2010 Potencial for Space Technology\" - Di\u00e1rio da Lagoa","og_description":"A Dire\u00e7\u00e3o Regional da Ci\u00eancia e Tecnologia organiza, no dia 27 de Outubro, em Ponta Delgada,\u00a0o\u00a0Azores \u2010 Potencial for Space Technology, um semin\u00e1rio que conta com a presen\u00e7a de v\u00e1rios oradores nacionais e internacionais e que pretende dar a conhecer os projetos na \u00e1rea das tecnologias espaciais em curso nos A\u00e7ores.\u00a0 Durante o semin\u00e1rio ser\u00e3o [&hellip;]","og_url":"https:\/\/diariodalagoa.pt\/en\/ponta-delgada-recebe-seminario-intitulado-azores-\u2010-potencial-for-space-technology\/","og_site_name":"Di\u00e1rio da Lagoa","article_published_time":"2014-10-24T18:11:13+00:00","author":"Di\u00e1rio da Lagoa","twitter_card":"summary_large_image","twitter_misc":{"Written by":"Di\u00e1rio da Lagoa","Est. reading time":"1 minute"},"schema":{"@context":"https:\/\/schema.org","@graph":[{"@type":"WebPage","@id":"https:\/\/diariodalagoa.pt\/ponta-delgada-recebe-seminario-intitulado-azores-%e2%80%90-potencial-for-space-technology\/","url":"https:\/\/diariodalagoa.pt\/ponta-delgada-recebe-seminario-intitulado-azores-%e2%80%90-potencial-for-space-technology\/","name":"Ponta Delgada recebe semin\u00e1rio intitulado \"Azores \u2010 Potencial for Space Technology\" - Di\u00e1rio da Lagoa","isPartOf":{"@id":"https:\/\/diariodalagoa.pt\/#website"},"datePublished":"2014-10-24T18:11:13+00:00","dateModified":"2014-10-24T18:11:13+00:00","author":{"@id":"https:\/\/diariodalagoa.pt\/#\/schema\/person\/1615a002370e8857b6f972834bc43ece"},"breadcrumb":{"@id":"https:\/\/diariodalagoa.pt\/ponta-delgada-recebe-seminario-intitulado-azores-%e2%80%90-potencial-for-space-technology\/#breadcrumb"},"inLanguage":"en-US","potentialAction":[{"@type":"ReadAction","target":["https:\/\/diariodalagoa.pt\/ponta-delgada-recebe-seminario-intitulado-azores-%e2%80%90-potencial-for-space-technology\/"]}]},{"@type":"BreadcrumbList","@id":"https:\/\/diariodalagoa.pt\/ponta-delgada-recebe-seminario-intitulado-azores-%e2%80%90-potencial-for-space-technology\/#breadcrumb","itemListElement":[{"@type":"ListItem","position":1,"name":"In\u00edcio","item":"https:\/\/diariodalagoa.pt\/"},{"@type":"ListItem","position":2,"name":"Ponta Delgada recebe semin\u00e1rio intitulado &#8220;Azores \u2010 Potencial for Space Technology&#8221;"}]},{"@type":"WebSite","@id":"https:\/\/diariodalagoa.pt\/#website","url":"https:\/\/diariodalagoa.pt\/","name":"Di\u00e1rio da Lagoa","description":"Di\u00e1rio da Lagoa. As not\u00edcias que contam. A partir da Lagoa, nos A\u00e7ores, para o mundo.","potentialAction":[{"@type":"SearchAction","target":{"@type":"EntryPoint","urlTemplate":"https:\/\/diariodalagoa.pt\/?s={search_term_string}"},"query-input":"required name=search_term_string"}],"inLanguage":"en-US"},{"@type":"Person","@id":"https:\/\/diariodalagoa.pt\/#\/schema\/person\/1615a002370e8857b6f972834bc43ece","name":"Di\u00e1rio da Lagoa","image":{"@type":"ImageObject","inLanguage":"en-US","@id":"https:\/\/diariodalagoa.pt\/#\/schema\/person\/image\/","url":"https:\/\/secure.gravatar.com\/avatar\/2cb5cef90a26f8fbd4d9d930608102c5?s=96&d=mm&r=g","contentUrl":"https:\/\/secure.gravatar.com\/avatar\/2cb5cef90a26f8fbd4d9d930608102c5?s=96&d=mm&r=g","caption":"Di\u00e1rio da Lagoa"},"url":"https:\/\/diariodalagoa.pt\/en\/author\/diariodalagoa\/"}]}},"_links":{"self":[{"href":"https:\/\/diariodalagoa.pt\/en\/wp-json\/wp\/v2\/posts\/10618"}],"collection":[{"href":"https:\/\/diariodalagoa.pt\/en\/wp-json\/wp\/v2\/posts"}],"about":[{"href":"https:\/\/diariodalagoa.pt\/en\/wp-json\/wp\/v2\/types\/post"}],"author":[{"embeddable":true,"href":"https:\/\/diariodalagoa.pt\/en\/wp-json\/wp\/v2\/users\/2"}],"replies":[{"embeddable":true,"href":"https:\/\/diariodalagoa.pt\/en\/wp-json\/wp\/v2\/comments?post=10618"}],"version-history":[{"count":0,"href":"https:\/\/diariodalagoa.pt\/en\/wp-json\/wp\/v2\/posts\/10618\/revisions"}],"wp:attachment":[{"href":"https:\/\/diariodalagoa.pt\/en\/wp-json\/wp\/v2\/media?parent=10618"}],"wp:term":[{"taxonomy":"category","embeddable":true,"href":"https:\/\/diariodalagoa.pt\/en\/wp-json\/wp\/v2\/categories?post=10618"},{"taxonomy":"post_tag","embeddable":true,"href":"https:\/\/diariodalagoa.pt\/en\/wp-json\/wp\/v2\/tags?post=10618"}],"curies":[{"name":"wp","href":"https:\/\/api.w.org\/{rel}","templated":true}]}}