{"id":10609,"date":"2014-10-24T12:11:48","date_gmt":"2014-10-24T13:11:48","guid":{"rendered":"http:\/\/diariodalagoa.pt\/?p=10609"},"modified":"2014-10-24T12:11:48","modified_gmt":"2014-10-24T13:11:48","slug":"governo-elogia-projeto-migrantas-nos-acores-pela-pertinencia-social-e-politica","status":"publish","type":"post","link":"https:\/\/diariodalagoa.pt\/en\/governo-elogia-projeto-migrantas-nos-acores-pela-pertinencia-social-e-politica\/","title":{"rendered":"Governo elogia projeto &#8220;Migrantas nos A\u00e7ores&#8221; pela pertin\u00eancia social e pol\u00edtica"},"content":{"rendered":"<p><img decoding=\"async\" class=\"alignnone size-full wp-image-10610\" src=\"http:\/\/diariodalagoa.pt\/wp-content\/uploads\/2014\/10\/Projeto-Migrantas-A\u00e7ores-Pilar-Dami\u00e3o-.jpg\" alt=\"Projeto-Migrantas-A\u00e7ores-Pilar-Dami\u00e3o-\" width=\"720\" height=\"380\" \/><\/p>\n<p><span style=\"color: #000000;\">A Diretora Regional da Juventude, Pilar Dami\u00e3o, elogiou a Cooperativa Cultural &#8211; Mala e a presen\u00e7a do coletivo &#8216;Migrantas nos A\u00e7ores&#8217; por terem organizado um projeto que considerou ser de \u201cextrema pertin\u00eancia social e pol\u00edtica na Europa do s\u00e9culo XXI\u201d.<\/span><\/p>\n<p><span style=\"color: #000000;\">Pilar Dami\u00e3o, que falava quinta-feira, em Ponta Delgada,\u00a0na inaugura\u00e7\u00e3o da exposi\u00e7\u00e3o &#8216;Morada Intercontinental \u2013 Imagens das Migra\u00e7\u00f5es no Espa\u00e7o Urbano A\u00e7oriano&#8217;, salientou que esta iniciativa pretende, atrav\u00e9s da arte e dos sentimentos, \u201cpromover o respeito pela diferen\u00e7a, pela singularidade de cada ser humano\u201d, ou seja, \u201co respeito pela dignidade humana\u201d.<\/span><\/p>\n<p><span style=\"color: #000000;\">A Diretora Regional da Juventude salientou que o Executivo tem sido \u201cbastante sens\u00edvel\u201d \u00e0 problem\u00e1tica das discrimina\u00e7\u00f5es, \u00a0tendo desenvolvido desde 2013 uma s\u00e9rie de projetos, nomeadamente a campanha &#8216;Antes de me discriminares, conhece-me!&#8217;, com o objetivo de \u201cestimular os jovens \u00e0 participa\u00e7\u00e3o livre e ao exerc\u00edcio de uma cidadania ativa\u201d, promovendo o combate \u00e0s m\u00faltiplas discrimina\u00e7\u00f5es.<\/span><\/p>\n<p><span style=\"color: #000000;\">Por seu lado, o Diretor Regional das Comunidades, destacou a import\u00e2ncia\u00a0do apoio a\u00a0iniciativas que divulguem a diversidade cultural existente nos A\u00e7ores,\u00a0\u00a0recordando que residem no arquip\u00e9lago imigrantes de 75 nacionalidades.<\/span><\/p>\n<p><span style=\"color: #000000;\">Para o Diretor Regional, importa salientar tamb\u00e9m\u00a0o papel determinante dos imigrantes nos A\u00e7ores e dos seus descendentes no \u201cdesenvolvimento e progresso\u201d da Regi\u00e3o.<\/span><\/p>\n<p><span style=\"color: #000000;\">O projeto &#8216;Migrantas nos A\u00e7ores&#8217;, organizado pela MALA \u2013 Cooperativa Cultural, tem o apoio do Governo Regional dos A\u00e7ores, atrav\u00e9s das dire\u00e7\u00f5es regionais da Juventude e das Comunidades, contando tamb\u00e9m com o patroc\u00ednio e a parceria de outras institui\u00e7\u00f5es e munic\u00edpios das ilhas de S\u00e3o Miguel, Terceira e Faial.<\/span><\/p>\n<p><span style=\"color: #000000;\">A exposi\u00e7\u00e3o &#8216;Morada Intercontinental \u2013 Imagens das Migra\u00e7\u00f5es no Espa\u00e7o Urbano A\u00e7oriano\u201d \u00e9 o resultado de dois workshops que se realizaram em Ponta Delgada a 16 de outubro com o objetivo de reunir cidad\u00e3os imigrantes nos A\u00e7ores para, a partir da discuss\u00e3o, desenharem situa\u00e7\u00f5es vinculadas \u00e0 sua condi\u00e7\u00e3o de migrantes.<\/span><\/p>\n<p><span style=\"color: #000000;\">Deste trabalho resultou tamb\u00e9m a introdu\u00e7\u00e3o de pictogramas no espa\u00e7o p\u00fablico, numa a\u00e7\u00e3o que ter\u00e1 lugar nas ilhas de S\u00e3o Miguel, Terceira e Faial a\u00a0partir de hoje, atrav\u00e9s de afixa\u00e7\u00e3o de cartazes e mupis publicit\u00e1rios, cria\u00e7\u00e3o de anima\u00e7\u00f5es digitais, distribui\u00e7\u00e3o de postais e impress\u00e3o de sacos de compras, tendo como\u00a0objetivo integrar a subjetividade do migrante na paisagem urbana onde coexistem.<\/span><\/p>\n<p><span style=\"color: #000000;\">Este\u00a0projeto que agora chega aos A\u00e7ores j\u00e1 passou por Berlim, Col\u00f3nia e\u00a0Hamburgo (Alemanha) Buenos Aires (Argentina) Salzburgo e\u00a0Viena (\u00c1ustria) Barcelona e Sevilha (Espanha) entre outras cidades.<\/span><\/p>\n<p><em><span style=\"color: #000000;\">DL\/Gacs<\/span><\/em><\/p>","protected":false},"excerpt":{"rendered":"<p>A Diretora Regional da Juventude, Pilar Dami\u00e3o, elogiou a Cooperativa Cultural &#8211; Mala e a presen\u00e7a do coletivo &#8216;Migrantas nos A\u00e7ores&#8217; por terem organizado um projeto que considerou ser de \u201cextrema pertin\u00eancia social e pol\u00edtica na Europa do s\u00e9culo XXI\u201d. Pilar Dami\u00e3o, que falava quinta-feira, em Ponta Delgada,\u00a0na inaugura\u00e7\u00e3o da exposi\u00e7\u00e3o &#8216;Morada Intercontinental \u2013 Imagens [&hellip;]<\/p>","protected":false},"author":2,"featured_media":0,"comment_status":"open","ping_status":"open","sticky":false,"template":"","format":"standard","meta":[],"categories":[21],"tags":[],"acf":[],"yoast_head":"<!-- This site is optimized with the Yoast SEO plugin v20.10 - https:\/\/yoast.com\/wordpress\/plugins\/seo\/ -->\n<title>Governo elogia projeto &quot;Migrantas nos A\u00e7ores&quot; pela pertin\u00eancia social e pol\u00edtica - Di\u00e1rio da Lagoa<\/title>\n<meta name=\"robots\" content=\"index, follow, max-snippet:-1, max-image-preview:large, max-video-preview:-1\" \/>\n<link rel=\"canonical\" href=\"https:\/\/diariodalagoa.pt\/en\/governo-elogia-projeto-migrantas-nos-acores-pela-pertinencia-social-e-politica\/\" \/>\n<meta property=\"og:locale\" content=\"en_US\" \/>\n<meta property=\"og:type\" content=\"article\" \/>\n<meta property=\"og:title\" content=\"Governo elogia projeto &quot;Migrantas nos A\u00e7ores&quot; pela pertin\u00eancia social e pol\u00edtica - Di\u00e1rio da Lagoa\" \/>\n<meta property=\"og:description\" content=\"A Diretora Regional da Juventude, Pilar Dami\u00e3o, elogiou a Cooperativa Cultural &#8211; Mala e a presen\u00e7a do coletivo &#8216;Migrantas nos A\u00e7ores&#8217; por terem organizado um projeto que considerou ser de \u201cextrema pertin\u00eancia social e pol\u00edtica na Europa do s\u00e9culo XXI\u201d. Pilar Dami\u00e3o, que falava quinta-feira, em Ponta Delgada,\u00a0na inaugura\u00e7\u00e3o da exposi\u00e7\u00e3o &#8216;Morada Intercontinental \u2013 Imagens [&hellip;]\" \/>\n<meta property=\"og:url\" content=\"https:\/\/diariodalagoa.pt\/en\/governo-elogia-projeto-migrantas-nos-acores-pela-pertinencia-social-e-politica\/\" \/>\n<meta property=\"og:site_name\" content=\"Di\u00e1rio da Lagoa\" \/>\n<meta property=\"article:published_time\" content=\"2014-10-24T13:11:48+00:00\" \/>\n<meta name=\"author\" content=\"Di\u00e1rio da Lagoa\" \/>\n<meta name=\"twitter:card\" content=\"summary_large_image\" \/>\n<meta name=\"twitter:label1\" content=\"Written by\" \/>\n\t<meta name=\"twitter:data1\" content=\"Di\u00e1rio da Lagoa\" \/>\n\t<meta name=\"twitter:label2\" content=\"Est. reading time\" \/>\n\t<meta name=\"twitter:data2\" content=\"2 minutes\" \/>\n<script type=\"application\/ld+json\" class=\"yoast-schema-graph\">{\"@context\":\"https:\/\/schema.org\",\"@graph\":[{\"@type\":\"WebPage\",\"@id\":\"https:\/\/diariodalagoa.pt\/governo-elogia-projeto-migrantas-nos-acores-pela-pertinencia-social-e-politica\/\",\"url\":\"https:\/\/diariodalagoa.pt\/governo-elogia-projeto-migrantas-nos-acores-pela-pertinencia-social-e-politica\/\",\"name\":\"Governo elogia projeto \\\"Migrantas nos A\u00e7ores\\\" pela pertin\u00eancia social e pol\u00edtica - Di\u00e1rio da Lagoa\",\"isPartOf\":{\"@id\":\"https:\/\/diariodalagoa.pt\/#website\"},\"datePublished\":\"2014-10-24T13:11:48+00:00\",\"dateModified\":\"2014-10-24T13:11:48+00:00\",\"author\":{\"@id\":\"https:\/\/diariodalagoa.pt\/#\/schema\/person\/1615a002370e8857b6f972834bc43ece\"},\"breadcrumb\":{\"@id\":\"https:\/\/diariodalagoa.pt\/governo-elogia-projeto-migrantas-nos-acores-pela-pertinencia-social-e-politica\/#breadcrumb\"},\"inLanguage\":\"en-US\",\"potentialAction\":[{\"@type\":\"ReadAction\",\"target\":[\"https:\/\/diariodalagoa.pt\/governo-elogia-projeto-migrantas-nos-acores-pela-pertinencia-social-e-politica\/\"]}]},{\"@type\":\"BreadcrumbList\",\"@id\":\"https:\/\/diariodalagoa.pt\/governo-elogia-projeto-migrantas-nos-acores-pela-pertinencia-social-e-politica\/#breadcrumb\",\"itemListElement\":[{\"@type\":\"ListItem\",\"position\":1,\"name\":\"In\u00edcio\",\"item\":\"https:\/\/diariodalagoa.pt\/\"},{\"@type\":\"ListItem\",\"position\":2,\"name\":\"Governo elogia projeto &#8220;Migrantas nos A\u00e7ores&#8221; pela pertin\u00eancia social e pol\u00edtica\"}]},{\"@type\":\"WebSite\",\"@id\":\"https:\/\/diariodalagoa.pt\/#website\",\"url\":\"https:\/\/diariodalagoa.pt\/\",\"name\":\"Di\u00e1rio da Lagoa\",\"description\":\"Di\u00e1rio da Lagoa. As not\u00edcias que contam. A partir da Lagoa, nos A\u00e7ores, para o mundo.\",\"potentialAction\":[{\"@type\":\"SearchAction\",\"target\":{\"@type\":\"EntryPoint\",\"urlTemplate\":\"https:\/\/diariodalagoa.pt\/?s={search_term_string}\"},\"query-input\":\"required name=search_term_string\"}],\"inLanguage\":\"en-US\"},{\"@type\":\"Person\",\"@id\":\"https:\/\/diariodalagoa.pt\/#\/schema\/person\/1615a002370e8857b6f972834bc43ece\",\"name\":\"Di\u00e1rio da Lagoa\",\"image\":{\"@type\":\"ImageObject\",\"inLanguage\":\"en-US\",\"@id\":\"https:\/\/diariodalagoa.pt\/#\/schema\/person\/image\/\",\"url\":\"https:\/\/secure.gravatar.com\/avatar\/2cb5cef90a26f8fbd4d9d930608102c5?s=96&d=mm&r=g\",\"contentUrl\":\"https:\/\/secure.gravatar.com\/avatar\/2cb5cef90a26f8fbd4d9d930608102c5?s=96&d=mm&r=g\",\"caption\":\"Di\u00e1rio da Lagoa\"},\"url\":\"https:\/\/diariodalagoa.pt\/en\/author\/diariodalagoa\/\"}]}<\/script>\n<!-- \/ Yoast SEO plugin. -->","yoast_head_json":{"title":"Governo elogia projeto \"Migrantas nos A\u00e7ores\" pela pertin\u00eancia social e pol\u00edtica - Di\u00e1rio da Lagoa","robots":{"index":"index","follow":"follow","max-snippet":"max-snippet:-1","max-image-preview":"max-image-preview:large","max-video-preview":"max-video-preview:-1"},"canonical":"https:\/\/diariodalagoa.pt\/en\/governo-elogia-projeto-migrantas-nos-acores-pela-pertinencia-social-e-politica\/","og_locale":"en_US","og_type":"article","og_title":"Governo elogia projeto \"Migrantas nos A\u00e7ores\" pela pertin\u00eancia social e pol\u00edtica - Di\u00e1rio da Lagoa","og_description":"A Diretora Regional da Juventude, Pilar Dami\u00e3o, elogiou a Cooperativa Cultural &#8211; Mala e a presen\u00e7a do coletivo &#8216;Migrantas nos A\u00e7ores&#8217; por terem organizado um projeto que considerou ser de \u201cextrema pertin\u00eancia social e pol\u00edtica na Europa do s\u00e9culo XXI\u201d. Pilar Dami\u00e3o, que falava quinta-feira, em Ponta Delgada,\u00a0na inaugura\u00e7\u00e3o da exposi\u00e7\u00e3o &#8216;Morada Intercontinental \u2013 Imagens [&hellip;]","og_url":"https:\/\/diariodalagoa.pt\/en\/governo-elogia-projeto-migrantas-nos-acores-pela-pertinencia-social-e-politica\/","og_site_name":"Di\u00e1rio da Lagoa","article_published_time":"2014-10-24T13:11:48+00:00","author":"Di\u00e1rio da Lagoa","twitter_card":"summary_large_image","twitter_misc":{"Written by":"Di\u00e1rio da Lagoa","Est. reading time":"2 minutes"},"schema":{"@context":"https:\/\/schema.org","@graph":[{"@type":"WebPage","@id":"https:\/\/diariodalagoa.pt\/governo-elogia-projeto-migrantas-nos-acores-pela-pertinencia-social-e-politica\/","url":"https:\/\/diariodalagoa.pt\/governo-elogia-projeto-migrantas-nos-acores-pela-pertinencia-social-e-politica\/","name":"Governo elogia projeto \"Migrantas nos A\u00e7ores\" pela pertin\u00eancia social e pol\u00edtica - Di\u00e1rio da Lagoa","isPartOf":{"@id":"https:\/\/diariodalagoa.pt\/#website"},"datePublished":"2014-10-24T13:11:48+00:00","dateModified":"2014-10-24T13:11:48+00:00","author":{"@id":"https:\/\/diariodalagoa.pt\/#\/schema\/person\/1615a002370e8857b6f972834bc43ece"},"breadcrumb":{"@id":"https:\/\/diariodalagoa.pt\/governo-elogia-projeto-migrantas-nos-acores-pela-pertinencia-social-e-politica\/#breadcrumb"},"inLanguage":"en-US","potentialAction":[{"@type":"ReadAction","target":["https:\/\/diariodalagoa.pt\/governo-elogia-projeto-migrantas-nos-acores-pela-pertinencia-social-e-politica\/"]}]},{"@type":"BreadcrumbList","@id":"https:\/\/diariodalagoa.pt\/governo-elogia-projeto-migrantas-nos-acores-pela-pertinencia-social-e-politica\/#breadcrumb","itemListElement":[{"@type":"ListItem","position":1,"name":"In\u00edcio","item":"https:\/\/diariodalagoa.pt\/"},{"@type":"ListItem","position":2,"name":"Governo elogia projeto &#8220;Migrantas nos A\u00e7ores&#8221; pela pertin\u00eancia social e pol\u00edtica"}]},{"@type":"WebSite","@id":"https:\/\/diariodalagoa.pt\/#website","url":"https:\/\/diariodalagoa.pt\/","name":"Di\u00e1rio da Lagoa","description":"Di\u00e1rio da Lagoa. As not\u00edcias que contam. A partir da Lagoa, nos A\u00e7ores, para o mundo.","potentialAction":[{"@type":"SearchAction","target":{"@type":"EntryPoint","urlTemplate":"https:\/\/diariodalagoa.pt\/?s={search_term_string}"},"query-input":"required name=search_term_string"}],"inLanguage":"en-US"},{"@type":"Person","@id":"https:\/\/diariodalagoa.pt\/#\/schema\/person\/1615a002370e8857b6f972834bc43ece","name":"Di\u00e1rio da Lagoa","image":{"@type":"ImageObject","inLanguage":"en-US","@id":"https:\/\/diariodalagoa.pt\/#\/schema\/person\/image\/","url":"https:\/\/secure.gravatar.com\/avatar\/2cb5cef90a26f8fbd4d9d930608102c5?s=96&d=mm&r=g","contentUrl":"https:\/\/secure.gravatar.com\/avatar\/2cb5cef90a26f8fbd4d9d930608102c5?s=96&d=mm&r=g","caption":"Di\u00e1rio da Lagoa"},"url":"https:\/\/diariodalagoa.pt\/en\/author\/diariodalagoa\/"}]}},"_links":{"self":[{"href":"https:\/\/diariodalagoa.pt\/en\/wp-json\/wp\/v2\/posts\/10609"}],"collection":[{"href":"https:\/\/diariodalagoa.pt\/en\/wp-json\/wp\/v2\/posts"}],"about":[{"href":"https:\/\/diariodalagoa.pt\/en\/wp-json\/wp\/v2\/types\/post"}],"author":[{"embeddable":true,"href":"https:\/\/diariodalagoa.pt\/en\/wp-json\/wp\/v2\/users\/2"}],"replies":[{"embeddable":true,"href":"https:\/\/diariodalagoa.pt\/en\/wp-json\/wp\/v2\/comments?post=10609"}],"version-history":[{"count":0,"href":"https:\/\/diariodalagoa.pt\/en\/wp-json\/wp\/v2\/posts\/10609\/revisions"}],"wp:attachment":[{"href":"https:\/\/diariodalagoa.pt\/en\/wp-json\/wp\/v2\/media?parent=10609"}],"wp:term":[{"taxonomy":"category","embeddable":true,"href":"https:\/\/diariodalagoa.pt\/en\/wp-json\/wp\/v2\/categories?post=10609"},{"taxonomy":"post_tag","embeddable":true,"href":"https:\/\/diariodalagoa.pt\/en\/wp-json\/wp\/v2\/tags?post=10609"}],"curies":[{"name":"wp","href":"https:\/\/api.w.org\/{rel}","templated":true}]}}