{"id":10569,"date":"2014-10-22T19:09:05","date_gmt":"2014-10-22T20:09:05","guid":{"rendered":"http:\/\/diariodalagoa.pt\/?p=10569"},"modified":"2014-10-22T19:09:05","modified_gmt":"2014-10-22T20:09:05","slug":"vasco-cordeiro-anuncia-investimento-superior-a-10-milhoes-de-euros-para-o-apoio-aos-idosos","status":"publish","type":"post","link":"https:\/\/diariodalagoa.pt\/en\/vasco-cordeiro-anuncia-investimento-superior-a-10-milhoes-de-euros-para-o-apoio-aos-idosos\/","title":{"rendered":"Vasco Cordeiro anuncia investimento superior a 10 milh\u00f5es de euros para o apoio aos idosos"},"content":{"rendered":"<p><img decoding=\"async\" class=\"alignnone size-full wp-image-10570\" src=\"http:\/\/diariodalagoa.pt\/wp-content\/uploads\/2014\/10\/Vasco-Cordeiro-apoio-Idosos.jpg\" alt=\"Vasco-Cordeiro-apoio-Idosos\" width=\"720\" height=\"380\" \/><\/p>\n<p><span style=\"color: #000000;\">O Presidente do Governo dos A\u00e7ores anunciou um investimento, no pr\u00f3ximo ano, superior a 10 milh\u00f5es de euros na \u00e1rea espec\u00edfica do apoio aos idosos, destinado ao alargamento e renova\u00e7\u00e3o de infraestruturas e ao melhoramento e extens\u00e3o do apoio domicili\u00e1rio.\u00a0<\/span><\/p>\n<p><span style=\"color: #000000;\">Segundo o Presidente do Governo dos A\u00e7ores, no pr\u00f3ximo ano, o Executivo est\u00e1 empenhado em refor\u00e7ar as respostas de apoio alternativo \u00e0 institucionaliza\u00e7\u00e3o, apoiando os idosos nas suas casas, com a melhoria e alargamento do apoio domicili\u00e1rio e da rede de centros de dia.\u00a0<\/span><\/p>\n<p><span style=\"color: #000000;\">Vasco Cordeiro, que falava na ilha do Pico, no \u00e2mbito da visita estatut\u00e1ria do seu executivo, salientou que o investimento em infraestruturas n\u00e3o esgota a interven\u00e7\u00e3o do Governo nesse tipo de apoio social, j\u00e1 que \u00e9 apenas uma componente do trabalho que \u00e9 realizado, muitas vezes em parceria com as institui\u00e7\u00f5es, para servir os idosos dos A\u00e7ores. \u00a0<\/span><\/p>\n<p><span style=\"color: #000000;\">O\u00a0Presidente do Governo dos A\u00e7ores salienta que a import\u00e2ncia que o Governo atribui a esta \u00e1rea resultou, na pr\u00e1tica, num aumento das verbas afetas aos contratos de coopera\u00e7\u00e3o com as Institui\u00e7\u00f5es Particulares de Solidariedade Social e Miseric\u00f3rdias para um valor superior a 52 milh\u00f5es de euros.<\/span><\/p>\n<p><span style=\"color: #000000;\">Vasco Cordeiro fez ainda quest\u00e3o de prestar homenagem e\u00a0um p\u00fablico reconhecimento \u00e0s cerca de 240 institui\u00e7\u00f5es, que envolvem mais de quatro mil colaboradores, que, nas nove ilhas dos A\u00e7ores, asseguram, muitas vezes longe da mediatiza\u00e7\u00e3o, as mais de 700 val\u00eancias de resposta social.<\/span><\/p>\n<p><span style=\"color: #000000;\"><em>DL\/Gacs<\/em><\/span><\/p>","protected":false},"excerpt":{"rendered":"<p>O Presidente do Governo dos A\u00e7ores anunciou um investimento, no pr\u00f3ximo ano, superior a 10 milh\u00f5es de euros na \u00e1rea espec\u00edfica do apoio aos idosos, destinado ao alargamento e renova\u00e7\u00e3o de infraestruturas e ao melhoramento e extens\u00e3o do apoio domicili\u00e1rio.\u00a0 Segundo o Presidente do Governo dos A\u00e7ores, no pr\u00f3ximo ano, o Executivo est\u00e1 empenhado em [&hellip;]<\/p>","protected":false},"author":2,"featured_media":121725,"comment_status":"open","ping_status":"open","sticky":false,"template":"","format":"standard","meta":[],"categories":[21],"tags":[],"acf":[],"yoast_head":"<!-- This site is optimized with the Yoast SEO plugin v20.10 - https:\/\/yoast.com\/wordpress\/plugins\/seo\/ -->\n<title>Vasco Cordeiro anuncia investimento superior a 10 milh\u00f5es de euros para o apoio aos idosos - Di\u00e1rio da Lagoa<\/title>\n<meta name=\"robots\" content=\"index, follow, max-snippet:-1, max-image-preview:large, max-video-preview:-1\" \/>\n<link rel=\"canonical\" href=\"https:\/\/diariodalagoa.pt\/en\/vasco-cordeiro-anuncia-investimento-superior-a-10-milhoes-de-euros-para-o-apoio-aos-idosos\/\" \/>\n<meta property=\"og:locale\" content=\"en_US\" \/>\n<meta property=\"og:type\" content=\"article\" \/>\n<meta property=\"og:title\" content=\"Vasco Cordeiro anuncia investimento superior a 10 milh\u00f5es de euros para o apoio aos idosos - Di\u00e1rio da Lagoa\" \/>\n<meta property=\"og:description\" content=\"O Presidente do Governo dos A\u00e7ores anunciou um investimento, no pr\u00f3ximo ano, superior a 10 milh\u00f5es de euros na \u00e1rea espec\u00edfica do apoio aos idosos, destinado ao alargamento e renova\u00e7\u00e3o de infraestruturas e ao melhoramento e extens\u00e3o do apoio domicili\u00e1rio.\u00a0 Segundo o Presidente do Governo dos A\u00e7ores, no pr\u00f3ximo ano, o Executivo est\u00e1 empenhado em [&hellip;]\" \/>\n<meta property=\"og:url\" content=\"https:\/\/diariodalagoa.pt\/en\/vasco-cordeiro-anuncia-investimento-superior-a-10-milhoes-de-euros-para-o-apoio-aos-idosos\/\" \/>\n<meta property=\"og:site_name\" content=\"Di\u00e1rio da Lagoa\" \/>\n<meta property=\"article:published_time\" content=\"2014-10-22T20:09:05+00:00\" \/>\n<meta property=\"og:image\" content=\"https:\/\/diariodalagoa.pt\/wp-content\/uploads\/2014\/10\/vasco-cordeiro-apoio-idosos.jpg\" \/>\n\t<meta property=\"og:image:width\" content=\"720\" \/>\n\t<meta property=\"og:image:height\" content=\"380\" \/>\n\t<meta property=\"og:image:type\" content=\"image\/jpeg\" \/>\n<meta name=\"author\" content=\"Di\u00e1rio da Lagoa\" \/>\n<meta name=\"twitter:card\" content=\"summary_large_image\" \/>\n<meta name=\"twitter:label1\" content=\"Written by\" \/>\n\t<meta name=\"twitter:data1\" content=\"Di\u00e1rio da Lagoa\" \/>\n\t<meta name=\"twitter:label2\" content=\"Est. reading time\" \/>\n\t<meta name=\"twitter:data2\" content=\"1 minute\" \/>\n<script type=\"application\/ld+json\" class=\"yoast-schema-graph\">{\"@context\":\"https:\/\/schema.org\",\"@graph\":[{\"@type\":\"WebPage\",\"@id\":\"https:\/\/diariodalagoa.pt\/vasco-cordeiro-anuncia-investimento-superior-a-10-milhoes-de-euros-para-o-apoio-aos-idosos\/\",\"url\":\"https:\/\/diariodalagoa.pt\/vasco-cordeiro-anuncia-investimento-superior-a-10-milhoes-de-euros-para-o-apoio-aos-idosos\/\",\"name\":\"Vasco Cordeiro anuncia investimento superior a 10 milh\u00f5es de euros para o apoio aos idosos - Di\u00e1rio da Lagoa\",\"isPartOf\":{\"@id\":\"https:\/\/diariodalagoa.pt\/#website\"},\"datePublished\":\"2014-10-22T20:09:05+00:00\",\"dateModified\":\"2014-10-22T20:09:05+00:00\",\"author\":{\"@id\":\"https:\/\/diariodalagoa.pt\/#\/schema\/person\/1615a002370e8857b6f972834bc43ece\"},\"breadcrumb\":{\"@id\":\"https:\/\/diariodalagoa.pt\/vasco-cordeiro-anuncia-investimento-superior-a-10-milhoes-de-euros-para-o-apoio-aos-idosos\/#breadcrumb\"},\"inLanguage\":\"en-US\",\"potentialAction\":[{\"@type\":\"ReadAction\",\"target\":[\"https:\/\/diariodalagoa.pt\/vasco-cordeiro-anuncia-investimento-superior-a-10-milhoes-de-euros-para-o-apoio-aos-idosos\/\"]}]},{\"@type\":\"BreadcrumbList\",\"@id\":\"https:\/\/diariodalagoa.pt\/vasco-cordeiro-anuncia-investimento-superior-a-10-milhoes-de-euros-para-o-apoio-aos-idosos\/#breadcrumb\",\"itemListElement\":[{\"@type\":\"ListItem\",\"position\":1,\"name\":\"In\u00edcio\",\"item\":\"https:\/\/diariodalagoa.pt\/\"},{\"@type\":\"ListItem\",\"position\":2,\"name\":\"Vasco Cordeiro anuncia investimento superior a 10 milh\u00f5es de euros para o apoio aos idosos\"}]},{\"@type\":\"WebSite\",\"@id\":\"https:\/\/diariodalagoa.pt\/#website\",\"url\":\"https:\/\/diariodalagoa.pt\/\",\"name\":\"Di\u00e1rio da Lagoa\",\"description\":\"Di\u00e1rio da Lagoa. As not\u00edcias que contam. A partir da Lagoa, nos A\u00e7ores, para o mundo.\",\"potentialAction\":[{\"@type\":\"SearchAction\",\"target\":{\"@type\":\"EntryPoint\",\"urlTemplate\":\"https:\/\/diariodalagoa.pt\/?s={search_term_string}\"},\"query-input\":\"required name=search_term_string\"}],\"inLanguage\":\"en-US\"},{\"@type\":\"Person\",\"@id\":\"https:\/\/diariodalagoa.pt\/#\/schema\/person\/1615a002370e8857b6f972834bc43ece\",\"name\":\"Di\u00e1rio da Lagoa\",\"image\":{\"@type\":\"ImageObject\",\"inLanguage\":\"en-US\",\"@id\":\"https:\/\/diariodalagoa.pt\/#\/schema\/person\/image\/\",\"url\":\"https:\/\/secure.gravatar.com\/avatar\/2cb5cef90a26f8fbd4d9d930608102c5?s=96&d=mm&r=g\",\"contentUrl\":\"https:\/\/secure.gravatar.com\/avatar\/2cb5cef90a26f8fbd4d9d930608102c5?s=96&d=mm&r=g\",\"caption\":\"Di\u00e1rio da Lagoa\"},\"url\":\"https:\/\/diariodalagoa.pt\/en\/author\/diariodalagoa\/\"}]}<\/script>\n<!-- \/ Yoast SEO plugin. -->","yoast_head_json":{"title":"Vasco Cordeiro anuncia investimento superior a 10 milh\u00f5es de euros para o apoio aos idosos - Di\u00e1rio da Lagoa","robots":{"index":"index","follow":"follow","max-snippet":"max-snippet:-1","max-image-preview":"max-image-preview:large","max-video-preview":"max-video-preview:-1"},"canonical":"https:\/\/diariodalagoa.pt\/en\/vasco-cordeiro-anuncia-investimento-superior-a-10-milhoes-de-euros-para-o-apoio-aos-idosos\/","og_locale":"en_US","og_type":"article","og_title":"Vasco Cordeiro anuncia investimento superior a 10 milh\u00f5es de euros para o apoio aos idosos - Di\u00e1rio da Lagoa","og_description":"O Presidente do Governo dos A\u00e7ores anunciou um investimento, no pr\u00f3ximo ano, superior a 10 milh\u00f5es de euros na \u00e1rea espec\u00edfica do apoio aos idosos, destinado ao alargamento e renova\u00e7\u00e3o de infraestruturas e ao melhoramento e extens\u00e3o do apoio domicili\u00e1rio.\u00a0 Segundo o Presidente do Governo dos A\u00e7ores, no pr\u00f3ximo ano, o Executivo est\u00e1 empenhado em [&hellip;]","og_url":"https:\/\/diariodalagoa.pt\/en\/vasco-cordeiro-anuncia-investimento-superior-a-10-milhoes-de-euros-para-o-apoio-aos-idosos\/","og_site_name":"Di\u00e1rio da Lagoa","article_published_time":"2014-10-22T20:09:05+00:00","og_image":[{"width":720,"height":380,"url":"https:\/\/diariodalagoa.pt\/wp-content\/uploads\/2014\/10\/vasco-cordeiro-apoio-idosos.jpg","type":"image\/jpeg"}],"author":"Di\u00e1rio da Lagoa","twitter_card":"summary_large_image","twitter_misc":{"Written by":"Di\u00e1rio da Lagoa","Est. reading time":"1 minute"},"schema":{"@context":"https:\/\/schema.org","@graph":[{"@type":"WebPage","@id":"https:\/\/diariodalagoa.pt\/vasco-cordeiro-anuncia-investimento-superior-a-10-milhoes-de-euros-para-o-apoio-aos-idosos\/","url":"https:\/\/diariodalagoa.pt\/vasco-cordeiro-anuncia-investimento-superior-a-10-milhoes-de-euros-para-o-apoio-aos-idosos\/","name":"Vasco Cordeiro anuncia investimento superior a 10 milh\u00f5es de euros para o apoio aos idosos - Di\u00e1rio da Lagoa","isPartOf":{"@id":"https:\/\/diariodalagoa.pt\/#website"},"datePublished":"2014-10-22T20:09:05+00:00","dateModified":"2014-10-22T20:09:05+00:00","author":{"@id":"https:\/\/diariodalagoa.pt\/#\/schema\/person\/1615a002370e8857b6f972834bc43ece"},"breadcrumb":{"@id":"https:\/\/diariodalagoa.pt\/vasco-cordeiro-anuncia-investimento-superior-a-10-milhoes-de-euros-para-o-apoio-aos-idosos\/#breadcrumb"},"inLanguage":"en-US","potentialAction":[{"@type":"ReadAction","target":["https:\/\/diariodalagoa.pt\/vasco-cordeiro-anuncia-investimento-superior-a-10-milhoes-de-euros-para-o-apoio-aos-idosos\/"]}]},{"@type":"BreadcrumbList","@id":"https:\/\/diariodalagoa.pt\/vasco-cordeiro-anuncia-investimento-superior-a-10-milhoes-de-euros-para-o-apoio-aos-idosos\/#breadcrumb","itemListElement":[{"@type":"ListItem","position":1,"name":"In\u00edcio","item":"https:\/\/diariodalagoa.pt\/"},{"@type":"ListItem","position":2,"name":"Vasco Cordeiro anuncia investimento superior a 10 milh\u00f5es de euros para o apoio aos idosos"}]},{"@type":"WebSite","@id":"https:\/\/diariodalagoa.pt\/#website","url":"https:\/\/diariodalagoa.pt\/","name":"Di\u00e1rio da Lagoa","description":"Di\u00e1rio da Lagoa. As not\u00edcias que contam. A partir da Lagoa, nos A\u00e7ores, para o mundo.","potentialAction":[{"@type":"SearchAction","target":{"@type":"EntryPoint","urlTemplate":"https:\/\/diariodalagoa.pt\/?s={search_term_string}"},"query-input":"required name=search_term_string"}],"inLanguage":"en-US"},{"@type":"Person","@id":"https:\/\/diariodalagoa.pt\/#\/schema\/person\/1615a002370e8857b6f972834bc43ece","name":"Di\u00e1rio da Lagoa","image":{"@type":"ImageObject","inLanguage":"en-US","@id":"https:\/\/diariodalagoa.pt\/#\/schema\/person\/image\/","url":"https:\/\/secure.gravatar.com\/avatar\/2cb5cef90a26f8fbd4d9d930608102c5?s=96&d=mm&r=g","contentUrl":"https:\/\/secure.gravatar.com\/avatar\/2cb5cef90a26f8fbd4d9d930608102c5?s=96&d=mm&r=g","caption":"Di\u00e1rio da Lagoa"},"url":"https:\/\/diariodalagoa.pt\/en\/author\/diariodalagoa\/"}]}},"_links":{"self":[{"href":"https:\/\/diariodalagoa.pt\/en\/wp-json\/wp\/v2\/posts\/10569"}],"collection":[{"href":"https:\/\/diariodalagoa.pt\/en\/wp-json\/wp\/v2\/posts"}],"about":[{"href":"https:\/\/diariodalagoa.pt\/en\/wp-json\/wp\/v2\/types\/post"}],"author":[{"embeddable":true,"href":"https:\/\/diariodalagoa.pt\/en\/wp-json\/wp\/v2\/users\/2"}],"replies":[{"embeddable":true,"href":"https:\/\/diariodalagoa.pt\/en\/wp-json\/wp\/v2\/comments?post=10569"}],"version-history":[{"count":0,"href":"https:\/\/diariodalagoa.pt\/en\/wp-json\/wp\/v2\/posts\/10569\/revisions"}],"wp:featuredmedia":[{"embeddable":true,"href":"https:\/\/diariodalagoa.pt\/en\/wp-json\/wp\/v2\/media\/121725"}],"wp:attachment":[{"href":"https:\/\/diariodalagoa.pt\/en\/wp-json\/wp\/v2\/media?parent=10569"}],"wp:term":[{"taxonomy":"category","embeddable":true,"href":"https:\/\/diariodalagoa.pt\/en\/wp-json\/wp\/v2\/categories?post=10569"},{"taxonomy":"post_tag","embeddable":true,"href":"https:\/\/diariodalagoa.pt\/en\/wp-json\/wp\/v2\/tags?post=10569"}],"curies":[{"name":"wp","href":"https:\/\/api.w.org\/{rel}","templated":true}]}}