{"id":10507,"date":"2014-10-21T17:48:55","date_gmt":"2014-10-21T18:48:55","guid":{"rendered":"http:\/\/diariodalagoa.pt\/?p=10507"},"modified":"2014-10-21T17:48:55","modified_gmt":"2014-10-21T18:48:55","slug":"plano-estrategico-de-gestao-de-residuos-dos-acores-vai-gerar-volume-de-negocios-anual-superior-a-10-me","status":"publish","type":"post","link":"https:\/\/diariodalagoa.pt\/en\/plano-estrategico-de-gestao-de-residuos-dos-acores-vai-gerar-volume-de-negocios-anual-superior-a-10-me\/","title":{"rendered":"Plano Estrat\u00e9gico de Gest\u00e3o de Res\u00edduos dos A\u00e7ores vai gerar volume de neg\u00f3cios anual superior a 10 ME\u00a0"},"content":{"rendered":"<p style=\"text-align: justify;\"><img decoding=\"async\" class=\"alignnone size-full wp-image-10508\" src=\"http:\/\/diariodalagoa.pt\/wp-content\/uploads\/2014\/10\/Centro-Residuos-Pico-governo-A\u00e7ores.jpg\" alt=\"Centro-Residuos-Pico-governo-A\u00e7ores\" width=\"720\" height=\"380\" \/><\/p>\n<p style=\"text-align: justify;\"><span style=\"color: #000000;\">O Governo dos A\u00e7ores revelou hoje\u00a0que a implementa\u00e7\u00e3o do Plano Estrat\u00e9gico de Gest\u00e3o de Res\u00edduos (PEGRA) permitir\u00e1, no seu conjunto, gerar um volume de neg\u00f3cios anual superior a\u00a010 milh\u00f5es de euros. \u00a0<\/span><\/p>\n<p style=\"text-align: justify;\"><span style=\"color: #000000;\">Segundo Lu\u00eds Neto Viveiros salientou que\u00a0a gest\u00e3o dos res\u00edduos constitui \u201cum grande desafio ambiental, mas tamb\u00e9m social e econ\u00f3mico, dado que a melhoria do desempenho ambiental que da\u00ed resulta pode e deve estar conjugada com o crescimento da riqueza e do emprego\u201d.\u00a0<\/span><\/p>\n<p style=\"text-align: justify;\"><span style=\"color: #000000;\">Para recuperar o valor dos res\u00edduos, disse, \u201cforam executados ou est\u00e3o em curso, por todas as ilhas, investimentos que dotam os A\u00e7ores de solu\u00e7\u00f5es tecnol\u00f3gicas eficazes e adequadas, nomeadamente de triagem com vista \u00e0 reciclagem, de valoriza\u00e7\u00e3o por compostagem e de elimina\u00e7\u00e3o por via da valoriza\u00e7\u00e3o energ\u00e9tica\u201d.\u00a0<\/span><\/p>\n<p style=\"text-align: justify;\"><span style=\"color: #000000;\">Al\u00e9m da conce\u00e7\u00e3o e constru\u00e7\u00e3o de infraestruturas de gest\u00e3o de res\u00edduos nas sete ilhas menos populosas, o Secret\u00e1rio Regional destacou que o Governo dos A\u00e7ores tem &#8220;em curso os processos de selagem das atuais lixeiras e aterros, num investimento global que atinge cerca de 43 milh\u00f5es de euros\u201d.\u00a0<\/span><\/p>\n<p style=\"text-align: justify;\"><span style=\"color: #000000;\">Lu\u00eds Neto Viveiros recordou ainda que iniciar o funcionamento deste Centro de Res\u00edduos \u201cn\u00e3o foi um processo f\u00e1cil, pois, apesar da obra ter sido recebida h\u00e1 cerca de um ano e meio, alguns dos concorrentes ao processo de concess\u00e3o da explora\u00e7\u00e3o impugnaram judicialmente a decis\u00e3o de adjudica\u00e7\u00e3o\u201d.\u00a0<\/span><\/p>\n<p style=\"text-align: justify;\"><span style=\"color: #000000;\">O Supremo Tribunal Administrativo, por Ac\u00f3rd\u00e3o datado de 31 de setembro, confirmou a decis\u00e3o do j\u00fari do concurso de adjudica\u00e7\u00e3o da concess\u00e3o da explora\u00e7\u00e3o \u00e0 empresa Resia\u00e7ores, Lda., sem qualquer contrapartida financeira.\u00a0<\/span><\/p>\n<p style=\"text-align: justify;\"><span style=\"color: #000000;\"><em>DL\/GaCS<\/em><\/span><\/p>","protected":false},"excerpt":{"rendered":"<p>O Governo dos A\u00e7ores revelou hoje\u00a0que a implementa\u00e7\u00e3o do Plano Estrat\u00e9gico de Gest\u00e3o de Res\u00edduos (PEGRA) permitir\u00e1, no seu conjunto, gerar um volume de neg\u00f3cios anual superior a\u00a010 milh\u00f5es de euros. \u00a0 Segundo Lu\u00eds Neto Viveiros salientou que\u00a0a gest\u00e3o dos res\u00edduos constitui \u201cum grande desafio ambiental, mas tamb\u00e9m social e econ\u00f3mico, dado que a melhoria [&hellip;]<\/p>","protected":false},"author":2,"featured_media":0,"comment_status":"open","ping_status":"open","sticky":false,"template":"","format":"standard","meta":[],"categories":[21],"tags":[],"acf":[],"yoast_head":"<!-- This site is optimized with the Yoast SEO plugin v20.10 - https:\/\/yoast.com\/wordpress\/plugins\/seo\/ -->\n<title>Plano Estrat\u00e9gico de Gest\u00e3o de Res\u00edduos dos A\u00e7ores vai gerar volume de neg\u00f3cios anual superior a 10 ME\u00a0 - Di\u00e1rio da Lagoa<\/title>\n<meta name=\"robots\" content=\"index, follow, max-snippet:-1, max-image-preview:large, max-video-preview:-1\" \/>\n<link rel=\"canonical\" href=\"https:\/\/diariodalagoa.pt\/en\/plano-estrategico-de-gestao-de-residuos-dos-acores-vai-gerar-volume-de-negocios-anual-superior-a-10-me\/\" \/>\n<meta property=\"og:locale\" content=\"en_US\" \/>\n<meta property=\"og:type\" content=\"article\" \/>\n<meta property=\"og:title\" content=\"Plano Estrat\u00e9gico de Gest\u00e3o de Res\u00edduos dos A\u00e7ores vai gerar volume de neg\u00f3cios anual superior a 10 ME\u00a0 - Di\u00e1rio da Lagoa\" \/>\n<meta property=\"og:description\" content=\"O Governo dos A\u00e7ores revelou hoje\u00a0que a implementa\u00e7\u00e3o do Plano Estrat\u00e9gico de Gest\u00e3o de Res\u00edduos (PEGRA) permitir\u00e1, no seu conjunto, gerar um volume de neg\u00f3cios anual superior a\u00a010 milh\u00f5es de euros. \u00a0 Segundo Lu\u00eds Neto Viveiros salientou que\u00a0a gest\u00e3o dos res\u00edduos constitui \u201cum grande desafio ambiental, mas tamb\u00e9m social e econ\u00f3mico, dado que a melhoria [&hellip;]\" \/>\n<meta property=\"og:url\" content=\"https:\/\/diariodalagoa.pt\/en\/plano-estrategico-de-gestao-de-residuos-dos-acores-vai-gerar-volume-de-negocios-anual-superior-a-10-me\/\" \/>\n<meta property=\"og:site_name\" content=\"Di\u00e1rio da Lagoa\" \/>\n<meta property=\"article:published_time\" content=\"2014-10-21T18:48:55+00:00\" \/>\n<meta name=\"author\" content=\"Di\u00e1rio da Lagoa\" \/>\n<meta name=\"twitter:card\" content=\"summary_large_image\" \/>\n<meta name=\"twitter:label1\" content=\"Written by\" \/>\n\t<meta name=\"twitter:data1\" content=\"Di\u00e1rio da Lagoa\" \/>\n\t<meta name=\"twitter:label2\" content=\"Est. reading time\" \/>\n\t<meta name=\"twitter:data2\" content=\"1 minute\" \/>\n<script type=\"application\/ld+json\" class=\"yoast-schema-graph\">{\"@context\":\"https:\/\/schema.org\",\"@graph\":[{\"@type\":\"WebPage\",\"@id\":\"https:\/\/diariodalagoa.pt\/plano-estrategico-de-gestao-de-residuos-dos-acores-vai-gerar-volume-de-negocios-anual-superior-a-10-me\/\",\"url\":\"https:\/\/diariodalagoa.pt\/plano-estrategico-de-gestao-de-residuos-dos-acores-vai-gerar-volume-de-negocios-anual-superior-a-10-me\/\",\"name\":\"Plano Estrat\u00e9gico de Gest\u00e3o de Res\u00edduos dos A\u00e7ores vai gerar volume de neg\u00f3cios anual superior a 10 ME\u00a0 - Di\u00e1rio da Lagoa\",\"isPartOf\":{\"@id\":\"https:\/\/diariodalagoa.pt\/#website\"},\"datePublished\":\"2014-10-21T18:48:55+00:00\",\"dateModified\":\"2014-10-21T18:48:55+00:00\",\"author\":{\"@id\":\"https:\/\/diariodalagoa.pt\/#\/schema\/person\/1615a002370e8857b6f972834bc43ece\"},\"breadcrumb\":{\"@id\":\"https:\/\/diariodalagoa.pt\/plano-estrategico-de-gestao-de-residuos-dos-acores-vai-gerar-volume-de-negocios-anual-superior-a-10-me\/#breadcrumb\"},\"inLanguage\":\"en-US\",\"potentialAction\":[{\"@type\":\"ReadAction\",\"target\":[\"https:\/\/diariodalagoa.pt\/plano-estrategico-de-gestao-de-residuos-dos-acores-vai-gerar-volume-de-negocios-anual-superior-a-10-me\/\"]}]},{\"@type\":\"BreadcrumbList\",\"@id\":\"https:\/\/diariodalagoa.pt\/plano-estrategico-de-gestao-de-residuos-dos-acores-vai-gerar-volume-de-negocios-anual-superior-a-10-me\/#breadcrumb\",\"itemListElement\":[{\"@type\":\"ListItem\",\"position\":1,\"name\":\"In\u00edcio\",\"item\":\"https:\/\/diariodalagoa.pt\/\"},{\"@type\":\"ListItem\",\"position\":2,\"name\":\"Plano Estrat\u00e9gico de Gest\u00e3o de Res\u00edduos dos A\u00e7ores vai gerar volume de neg\u00f3cios anual superior a 10 ME\u00a0\"}]},{\"@type\":\"WebSite\",\"@id\":\"https:\/\/diariodalagoa.pt\/#website\",\"url\":\"https:\/\/diariodalagoa.pt\/\",\"name\":\"Di\u00e1rio da Lagoa\",\"description\":\"Di\u00e1rio da Lagoa. As not\u00edcias que contam. A partir da Lagoa, nos A\u00e7ores, para o mundo.\",\"potentialAction\":[{\"@type\":\"SearchAction\",\"target\":{\"@type\":\"EntryPoint\",\"urlTemplate\":\"https:\/\/diariodalagoa.pt\/?s={search_term_string}\"},\"query-input\":\"required name=search_term_string\"}],\"inLanguage\":\"en-US\"},{\"@type\":\"Person\",\"@id\":\"https:\/\/diariodalagoa.pt\/#\/schema\/person\/1615a002370e8857b6f972834bc43ece\",\"name\":\"Di\u00e1rio da Lagoa\",\"image\":{\"@type\":\"ImageObject\",\"inLanguage\":\"en-US\",\"@id\":\"https:\/\/diariodalagoa.pt\/#\/schema\/person\/image\/\",\"url\":\"https:\/\/secure.gravatar.com\/avatar\/2cb5cef90a26f8fbd4d9d930608102c5?s=96&d=mm&r=g\",\"contentUrl\":\"https:\/\/secure.gravatar.com\/avatar\/2cb5cef90a26f8fbd4d9d930608102c5?s=96&d=mm&r=g\",\"caption\":\"Di\u00e1rio da Lagoa\"},\"url\":\"https:\/\/diariodalagoa.pt\/en\/author\/diariodalagoa\/\"}]}<\/script>\n<!-- \/ Yoast SEO plugin. -->","yoast_head_json":{"title":"Plano Estrat\u00e9gico de Gest\u00e3o de Res\u00edduos dos A\u00e7ores vai gerar volume de neg\u00f3cios anual superior a 10 ME\u00a0 - Di\u00e1rio da Lagoa","robots":{"index":"index","follow":"follow","max-snippet":"max-snippet:-1","max-image-preview":"max-image-preview:large","max-video-preview":"max-video-preview:-1"},"canonical":"https:\/\/diariodalagoa.pt\/en\/plano-estrategico-de-gestao-de-residuos-dos-acores-vai-gerar-volume-de-negocios-anual-superior-a-10-me\/","og_locale":"en_US","og_type":"article","og_title":"Plano Estrat\u00e9gico de Gest\u00e3o de Res\u00edduos dos A\u00e7ores vai gerar volume de neg\u00f3cios anual superior a 10 ME\u00a0 - Di\u00e1rio da Lagoa","og_description":"O Governo dos A\u00e7ores revelou hoje\u00a0que a implementa\u00e7\u00e3o do Plano Estrat\u00e9gico de Gest\u00e3o de Res\u00edduos (PEGRA) permitir\u00e1, no seu conjunto, gerar um volume de neg\u00f3cios anual superior a\u00a010 milh\u00f5es de euros. \u00a0 Segundo Lu\u00eds Neto Viveiros salientou que\u00a0a gest\u00e3o dos res\u00edduos constitui \u201cum grande desafio ambiental, mas tamb\u00e9m social e econ\u00f3mico, dado que a melhoria [&hellip;]","og_url":"https:\/\/diariodalagoa.pt\/en\/plano-estrategico-de-gestao-de-residuos-dos-acores-vai-gerar-volume-de-negocios-anual-superior-a-10-me\/","og_site_name":"Di\u00e1rio da Lagoa","article_published_time":"2014-10-21T18:48:55+00:00","author":"Di\u00e1rio da Lagoa","twitter_card":"summary_large_image","twitter_misc":{"Written by":"Di\u00e1rio da Lagoa","Est. reading time":"1 minute"},"schema":{"@context":"https:\/\/schema.org","@graph":[{"@type":"WebPage","@id":"https:\/\/diariodalagoa.pt\/plano-estrategico-de-gestao-de-residuos-dos-acores-vai-gerar-volume-de-negocios-anual-superior-a-10-me\/","url":"https:\/\/diariodalagoa.pt\/plano-estrategico-de-gestao-de-residuos-dos-acores-vai-gerar-volume-de-negocios-anual-superior-a-10-me\/","name":"Plano Estrat\u00e9gico de Gest\u00e3o de Res\u00edduos dos A\u00e7ores vai gerar volume de neg\u00f3cios anual superior a 10 ME\u00a0 - Di\u00e1rio da Lagoa","isPartOf":{"@id":"https:\/\/diariodalagoa.pt\/#website"},"datePublished":"2014-10-21T18:48:55+00:00","dateModified":"2014-10-21T18:48:55+00:00","author":{"@id":"https:\/\/diariodalagoa.pt\/#\/schema\/person\/1615a002370e8857b6f972834bc43ece"},"breadcrumb":{"@id":"https:\/\/diariodalagoa.pt\/plano-estrategico-de-gestao-de-residuos-dos-acores-vai-gerar-volume-de-negocios-anual-superior-a-10-me\/#breadcrumb"},"inLanguage":"en-US","potentialAction":[{"@type":"ReadAction","target":["https:\/\/diariodalagoa.pt\/plano-estrategico-de-gestao-de-residuos-dos-acores-vai-gerar-volume-de-negocios-anual-superior-a-10-me\/"]}]},{"@type":"BreadcrumbList","@id":"https:\/\/diariodalagoa.pt\/plano-estrategico-de-gestao-de-residuos-dos-acores-vai-gerar-volume-de-negocios-anual-superior-a-10-me\/#breadcrumb","itemListElement":[{"@type":"ListItem","position":1,"name":"In\u00edcio","item":"https:\/\/diariodalagoa.pt\/"},{"@type":"ListItem","position":2,"name":"Plano Estrat\u00e9gico de Gest\u00e3o de Res\u00edduos dos A\u00e7ores vai gerar volume de neg\u00f3cios anual superior a 10 ME\u00a0"}]},{"@type":"WebSite","@id":"https:\/\/diariodalagoa.pt\/#website","url":"https:\/\/diariodalagoa.pt\/","name":"Di\u00e1rio da Lagoa","description":"Di\u00e1rio da Lagoa. As not\u00edcias que contam. A partir da Lagoa, nos A\u00e7ores, para o mundo.","potentialAction":[{"@type":"SearchAction","target":{"@type":"EntryPoint","urlTemplate":"https:\/\/diariodalagoa.pt\/?s={search_term_string}"},"query-input":"required name=search_term_string"}],"inLanguage":"en-US"},{"@type":"Person","@id":"https:\/\/diariodalagoa.pt\/#\/schema\/person\/1615a002370e8857b6f972834bc43ece","name":"Di\u00e1rio da Lagoa","image":{"@type":"ImageObject","inLanguage":"en-US","@id":"https:\/\/diariodalagoa.pt\/#\/schema\/person\/image\/","url":"https:\/\/secure.gravatar.com\/avatar\/2cb5cef90a26f8fbd4d9d930608102c5?s=96&d=mm&r=g","contentUrl":"https:\/\/secure.gravatar.com\/avatar\/2cb5cef90a26f8fbd4d9d930608102c5?s=96&d=mm&r=g","caption":"Di\u00e1rio da Lagoa"},"url":"https:\/\/diariodalagoa.pt\/en\/author\/diariodalagoa\/"}]}},"_links":{"self":[{"href":"https:\/\/diariodalagoa.pt\/en\/wp-json\/wp\/v2\/posts\/10507"}],"collection":[{"href":"https:\/\/diariodalagoa.pt\/en\/wp-json\/wp\/v2\/posts"}],"about":[{"href":"https:\/\/diariodalagoa.pt\/en\/wp-json\/wp\/v2\/types\/post"}],"author":[{"embeddable":true,"href":"https:\/\/diariodalagoa.pt\/en\/wp-json\/wp\/v2\/users\/2"}],"replies":[{"embeddable":true,"href":"https:\/\/diariodalagoa.pt\/en\/wp-json\/wp\/v2\/comments?post=10507"}],"version-history":[{"count":0,"href":"https:\/\/diariodalagoa.pt\/en\/wp-json\/wp\/v2\/posts\/10507\/revisions"}],"wp:attachment":[{"href":"https:\/\/diariodalagoa.pt\/en\/wp-json\/wp\/v2\/media?parent=10507"}],"wp:term":[{"taxonomy":"category","embeddable":true,"href":"https:\/\/diariodalagoa.pt\/en\/wp-json\/wp\/v2\/categories?post=10507"},{"taxonomy":"post_tag","embeddable":true,"href":"https:\/\/diariodalagoa.pt\/en\/wp-json\/wp\/v2\/tags?post=10507"}],"curies":[{"name":"wp","href":"https:\/\/api.w.org\/{rel}","templated":true}]}}