{"id":10467,"date":"2014-10-20T14:08:14","date_gmt":"2014-10-20T15:08:14","guid":{"rendered":"http:\/\/diariodalagoa.pt\/?p=10467"},"modified":"2014-10-20T14:08:14","modified_gmt":"2014-10-20T15:08:14","slug":"vitor-fraga-apela-a-uniao-de-esforcos-para-a-consolidacao-da-gastronomia-no-plano-turistico-regional","status":"publish","type":"post","link":"https:\/\/diariodalagoa.pt\/en\/vitor-fraga-apela-a-uniao-de-esforcos-para-a-consolidacao-da-gastronomia-no-plano-turistico-regional\/","title":{"rendered":"V\u00edtor Fraga apela a uni\u00e3o de esfor\u00e7os para a consolida\u00e7\u00e3o da Gastronomia no plano tur\u00edstico regional"},"content":{"rendered":"<p style=\"text-align: justify;\"><img decoding=\"async\" class=\"alignnone size-full wp-image-10468\" src=\"http:\/\/diariodalagoa.pt\/wp-content\/uploads\/2014\/10\/A\u00e7ores-Gastronomia-Viva-Escola-Forma\u00e7\u00e3o-Hoteleira.jpg\" alt=\"A\u00e7ores-Gastronomia-Viva-Escola-Forma\u00e7\u00e3o-Hoteleira\" width=\"720\" height=\"380\" \/><\/p>\n<p style=\"text-align: justify;\"><span style=\"color: #000000;\">O Secret\u00e1rio Regional do Turismo e Transportes apelou \u00e0 conjuga\u00e7\u00e3o de esfor\u00e7os entre parceiros do setor tur\u00edstico para a promo\u00e7\u00e3o da gastronomia regional, atrav\u00e9s da realiza\u00e7\u00e3o de iniciativas que permitam afirmar este produto na oferta do setor.<\/span><\/p>\n<p style=\"text-align: justify;\"><span style=\"color: #000000;\">V\u00edtor Fraga falava na cerim\u00f3nia de apresenta\u00e7\u00e3o do evento &#8216;A\u00e7ores Gastronomia Viva&#8217;, que decorre nos dias 7 e 8 de novembro, no Restaurante Anfiteatro da Escola de Forma\u00e7\u00e3o Tur\u00edstica e Hoteleira.\u00a0<\/span><\/p>\n<p style=\"text-align: justify;\"><span style=\"color: #000000;\">Para V\u00edtor Fraga, a gastronomia \u201cpode e deve\u201d assumir um papel fundamental como produto tur\u00edstico capaz de atrair fluxos e, simultaneamente, complementar a diversificada oferta de produtos de natureza j\u00e1 existente nos A\u00e7ores, considerando que \u00e9 fundamental \u201cestruturar uma oferta ao n\u00edvel dos produtos tur\u00edsticos que potencie ao m\u00e1ximo esta situa\u00e7\u00e3o e que incorpore valor na cadeia do turismo\u201d.\u00a0<\/span><\/p>\n<p style=\"text-align: justify;\"><span style=\"color: #000000;\">O titular da pasta do Turismo sublinhou ainda a mais-valia de eventos como o que hoje foi apresentado por n\u00e3o serem limitados nem pelo p\u00fablico-alvo, nem pela sazonalidade.<\/span><\/p>\n<p style=\"text-align: justify;\"><span style=\"color: #000000;\">V\u00edtor Fraga lembrou ainda que a realiza\u00e7\u00e3o de eventos de renome depende, em boa parte, do bom nome e dos cr\u00e9ditos firmados das entidades que os organizam, enaltecendo, por isso, o trabalho da Escola de Forma\u00e7\u00e3o Tur\u00edstica Hoteleira (EFTH) como promotora de eventos desta natureza, a par do seu papel na forma\u00e7\u00e3o de jovens e profissionais ativos, que considerou ser de &#8220;extrema import\u00e2ncia&#8221;.<\/span><\/p>\n<p style=\"text-align: justify;\"><span style=\"color: #000000;\"><em>DL\/Gacs<\/em><\/span><\/p>","protected":false},"excerpt":{"rendered":"<p>O Secret\u00e1rio Regional do Turismo e Transportes apelou \u00e0 conjuga\u00e7\u00e3o de esfor\u00e7os entre parceiros do setor tur\u00edstico para a promo\u00e7\u00e3o da gastronomia regional, atrav\u00e9s da realiza\u00e7\u00e3o de iniciativas que permitam afirmar este produto na oferta do setor. V\u00edtor Fraga falava na cerim\u00f3nia de apresenta\u00e7\u00e3o do evento &#8216;A\u00e7ores Gastronomia Viva&#8217;, que decorre nos dias 7 e [&hellip;]<\/p>","protected":false},"author":2,"featured_media":0,"comment_status":"open","ping_status":"open","sticky":false,"template":"","format":"standard","meta":[],"categories":[21],"tags":[],"acf":[],"yoast_head":"<!-- This site is optimized with the Yoast SEO plugin v20.10 - https:\/\/yoast.com\/wordpress\/plugins\/seo\/ -->\n<title>V\u00edtor Fraga apela a uni\u00e3o de esfor\u00e7os para a consolida\u00e7\u00e3o da Gastronomia no plano tur\u00edstico regional - Di\u00e1rio da Lagoa<\/title>\n<meta name=\"robots\" content=\"index, follow, max-snippet:-1, max-image-preview:large, max-video-preview:-1\" \/>\n<link rel=\"canonical\" href=\"https:\/\/diariodalagoa.pt\/en\/vitor-fraga-apela-a-uniao-de-esforcos-para-a-consolidacao-da-gastronomia-no-plano-turistico-regional\/\" \/>\n<meta property=\"og:locale\" content=\"en_US\" \/>\n<meta property=\"og:type\" content=\"article\" \/>\n<meta property=\"og:title\" content=\"V\u00edtor Fraga apela a uni\u00e3o de esfor\u00e7os para a consolida\u00e7\u00e3o da Gastronomia no plano tur\u00edstico regional - Di\u00e1rio da Lagoa\" \/>\n<meta property=\"og:description\" content=\"O Secret\u00e1rio Regional do Turismo e Transportes apelou \u00e0 conjuga\u00e7\u00e3o de esfor\u00e7os entre parceiros do setor tur\u00edstico para a promo\u00e7\u00e3o da gastronomia regional, atrav\u00e9s da realiza\u00e7\u00e3o de iniciativas que permitam afirmar este produto na oferta do setor. V\u00edtor Fraga falava na cerim\u00f3nia de apresenta\u00e7\u00e3o do evento &#8216;A\u00e7ores Gastronomia Viva&#8217;, que decorre nos dias 7 e [&hellip;]\" \/>\n<meta property=\"og:url\" content=\"https:\/\/diariodalagoa.pt\/en\/vitor-fraga-apela-a-uniao-de-esforcos-para-a-consolidacao-da-gastronomia-no-plano-turistico-regional\/\" \/>\n<meta property=\"og:site_name\" content=\"Di\u00e1rio da Lagoa\" \/>\n<meta property=\"article:published_time\" content=\"2014-10-20T15:08:14+00:00\" \/>\n<meta name=\"author\" content=\"Di\u00e1rio da Lagoa\" \/>\n<meta name=\"twitter:card\" content=\"summary_large_image\" \/>\n<meta name=\"twitter:label1\" content=\"Written by\" \/>\n\t<meta name=\"twitter:data1\" content=\"Di\u00e1rio da Lagoa\" \/>\n\t<meta name=\"twitter:label2\" content=\"Est. reading time\" \/>\n\t<meta name=\"twitter:data2\" content=\"1 minute\" \/>\n<script type=\"application\/ld+json\" class=\"yoast-schema-graph\">{\"@context\":\"https:\/\/schema.org\",\"@graph\":[{\"@type\":\"WebPage\",\"@id\":\"https:\/\/diariodalagoa.pt\/vitor-fraga-apela-a-uniao-de-esforcos-para-a-consolidacao-da-gastronomia-no-plano-turistico-regional\/\",\"url\":\"https:\/\/diariodalagoa.pt\/vitor-fraga-apela-a-uniao-de-esforcos-para-a-consolidacao-da-gastronomia-no-plano-turistico-regional\/\",\"name\":\"V\u00edtor Fraga apela a uni\u00e3o de esfor\u00e7os para a consolida\u00e7\u00e3o da Gastronomia no plano tur\u00edstico regional - Di\u00e1rio da Lagoa\",\"isPartOf\":{\"@id\":\"https:\/\/diariodalagoa.pt\/#website\"},\"datePublished\":\"2014-10-20T15:08:14+00:00\",\"dateModified\":\"2014-10-20T15:08:14+00:00\",\"author\":{\"@id\":\"https:\/\/diariodalagoa.pt\/#\/schema\/person\/1615a002370e8857b6f972834bc43ece\"},\"breadcrumb\":{\"@id\":\"https:\/\/diariodalagoa.pt\/vitor-fraga-apela-a-uniao-de-esforcos-para-a-consolidacao-da-gastronomia-no-plano-turistico-regional\/#breadcrumb\"},\"inLanguage\":\"en-US\",\"potentialAction\":[{\"@type\":\"ReadAction\",\"target\":[\"https:\/\/diariodalagoa.pt\/vitor-fraga-apela-a-uniao-de-esforcos-para-a-consolidacao-da-gastronomia-no-plano-turistico-regional\/\"]}]},{\"@type\":\"BreadcrumbList\",\"@id\":\"https:\/\/diariodalagoa.pt\/vitor-fraga-apela-a-uniao-de-esforcos-para-a-consolidacao-da-gastronomia-no-plano-turistico-regional\/#breadcrumb\",\"itemListElement\":[{\"@type\":\"ListItem\",\"position\":1,\"name\":\"In\u00edcio\",\"item\":\"https:\/\/diariodalagoa.pt\/\"},{\"@type\":\"ListItem\",\"position\":2,\"name\":\"V\u00edtor Fraga apela a uni\u00e3o de esfor\u00e7os para a consolida\u00e7\u00e3o da Gastronomia no plano tur\u00edstico regional\"}]},{\"@type\":\"WebSite\",\"@id\":\"https:\/\/diariodalagoa.pt\/#website\",\"url\":\"https:\/\/diariodalagoa.pt\/\",\"name\":\"Di\u00e1rio da Lagoa\",\"description\":\"Di\u00e1rio da Lagoa. As not\u00edcias que contam. A partir da Lagoa, nos A\u00e7ores, para o mundo.\",\"potentialAction\":[{\"@type\":\"SearchAction\",\"target\":{\"@type\":\"EntryPoint\",\"urlTemplate\":\"https:\/\/diariodalagoa.pt\/?s={search_term_string}\"},\"query-input\":\"required name=search_term_string\"}],\"inLanguage\":\"en-US\"},{\"@type\":\"Person\",\"@id\":\"https:\/\/diariodalagoa.pt\/#\/schema\/person\/1615a002370e8857b6f972834bc43ece\",\"name\":\"Di\u00e1rio da Lagoa\",\"image\":{\"@type\":\"ImageObject\",\"inLanguage\":\"en-US\",\"@id\":\"https:\/\/diariodalagoa.pt\/#\/schema\/person\/image\/\",\"url\":\"https:\/\/secure.gravatar.com\/avatar\/2cb5cef90a26f8fbd4d9d930608102c5?s=96&d=mm&r=g\",\"contentUrl\":\"https:\/\/secure.gravatar.com\/avatar\/2cb5cef90a26f8fbd4d9d930608102c5?s=96&d=mm&r=g\",\"caption\":\"Di\u00e1rio da Lagoa\"},\"url\":\"https:\/\/diariodalagoa.pt\/en\/author\/diariodalagoa\/\"}]}<\/script>\n<!-- \/ Yoast SEO plugin. -->","yoast_head_json":{"title":"V\u00edtor Fraga apela a uni\u00e3o de esfor\u00e7os para a consolida\u00e7\u00e3o da Gastronomia no plano tur\u00edstico regional - Di\u00e1rio da Lagoa","robots":{"index":"index","follow":"follow","max-snippet":"max-snippet:-1","max-image-preview":"max-image-preview:large","max-video-preview":"max-video-preview:-1"},"canonical":"https:\/\/diariodalagoa.pt\/en\/vitor-fraga-apela-a-uniao-de-esforcos-para-a-consolidacao-da-gastronomia-no-plano-turistico-regional\/","og_locale":"en_US","og_type":"article","og_title":"V\u00edtor Fraga apela a uni\u00e3o de esfor\u00e7os para a consolida\u00e7\u00e3o da Gastronomia no plano tur\u00edstico regional - Di\u00e1rio da Lagoa","og_description":"O Secret\u00e1rio Regional do Turismo e Transportes apelou \u00e0 conjuga\u00e7\u00e3o de esfor\u00e7os entre parceiros do setor tur\u00edstico para a promo\u00e7\u00e3o da gastronomia regional, atrav\u00e9s da realiza\u00e7\u00e3o de iniciativas que permitam afirmar este produto na oferta do setor. V\u00edtor Fraga falava na cerim\u00f3nia de apresenta\u00e7\u00e3o do evento &#8216;A\u00e7ores Gastronomia Viva&#8217;, que decorre nos dias 7 e [&hellip;]","og_url":"https:\/\/diariodalagoa.pt\/en\/vitor-fraga-apela-a-uniao-de-esforcos-para-a-consolidacao-da-gastronomia-no-plano-turistico-regional\/","og_site_name":"Di\u00e1rio da Lagoa","article_published_time":"2014-10-20T15:08:14+00:00","author":"Di\u00e1rio da Lagoa","twitter_card":"summary_large_image","twitter_misc":{"Written by":"Di\u00e1rio da Lagoa","Est. reading time":"1 minute"},"schema":{"@context":"https:\/\/schema.org","@graph":[{"@type":"WebPage","@id":"https:\/\/diariodalagoa.pt\/vitor-fraga-apela-a-uniao-de-esforcos-para-a-consolidacao-da-gastronomia-no-plano-turistico-regional\/","url":"https:\/\/diariodalagoa.pt\/vitor-fraga-apela-a-uniao-de-esforcos-para-a-consolidacao-da-gastronomia-no-plano-turistico-regional\/","name":"V\u00edtor Fraga apela a uni\u00e3o de esfor\u00e7os para a consolida\u00e7\u00e3o da Gastronomia no plano tur\u00edstico regional - Di\u00e1rio da Lagoa","isPartOf":{"@id":"https:\/\/diariodalagoa.pt\/#website"},"datePublished":"2014-10-20T15:08:14+00:00","dateModified":"2014-10-20T15:08:14+00:00","author":{"@id":"https:\/\/diariodalagoa.pt\/#\/schema\/person\/1615a002370e8857b6f972834bc43ece"},"breadcrumb":{"@id":"https:\/\/diariodalagoa.pt\/vitor-fraga-apela-a-uniao-de-esforcos-para-a-consolidacao-da-gastronomia-no-plano-turistico-regional\/#breadcrumb"},"inLanguage":"en-US","potentialAction":[{"@type":"ReadAction","target":["https:\/\/diariodalagoa.pt\/vitor-fraga-apela-a-uniao-de-esforcos-para-a-consolidacao-da-gastronomia-no-plano-turistico-regional\/"]}]},{"@type":"BreadcrumbList","@id":"https:\/\/diariodalagoa.pt\/vitor-fraga-apela-a-uniao-de-esforcos-para-a-consolidacao-da-gastronomia-no-plano-turistico-regional\/#breadcrumb","itemListElement":[{"@type":"ListItem","position":1,"name":"In\u00edcio","item":"https:\/\/diariodalagoa.pt\/"},{"@type":"ListItem","position":2,"name":"V\u00edtor Fraga apela a uni\u00e3o de esfor\u00e7os para a consolida\u00e7\u00e3o da Gastronomia no plano tur\u00edstico regional"}]},{"@type":"WebSite","@id":"https:\/\/diariodalagoa.pt\/#website","url":"https:\/\/diariodalagoa.pt\/","name":"Di\u00e1rio da Lagoa","description":"Di\u00e1rio da Lagoa. As not\u00edcias que contam. A partir da Lagoa, nos A\u00e7ores, para o mundo.","potentialAction":[{"@type":"SearchAction","target":{"@type":"EntryPoint","urlTemplate":"https:\/\/diariodalagoa.pt\/?s={search_term_string}"},"query-input":"required name=search_term_string"}],"inLanguage":"en-US"},{"@type":"Person","@id":"https:\/\/diariodalagoa.pt\/#\/schema\/person\/1615a002370e8857b6f972834bc43ece","name":"Di\u00e1rio da Lagoa","image":{"@type":"ImageObject","inLanguage":"en-US","@id":"https:\/\/diariodalagoa.pt\/#\/schema\/person\/image\/","url":"https:\/\/secure.gravatar.com\/avatar\/2cb5cef90a26f8fbd4d9d930608102c5?s=96&d=mm&r=g","contentUrl":"https:\/\/secure.gravatar.com\/avatar\/2cb5cef90a26f8fbd4d9d930608102c5?s=96&d=mm&r=g","caption":"Di\u00e1rio da Lagoa"},"url":"https:\/\/diariodalagoa.pt\/en\/author\/diariodalagoa\/"}]}},"_links":{"self":[{"href":"https:\/\/diariodalagoa.pt\/en\/wp-json\/wp\/v2\/posts\/10467"}],"collection":[{"href":"https:\/\/diariodalagoa.pt\/en\/wp-json\/wp\/v2\/posts"}],"about":[{"href":"https:\/\/diariodalagoa.pt\/en\/wp-json\/wp\/v2\/types\/post"}],"author":[{"embeddable":true,"href":"https:\/\/diariodalagoa.pt\/en\/wp-json\/wp\/v2\/users\/2"}],"replies":[{"embeddable":true,"href":"https:\/\/diariodalagoa.pt\/en\/wp-json\/wp\/v2\/comments?post=10467"}],"version-history":[{"count":0,"href":"https:\/\/diariodalagoa.pt\/en\/wp-json\/wp\/v2\/posts\/10467\/revisions"}],"wp:attachment":[{"href":"https:\/\/diariodalagoa.pt\/en\/wp-json\/wp\/v2\/media?parent=10467"}],"wp:term":[{"taxonomy":"category","embeddable":true,"href":"https:\/\/diariodalagoa.pt\/en\/wp-json\/wp\/v2\/categories?post=10467"},{"taxonomy":"post_tag","embeddable":true,"href":"https:\/\/diariodalagoa.pt\/en\/wp-json\/wp\/v2\/tags?post=10467"}],"curies":[{"name":"wp","href":"https:\/\/api.w.org\/{rel}","templated":true}]}}