{"id":10392,"date":"2014-10-17T14:21:53","date_gmt":"2014-10-17T15:21:53","guid":{"rendered":"http:\/\/diariodalagoa.pt\/?p=10392"},"modified":"2014-10-17T14:21:53","modified_gmt":"2014-10-17T15:21:53","slug":"formacao-poupar-e-empreender","status":"publish","type":"post","link":"https:\/\/diariodalagoa.pt\/en\/formacao-poupar-e-empreender\/","title":{"rendered":"Forma\u00e7\u00e3o \u201cPoupar e Empreender\u201d"},"content":{"rendered":"<p><img decoding=\"async\" class=\"alignnone size-full wp-image-5466\" src=\"http:\/\/diariodalagoa.pt\/wp-content\/uploads\/2014\/06\/CARITAS_vector.png\" alt=\"CARITAS_vector\" width=\"720\" height=\"380\" \/><\/p>\n<p><span style=\"color: rgb(0, 0, 0);\">A C\u00e1ritas da Ilha de S. Miguel, em parceria com a C\u00e1ritas Portuguesa e o Novo Banco, est\u00e1 a organizar uma a\u00e7\u00e3o de forma\u00e7\u00e3o \u201cPoupar e Empreender\u201d.\u00a0<\/span><\/p>\n<p><span style=\"color: rgb(0, 0, 0);\">Esta forma\u00e7\u00e3o tem como objetivo\u00a0\u201cdesenvolver compet\u00eancias e conhecimentos que permitam aos formandos planear as suas despesas, gerir os seus or\u00e7amentos, fazer um uso adequado dos servi\u00e7os financeiros (cr\u00e9dito, produtos financeiros) e promover a poupan\u00e7a\u201d.\u00a0<\/span><\/p>\n<p><span style=\"color: rgb(0, 0, 0);\">A forma\u00e7\u00e3o ir\u00e1 decorrer nos pr\u00f3ximos dias 22, 23 e 24 de outubro, entre as 9h00 e as 13h00, no Audit\u00f3rio do Convento da Esperan\u00e7a.\u00a0 As a\u00e7\u00f5es apresentam os mesmos conte\u00fados de forma\u00e7\u00e3o nos tr\u00eas dias, contudo, ser\u00e3o destinadas a p\u00fablicos diferentes. A primeira a\u00e7\u00e3o ser\u00e1 destinada a pessoas que vivem em situa\u00e7\u00e3o de exclus\u00e3o grave, no dia seguinte para agregados familiares com acompanhamento t\u00e9cnico e no \u00faltimo dia direcionado a t\u00e9cnicos sociais.\u00a0<\/span><\/p>\n<p><span style=\"color: rgb(0, 0, 0);\">Conscientes da import\u00e2ncia do desenvolvimento da nossa miss\u00e3o de cariz caritativo e social, bem como, do interesse desta forma\u00e7\u00e3o, agradecemos a todos aqueles que aderiram a esta iniciativa com a realiza\u00e7\u00e3o da sua inscri\u00e7\u00e3o, desejando que usufruem o melhor poss\u00edvel da mesma, na partilha de conhecimentos \u00fateis do dia-a-dia de cada um de n\u00f3s.<\/span><\/p>\n<p><em><span style=\"color: #000000;\">DL\/CaritasSMG<\/span><\/em><\/p>","protected":false},"excerpt":{"rendered":"<p>A C\u00e1ritas da Ilha de S. Miguel, em parceria com a C\u00e1ritas Portuguesa e o Novo Banco, est\u00e1 a organizar uma a\u00e7\u00e3o de forma\u00e7\u00e3o \u201cPoupar e Empreender\u201d.\u00a0 Esta forma\u00e7\u00e3o tem como objetivo\u00a0\u201cdesenvolver compet\u00eancias e conhecimentos que permitam aos formandos planear as suas despesas, gerir os seus or\u00e7amentos, fazer um uso adequado dos servi\u00e7os financeiros (cr\u00e9dito, [&hellip;]<\/p>","protected":false},"author":2,"featured_media":0,"comment_status":"open","ping_status":"open","sticky":false,"template":"","format":"standard","meta":[],"categories":[21],"tags":[],"acf":[],"yoast_head":"<!-- This site is optimized with the Yoast SEO plugin v20.10 - https:\/\/yoast.com\/wordpress\/plugins\/seo\/ -->\n<title>Forma\u00e7\u00e3o \u201cPoupar e Empreender\u201d - Di\u00e1rio da Lagoa<\/title>\n<meta name=\"robots\" content=\"index, follow, max-snippet:-1, max-image-preview:large, max-video-preview:-1\" \/>\n<link rel=\"canonical\" href=\"https:\/\/diariodalagoa.pt\/en\/formacao-poupar-e-empreender\/\" \/>\n<meta property=\"og:locale\" content=\"en_US\" \/>\n<meta property=\"og:type\" content=\"article\" \/>\n<meta property=\"og:title\" content=\"Forma\u00e7\u00e3o \u201cPoupar e Empreender\u201d - Di\u00e1rio da Lagoa\" \/>\n<meta property=\"og:description\" content=\"A C\u00e1ritas da Ilha de S. Miguel, em parceria com a C\u00e1ritas Portuguesa e o Novo Banco, est\u00e1 a organizar uma a\u00e7\u00e3o de forma\u00e7\u00e3o \u201cPoupar e Empreender\u201d.\u00a0 Esta forma\u00e7\u00e3o tem como objetivo\u00a0\u201cdesenvolver compet\u00eancias e conhecimentos que permitam aos formandos planear as suas despesas, gerir os seus or\u00e7amentos, fazer um uso adequado dos servi\u00e7os financeiros (cr\u00e9dito, [&hellip;]\" \/>\n<meta property=\"og:url\" content=\"https:\/\/diariodalagoa.pt\/en\/formacao-poupar-e-empreender\/\" \/>\n<meta property=\"og:site_name\" content=\"Di\u00e1rio da Lagoa\" \/>\n<meta property=\"article:published_time\" content=\"2014-10-17T15:21:53+00:00\" \/>\n<meta property=\"og:image\" content=\"http:\/\/diariodalagoa.pt\/wp-content\/uploads\/2014\/06\/CARITAS_vector.png\" \/>\n<meta name=\"author\" content=\"Di\u00e1rio da Lagoa\" \/>\n<meta name=\"twitter:card\" content=\"summary_large_image\" \/>\n<meta name=\"twitter:label1\" content=\"Written by\" \/>\n\t<meta name=\"twitter:data1\" content=\"Di\u00e1rio da Lagoa\" \/>\n\t<meta name=\"twitter:label2\" content=\"Est. reading time\" \/>\n\t<meta name=\"twitter:data2\" content=\"1 minute\" \/>\n<script type=\"application\/ld+json\" class=\"yoast-schema-graph\">{\"@context\":\"https:\/\/schema.org\",\"@graph\":[{\"@type\":\"WebPage\",\"@id\":\"https:\/\/diariodalagoa.pt\/formacao-poupar-e-empreender\/\",\"url\":\"https:\/\/diariodalagoa.pt\/formacao-poupar-e-empreender\/\",\"name\":\"Forma\u00e7\u00e3o \u201cPoupar e Empreender\u201d - Di\u00e1rio da Lagoa\",\"isPartOf\":{\"@id\":\"https:\/\/diariodalagoa.pt\/#website\"},\"datePublished\":\"2014-10-17T15:21:53+00:00\",\"dateModified\":\"2014-10-17T15:21:53+00:00\",\"author\":{\"@id\":\"https:\/\/diariodalagoa.pt\/#\/schema\/person\/1615a002370e8857b6f972834bc43ece\"},\"breadcrumb\":{\"@id\":\"https:\/\/diariodalagoa.pt\/formacao-poupar-e-empreender\/#breadcrumb\"},\"inLanguage\":\"en-US\",\"potentialAction\":[{\"@type\":\"ReadAction\",\"target\":[\"https:\/\/diariodalagoa.pt\/formacao-poupar-e-empreender\/\"]}]},{\"@type\":\"BreadcrumbList\",\"@id\":\"https:\/\/diariodalagoa.pt\/formacao-poupar-e-empreender\/#breadcrumb\",\"itemListElement\":[{\"@type\":\"ListItem\",\"position\":1,\"name\":\"In\u00edcio\",\"item\":\"https:\/\/diariodalagoa.pt\/\"},{\"@type\":\"ListItem\",\"position\":2,\"name\":\"Forma\u00e7\u00e3o \u201cPoupar e Empreender\u201d\"}]},{\"@type\":\"WebSite\",\"@id\":\"https:\/\/diariodalagoa.pt\/#website\",\"url\":\"https:\/\/diariodalagoa.pt\/\",\"name\":\"Di\u00e1rio da Lagoa\",\"description\":\"Di\u00e1rio da Lagoa. As not\u00edcias que contam. A partir da Lagoa, nos A\u00e7ores, para o mundo.\",\"potentialAction\":[{\"@type\":\"SearchAction\",\"target\":{\"@type\":\"EntryPoint\",\"urlTemplate\":\"https:\/\/diariodalagoa.pt\/?s={search_term_string}\"},\"query-input\":\"required name=search_term_string\"}],\"inLanguage\":\"en-US\"},{\"@type\":\"Person\",\"@id\":\"https:\/\/diariodalagoa.pt\/#\/schema\/person\/1615a002370e8857b6f972834bc43ece\",\"name\":\"Di\u00e1rio da Lagoa\",\"image\":{\"@type\":\"ImageObject\",\"inLanguage\":\"en-US\",\"@id\":\"https:\/\/diariodalagoa.pt\/#\/schema\/person\/image\/\",\"url\":\"https:\/\/secure.gravatar.com\/avatar\/2cb5cef90a26f8fbd4d9d930608102c5?s=96&d=mm&r=g\",\"contentUrl\":\"https:\/\/secure.gravatar.com\/avatar\/2cb5cef90a26f8fbd4d9d930608102c5?s=96&d=mm&r=g\",\"caption\":\"Di\u00e1rio da Lagoa\"},\"url\":\"https:\/\/diariodalagoa.pt\/en\/author\/diariodalagoa\/\"}]}<\/script>\n<!-- \/ Yoast SEO plugin. -->","yoast_head_json":{"title":"Forma\u00e7\u00e3o \u201cPoupar e Empreender\u201d - Di\u00e1rio da Lagoa","robots":{"index":"index","follow":"follow","max-snippet":"max-snippet:-1","max-image-preview":"max-image-preview:large","max-video-preview":"max-video-preview:-1"},"canonical":"https:\/\/diariodalagoa.pt\/en\/formacao-poupar-e-empreender\/","og_locale":"en_US","og_type":"article","og_title":"Forma\u00e7\u00e3o \u201cPoupar e Empreender\u201d - Di\u00e1rio da Lagoa","og_description":"A C\u00e1ritas da Ilha de S. Miguel, em parceria com a C\u00e1ritas Portuguesa e o Novo Banco, est\u00e1 a organizar uma a\u00e7\u00e3o de forma\u00e7\u00e3o \u201cPoupar e Empreender\u201d.\u00a0 Esta forma\u00e7\u00e3o tem como objetivo\u00a0\u201cdesenvolver compet\u00eancias e conhecimentos que permitam aos formandos planear as suas despesas, gerir os seus or\u00e7amentos, fazer um uso adequado dos servi\u00e7os financeiros (cr\u00e9dito, [&hellip;]","og_url":"https:\/\/diariodalagoa.pt\/en\/formacao-poupar-e-empreender\/","og_site_name":"Di\u00e1rio da Lagoa","article_published_time":"2014-10-17T15:21:53+00:00","og_image":[{"url":"http:\/\/diariodalagoa.pt\/wp-content\/uploads\/2014\/06\/CARITAS_vector.png"}],"author":"Di\u00e1rio da Lagoa","twitter_card":"summary_large_image","twitter_misc":{"Written by":"Di\u00e1rio da Lagoa","Est. reading time":"1 minute"},"schema":{"@context":"https:\/\/schema.org","@graph":[{"@type":"WebPage","@id":"https:\/\/diariodalagoa.pt\/formacao-poupar-e-empreender\/","url":"https:\/\/diariodalagoa.pt\/formacao-poupar-e-empreender\/","name":"Forma\u00e7\u00e3o \u201cPoupar e Empreender\u201d - Di\u00e1rio da Lagoa","isPartOf":{"@id":"https:\/\/diariodalagoa.pt\/#website"},"datePublished":"2014-10-17T15:21:53+00:00","dateModified":"2014-10-17T15:21:53+00:00","author":{"@id":"https:\/\/diariodalagoa.pt\/#\/schema\/person\/1615a002370e8857b6f972834bc43ece"},"breadcrumb":{"@id":"https:\/\/diariodalagoa.pt\/formacao-poupar-e-empreender\/#breadcrumb"},"inLanguage":"en-US","potentialAction":[{"@type":"ReadAction","target":["https:\/\/diariodalagoa.pt\/formacao-poupar-e-empreender\/"]}]},{"@type":"BreadcrumbList","@id":"https:\/\/diariodalagoa.pt\/formacao-poupar-e-empreender\/#breadcrumb","itemListElement":[{"@type":"ListItem","position":1,"name":"In\u00edcio","item":"https:\/\/diariodalagoa.pt\/"},{"@type":"ListItem","position":2,"name":"Forma\u00e7\u00e3o \u201cPoupar e Empreender\u201d"}]},{"@type":"WebSite","@id":"https:\/\/diariodalagoa.pt\/#website","url":"https:\/\/diariodalagoa.pt\/","name":"Di\u00e1rio da Lagoa","description":"Di\u00e1rio da Lagoa. As not\u00edcias que contam. A partir da Lagoa, nos A\u00e7ores, para o mundo.","potentialAction":[{"@type":"SearchAction","target":{"@type":"EntryPoint","urlTemplate":"https:\/\/diariodalagoa.pt\/?s={search_term_string}"},"query-input":"required name=search_term_string"}],"inLanguage":"en-US"},{"@type":"Person","@id":"https:\/\/diariodalagoa.pt\/#\/schema\/person\/1615a002370e8857b6f972834bc43ece","name":"Di\u00e1rio da Lagoa","image":{"@type":"ImageObject","inLanguage":"en-US","@id":"https:\/\/diariodalagoa.pt\/#\/schema\/person\/image\/","url":"https:\/\/secure.gravatar.com\/avatar\/2cb5cef90a26f8fbd4d9d930608102c5?s=96&d=mm&r=g","contentUrl":"https:\/\/secure.gravatar.com\/avatar\/2cb5cef90a26f8fbd4d9d930608102c5?s=96&d=mm&r=g","caption":"Di\u00e1rio da Lagoa"},"url":"https:\/\/diariodalagoa.pt\/en\/author\/diariodalagoa\/"}]}},"_links":{"self":[{"href":"https:\/\/diariodalagoa.pt\/en\/wp-json\/wp\/v2\/posts\/10392"}],"collection":[{"href":"https:\/\/diariodalagoa.pt\/en\/wp-json\/wp\/v2\/posts"}],"about":[{"href":"https:\/\/diariodalagoa.pt\/en\/wp-json\/wp\/v2\/types\/post"}],"author":[{"embeddable":true,"href":"https:\/\/diariodalagoa.pt\/en\/wp-json\/wp\/v2\/users\/2"}],"replies":[{"embeddable":true,"href":"https:\/\/diariodalagoa.pt\/en\/wp-json\/wp\/v2\/comments?post=10392"}],"version-history":[{"count":0,"href":"https:\/\/diariodalagoa.pt\/en\/wp-json\/wp\/v2\/posts\/10392\/revisions"}],"wp:attachment":[{"href":"https:\/\/diariodalagoa.pt\/en\/wp-json\/wp\/v2\/media?parent=10392"}],"wp:term":[{"taxonomy":"category","embeddable":true,"href":"https:\/\/diariodalagoa.pt\/en\/wp-json\/wp\/v2\/categories?post=10392"},{"taxonomy":"post_tag","embeddable":true,"href":"https:\/\/diariodalagoa.pt\/en\/wp-json\/wp\/v2\/tags?post=10392"}],"curies":[{"name":"wp","href":"https:\/\/api.w.org\/{rel}","templated":true}]}}