{"id":10301,"date":"2014-10-15T17:52:50","date_gmt":"2014-10-15T18:52:50","guid":{"rendered":"http:\/\/diariodalagoa.pt\/?p=10301"},"modified":"2014-10-15T17:52:50","modified_gmt":"2014-10-15T18:52:50","slug":"governo-dos-acores-destaca-prioridade-dada-a-elaboracao-do-plano-regional-para-as-alteracoes-climaticas","status":"publish","type":"post","link":"https:\/\/diariodalagoa.pt\/en\/governo-dos-acores-destaca-prioridade-dada-a-elaboracao-do-plano-regional-para-as-alteracoes-climaticas\/","title":{"rendered":"Governo dos A\u00e7ores destaca prioridade dada \u00e0 elabora\u00e7\u00e3o do Plano Regional para as Altera\u00e7\u00f5es Clim\u00e1ticas"},"content":{"rendered":"<p style=\"text-align: justify;\"><img decoding=\"async\" class=\"alignnone size-full wp-image-10302\" src=\"http:\/\/diariodalagoa.pt\/wp-content\/uploads\/2014\/10\/Plano-regional-altera\u00e7\u00f5es-climaticas-reuni\u00e3o-governoA\u00e7ores.jpg\" alt=\"Plano-regional-altera\u00e7\u00f5es-climaticas-reuni\u00e3o-governoA\u00e7ores\" width=\"720\" height=\"380\" \/><\/p>\n<p style=\"text-align: justify;\"><span style=\"color: #000000;\">O Secret\u00e1rio Regional da Agricultura e Ambiente destacou a prioridade determinada pelo Governo de dotar os A\u00e7ores\u00a0de um Plano Regional para as Altera\u00e7\u00f5es Clim\u00e1ticas, dando cumprimento \u00e0s obriga\u00e7\u00f5es decorrentes dos objetivos definidos no Protocolo de Quioto e no pacote energia-clima da Estrat\u00e9gia Europa 2020.\u00a0<\/span><\/p>\n<p style=\"text-align: justify;\"><span style=\"color: #000000;\">Lu\u00eds Neto Viveiros revelou que o grupo de trabalho que hoje reuniu pela primeira vez vai definir o \u201ccaderno de encargos que ser\u00e1 lan\u00e7ado a concurso p\u00fablico internacional\u201d, tendo o Governo dos A\u00e7ores prevista uma verba de cerca de 600 mil euros para a sua execu\u00e7\u00e3o, que dever\u00e1 estar conclu\u00edda em cerca de 18 meses.\u00a0<\/span><\/p>\n<p style=\"text-align: justify;\"><span style=\"color: #000000;\">Com a conclus\u00e3o deste processo, que tamb\u00e9m contempla um per\u00edodo de consulta p\u00fablica, a Regi\u00e3o passar\u00e1 a dispor de um instrumento essencial de planeamento das pol\u00edticas p\u00fablicas para responder \u00e0 intensifica\u00e7\u00e3o das altera\u00e7\u00f5es clim\u00e1ticas globais, que colocam uma press\u00e3o acrescida em territ\u00f3rios limitados e fr\u00e1geis, como \u00e9 o caso do arquip\u00e9lago dos A\u00e7ores.\u00a0<\/span><\/p>\n<p style=\"text-align: justify;\"><span style=\"color: #000000;\">Lu\u00eds Neto Viveiros salientou que\u00a0o facto de os A\u00e7ores serem um conjunto de ilhas acarreta \u201cdificuldades acrescidas\u201d, mas considerou que essa situa\u00e7\u00e3o torna\u00a0\u201cum desafio ainda mais aliciante\u201d a elabora\u00e7\u00e3o deste plano, com base \u201cnum horizonte relativamente alargado at\u00e9 2030, com proje\u00e7\u00f5es at\u00e9 2050\u201d.\u00a0<\/span><\/p>\n<p style=\"text-align: justify;\"><span style=\"color: #000000;\">Estas proje\u00e7\u00f5es resultam do estudo elaborado pela Comiss\u00e3o Regional para Avalia\u00e7\u00e3o das Altera\u00e7\u00f5es Clim\u00e1ticas, coordenada pelo professor Brito de Azevedo, da Universidade dos A\u00e7ores, que o Secret\u00e1rio Regional da Agricultura e Ambiente afirmou\u00a0ser \u201co documento base que serve de suporte ao trabalho deste grupo\u201d.\u00a0<\/span><\/p>\n<p style=\"text-align: justify;\"><span style=\"color: #000000;\">O grupo de trabalho integra representantes de todos os setores de atividade e dos departamentos do Governo, al\u00e9m de entidades como\u00a0o Laborat\u00f3rio Regional de Engenharia Civil.<\/span><\/p>\n<p style=\"text-align: justify;\"><span style=\"color: #000000;\"><em>DL\/Gacs<\/em><\/span><\/p>","protected":false},"excerpt":{"rendered":"<p>O Secret\u00e1rio Regional da Agricultura e Ambiente destacou a prioridade determinada pelo Governo de dotar os A\u00e7ores\u00a0de um Plano Regional para as Altera\u00e7\u00f5es Clim\u00e1ticas, dando cumprimento \u00e0s obriga\u00e7\u00f5es decorrentes dos objetivos definidos no Protocolo de Quioto e no pacote energia-clima da Estrat\u00e9gia Europa 2020.\u00a0 Lu\u00eds Neto Viveiros revelou que o grupo de trabalho que hoje [&hellip;]<\/p>","protected":false},"author":2,"featured_media":0,"comment_status":"open","ping_status":"open","sticky":false,"template":"","format":"standard","meta":[],"categories":[21],"tags":[],"acf":[],"yoast_head":"<!-- This site is optimized with the Yoast SEO plugin v20.10 - https:\/\/yoast.com\/wordpress\/plugins\/seo\/ -->\n<title>Governo dos A\u00e7ores destaca prioridade dada \u00e0 elabora\u00e7\u00e3o do Plano Regional para as Altera\u00e7\u00f5es Clim\u00e1ticas - Di\u00e1rio da Lagoa<\/title>\n<meta name=\"robots\" content=\"index, follow, max-snippet:-1, max-image-preview:large, max-video-preview:-1\" \/>\n<link rel=\"canonical\" href=\"https:\/\/diariodalagoa.pt\/en\/governo-dos-acores-destaca-prioridade-dada-a-elaboracao-do-plano-regional-para-as-alteracoes-climaticas\/\" \/>\n<meta property=\"og:locale\" content=\"en_US\" \/>\n<meta property=\"og:type\" content=\"article\" \/>\n<meta property=\"og:title\" content=\"Governo dos A\u00e7ores destaca prioridade dada \u00e0 elabora\u00e7\u00e3o do Plano Regional para as Altera\u00e7\u00f5es Clim\u00e1ticas - Di\u00e1rio da Lagoa\" \/>\n<meta property=\"og:description\" content=\"O Secret\u00e1rio Regional da Agricultura e Ambiente destacou a prioridade determinada pelo Governo de dotar os A\u00e7ores\u00a0de um Plano Regional para as Altera\u00e7\u00f5es Clim\u00e1ticas, dando cumprimento \u00e0s obriga\u00e7\u00f5es decorrentes dos objetivos definidos no Protocolo de Quioto e no pacote energia-clima da Estrat\u00e9gia Europa 2020.\u00a0 Lu\u00eds Neto Viveiros revelou que o grupo de trabalho que hoje [&hellip;]\" \/>\n<meta property=\"og:url\" content=\"https:\/\/diariodalagoa.pt\/en\/governo-dos-acores-destaca-prioridade-dada-a-elaboracao-do-plano-regional-para-as-alteracoes-climaticas\/\" \/>\n<meta property=\"og:site_name\" content=\"Di\u00e1rio da Lagoa\" \/>\n<meta property=\"article:published_time\" content=\"2014-10-15T18:52:50+00:00\" \/>\n<meta name=\"author\" content=\"Di\u00e1rio da Lagoa\" \/>\n<meta name=\"twitter:card\" content=\"summary_large_image\" \/>\n<meta name=\"twitter:label1\" content=\"Written by\" \/>\n\t<meta name=\"twitter:data1\" content=\"Di\u00e1rio da Lagoa\" \/>\n\t<meta name=\"twitter:label2\" content=\"Est. reading time\" \/>\n\t<meta name=\"twitter:data2\" content=\"2 minutes\" \/>\n<script type=\"application\/ld+json\" class=\"yoast-schema-graph\">{\"@context\":\"https:\/\/schema.org\",\"@graph\":[{\"@type\":\"WebPage\",\"@id\":\"https:\/\/diariodalagoa.pt\/governo-dos-acores-destaca-prioridade-dada-a-elaboracao-do-plano-regional-para-as-alteracoes-climaticas\/\",\"url\":\"https:\/\/diariodalagoa.pt\/governo-dos-acores-destaca-prioridade-dada-a-elaboracao-do-plano-regional-para-as-alteracoes-climaticas\/\",\"name\":\"Governo dos A\u00e7ores destaca prioridade dada \u00e0 elabora\u00e7\u00e3o do Plano Regional para as Altera\u00e7\u00f5es Clim\u00e1ticas - Di\u00e1rio da Lagoa\",\"isPartOf\":{\"@id\":\"https:\/\/diariodalagoa.pt\/#website\"},\"datePublished\":\"2014-10-15T18:52:50+00:00\",\"dateModified\":\"2014-10-15T18:52:50+00:00\",\"author\":{\"@id\":\"https:\/\/diariodalagoa.pt\/#\/schema\/person\/1615a002370e8857b6f972834bc43ece\"},\"breadcrumb\":{\"@id\":\"https:\/\/diariodalagoa.pt\/governo-dos-acores-destaca-prioridade-dada-a-elaboracao-do-plano-regional-para-as-alteracoes-climaticas\/#breadcrumb\"},\"inLanguage\":\"en-US\",\"potentialAction\":[{\"@type\":\"ReadAction\",\"target\":[\"https:\/\/diariodalagoa.pt\/governo-dos-acores-destaca-prioridade-dada-a-elaboracao-do-plano-regional-para-as-alteracoes-climaticas\/\"]}]},{\"@type\":\"BreadcrumbList\",\"@id\":\"https:\/\/diariodalagoa.pt\/governo-dos-acores-destaca-prioridade-dada-a-elaboracao-do-plano-regional-para-as-alteracoes-climaticas\/#breadcrumb\",\"itemListElement\":[{\"@type\":\"ListItem\",\"position\":1,\"name\":\"In\u00edcio\",\"item\":\"https:\/\/diariodalagoa.pt\/\"},{\"@type\":\"ListItem\",\"position\":2,\"name\":\"Governo dos A\u00e7ores destaca prioridade dada \u00e0 elabora\u00e7\u00e3o do Plano Regional para as Altera\u00e7\u00f5es Clim\u00e1ticas\"}]},{\"@type\":\"WebSite\",\"@id\":\"https:\/\/diariodalagoa.pt\/#website\",\"url\":\"https:\/\/diariodalagoa.pt\/\",\"name\":\"Di\u00e1rio da Lagoa\",\"description\":\"Di\u00e1rio da Lagoa. As not\u00edcias que contam. A partir da Lagoa, nos A\u00e7ores, para o mundo.\",\"potentialAction\":[{\"@type\":\"SearchAction\",\"target\":{\"@type\":\"EntryPoint\",\"urlTemplate\":\"https:\/\/diariodalagoa.pt\/?s={search_term_string}\"},\"query-input\":\"required name=search_term_string\"}],\"inLanguage\":\"en-US\"},{\"@type\":\"Person\",\"@id\":\"https:\/\/diariodalagoa.pt\/#\/schema\/person\/1615a002370e8857b6f972834bc43ece\",\"name\":\"Di\u00e1rio da Lagoa\",\"image\":{\"@type\":\"ImageObject\",\"inLanguage\":\"en-US\",\"@id\":\"https:\/\/diariodalagoa.pt\/#\/schema\/person\/image\/\",\"url\":\"https:\/\/secure.gravatar.com\/avatar\/2cb5cef90a26f8fbd4d9d930608102c5?s=96&d=mm&r=g\",\"contentUrl\":\"https:\/\/secure.gravatar.com\/avatar\/2cb5cef90a26f8fbd4d9d930608102c5?s=96&d=mm&r=g\",\"caption\":\"Di\u00e1rio da Lagoa\"},\"url\":\"https:\/\/diariodalagoa.pt\/en\/author\/diariodalagoa\/\"}]}<\/script>\n<!-- \/ Yoast SEO plugin. -->","yoast_head_json":{"title":"Governo dos A\u00e7ores destaca prioridade dada \u00e0 elabora\u00e7\u00e3o do Plano Regional para as Altera\u00e7\u00f5es Clim\u00e1ticas - Di\u00e1rio da Lagoa","robots":{"index":"index","follow":"follow","max-snippet":"max-snippet:-1","max-image-preview":"max-image-preview:large","max-video-preview":"max-video-preview:-1"},"canonical":"https:\/\/diariodalagoa.pt\/en\/governo-dos-acores-destaca-prioridade-dada-a-elaboracao-do-plano-regional-para-as-alteracoes-climaticas\/","og_locale":"en_US","og_type":"article","og_title":"Governo dos A\u00e7ores destaca prioridade dada \u00e0 elabora\u00e7\u00e3o do Plano Regional para as Altera\u00e7\u00f5es Clim\u00e1ticas - Di\u00e1rio da Lagoa","og_description":"O Secret\u00e1rio Regional da Agricultura e Ambiente destacou a prioridade determinada pelo Governo de dotar os A\u00e7ores\u00a0de um Plano Regional para as Altera\u00e7\u00f5es Clim\u00e1ticas, dando cumprimento \u00e0s obriga\u00e7\u00f5es decorrentes dos objetivos definidos no Protocolo de Quioto e no pacote energia-clima da Estrat\u00e9gia Europa 2020.\u00a0 Lu\u00eds Neto Viveiros revelou que o grupo de trabalho que hoje [&hellip;]","og_url":"https:\/\/diariodalagoa.pt\/en\/governo-dos-acores-destaca-prioridade-dada-a-elaboracao-do-plano-regional-para-as-alteracoes-climaticas\/","og_site_name":"Di\u00e1rio da Lagoa","article_published_time":"2014-10-15T18:52:50+00:00","author":"Di\u00e1rio da Lagoa","twitter_card":"summary_large_image","twitter_misc":{"Written by":"Di\u00e1rio da Lagoa","Est. reading time":"2 minutes"},"schema":{"@context":"https:\/\/schema.org","@graph":[{"@type":"WebPage","@id":"https:\/\/diariodalagoa.pt\/governo-dos-acores-destaca-prioridade-dada-a-elaboracao-do-plano-regional-para-as-alteracoes-climaticas\/","url":"https:\/\/diariodalagoa.pt\/governo-dos-acores-destaca-prioridade-dada-a-elaboracao-do-plano-regional-para-as-alteracoes-climaticas\/","name":"Governo dos A\u00e7ores destaca prioridade dada \u00e0 elabora\u00e7\u00e3o do Plano Regional para as Altera\u00e7\u00f5es Clim\u00e1ticas - Di\u00e1rio da Lagoa","isPartOf":{"@id":"https:\/\/diariodalagoa.pt\/#website"},"datePublished":"2014-10-15T18:52:50+00:00","dateModified":"2014-10-15T18:52:50+00:00","author":{"@id":"https:\/\/diariodalagoa.pt\/#\/schema\/person\/1615a002370e8857b6f972834bc43ece"},"breadcrumb":{"@id":"https:\/\/diariodalagoa.pt\/governo-dos-acores-destaca-prioridade-dada-a-elaboracao-do-plano-regional-para-as-alteracoes-climaticas\/#breadcrumb"},"inLanguage":"en-US","potentialAction":[{"@type":"ReadAction","target":["https:\/\/diariodalagoa.pt\/governo-dos-acores-destaca-prioridade-dada-a-elaboracao-do-plano-regional-para-as-alteracoes-climaticas\/"]}]},{"@type":"BreadcrumbList","@id":"https:\/\/diariodalagoa.pt\/governo-dos-acores-destaca-prioridade-dada-a-elaboracao-do-plano-regional-para-as-alteracoes-climaticas\/#breadcrumb","itemListElement":[{"@type":"ListItem","position":1,"name":"In\u00edcio","item":"https:\/\/diariodalagoa.pt\/"},{"@type":"ListItem","position":2,"name":"Governo dos A\u00e7ores destaca prioridade dada \u00e0 elabora\u00e7\u00e3o do Plano Regional para as Altera\u00e7\u00f5es Clim\u00e1ticas"}]},{"@type":"WebSite","@id":"https:\/\/diariodalagoa.pt\/#website","url":"https:\/\/diariodalagoa.pt\/","name":"Di\u00e1rio da Lagoa","description":"Di\u00e1rio da Lagoa. As not\u00edcias que contam. A partir da Lagoa, nos A\u00e7ores, para o mundo.","potentialAction":[{"@type":"SearchAction","target":{"@type":"EntryPoint","urlTemplate":"https:\/\/diariodalagoa.pt\/?s={search_term_string}"},"query-input":"required name=search_term_string"}],"inLanguage":"en-US"},{"@type":"Person","@id":"https:\/\/diariodalagoa.pt\/#\/schema\/person\/1615a002370e8857b6f972834bc43ece","name":"Di\u00e1rio da Lagoa","image":{"@type":"ImageObject","inLanguage":"en-US","@id":"https:\/\/diariodalagoa.pt\/#\/schema\/person\/image\/","url":"https:\/\/secure.gravatar.com\/avatar\/2cb5cef90a26f8fbd4d9d930608102c5?s=96&d=mm&r=g","contentUrl":"https:\/\/secure.gravatar.com\/avatar\/2cb5cef90a26f8fbd4d9d930608102c5?s=96&d=mm&r=g","caption":"Di\u00e1rio da Lagoa"},"url":"https:\/\/diariodalagoa.pt\/en\/author\/diariodalagoa\/"}]}},"_links":{"self":[{"href":"https:\/\/diariodalagoa.pt\/en\/wp-json\/wp\/v2\/posts\/10301"}],"collection":[{"href":"https:\/\/diariodalagoa.pt\/en\/wp-json\/wp\/v2\/posts"}],"about":[{"href":"https:\/\/diariodalagoa.pt\/en\/wp-json\/wp\/v2\/types\/post"}],"author":[{"embeddable":true,"href":"https:\/\/diariodalagoa.pt\/en\/wp-json\/wp\/v2\/users\/2"}],"replies":[{"embeddable":true,"href":"https:\/\/diariodalagoa.pt\/en\/wp-json\/wp\/v2\/comments?post=10301"}],"version-history":[{"count":0,"href":"https:\/\/diariodalagoa.pt\/en\/wp-json\/wp\/v2\/posts\/10301\/revisions"}],"wp:attachment":[{"href":"https:\/\/diariodalagoa.pt\/en\/wp-json\/wp\/v2\/media?parent=10301"}],"wp:term":[{"taxonomy":"category","embeddable":true,"href":"https:\/\/diariodalagoa.pt\/en\/wp-json\/wp\/v2\/categories?post=10301"},{"taxonomy":"post_tag","embeddable":true,"href":"https:\/\/diariodalagoa.pt\/en\/wp-json\/wp\/v2\/tags?post=10301"}],"curies":[{"name":"wp","href":"https:\/\/api.w.org\/{rel}","templated":true}]}}