{"id":10272,"date":"2014-10-15T10:04:55","date_gmt":"2014-10-15T11:04:55","guid":{"rendered":"http:\/\/diariodalagoa.pt\/?p=10272"},"modified":"2014-10-15T10:04:55","modified_gmt":"2014-10-15T11:04:55","slug":"campanha-de-adocao-de-animais-na-feira-comunitaria-da-ribeira-grande","status":"publish","type":"post","link":"https:\/\/diariodalagoa.pt\/en\/campanha-de-adocao-de-animais-na-feira-comunitaria-da-ribeira-grande\/","title":{"rendered":"Campanha de ado\u00e7\u00e3o de animais na feira comunit\u00e1ria da Ribeira Grande"},"content":{"rendered":"<p style=\"text-align: justify;\"><span style=\"color: #000000;\"><img decoding=\"async\" class=\"alignnone size-full wp-image-10273\" src=\"http:\/\/diariodalagoa.pt\/wp-content\/uploads\/2014\/10\/FEIRA-ADOCAO-Ribeira-Grande-animais.jpg\" alt=\"FEIRA ADOCAO - Ribeira Grande - animais\" width=\"720\" height=\"378\" \/>\u00a0<\/span><\/p>\n<p style=\"text-align: justify;\"><span style=\"color: #000000;\">A C\u00e2mara da Ribeira Grande, atrav\u00e9s da divis\u00e3o cultural, vai apoiar a promo\u00e7\u00e3o de ado\u00e7\u00e3o de animais, colaborando dessa forma com o canil municipal tendo em vista o desejo de aumentar o n\u00famero de c\u00e3es e gatos que possam encontrar um novo lar.\u00a0<\/span><\/p>\n<p style=\"text-align: justify;\"><span style=\"color: #000000;\">Em todos os \u00faltimos domingos de cada m\u00eas, ser\u00e1 promovida uma feira de ado\u00e7\u00e3o integrada na feira comunit\u00e1ria que se realiza no mercado municipal da Ribeira Grande, no hor\u00e1rio compreendido entre as 9.00 e as 17.00 horas, podendo os interessados dirigir-se ao local no sentido de levarem consigo um novo amigo.\u00a0<\/span><\/p>\n<p style=\"text-align: justify;\"><span style=\"color: #000000;\">Entretanto, e no seguimento da a\u00e7\u00e3o realizada no ano transato, a C\u00e2mara da Ribeira Grande volta a promover uma campanha de recolha de cobertores velhos com o prop\u00f3sito de aumentar os n\u00edveis de conforto dos animais na \u00e9poca de inverno.\u00a0<\/span><\/p>\n<p style=\"text-align: justify;\"><span style=\"color: #000000;\">Os donativos podem ser feitos em qualquer divis\u00e3o da autarquia at\u00e9 \u00e0 pr\u00f3xima sexta-feira, 17 de outubro, dia em que os mesmos ser\u00e3o recolhidos por colaboradores da C\u00e2mara da Ribeira Grande.<\/span><\/p>\n<p style=\"text-align: justify;\"><span style=\"color: #000000;\"><em>DL\/CMRG<\/em><\/span><\/p>","protected":false},"excerpt":{"rendered":"<p>\u00a0 A C\u00e2mara da Ribeira Grande, atrav\u00e9s da divis\u00e3o cultural, vai apoiar a promo\u00e7\u00e3o de ado\u00e7\u00e3o de animais, colaborando dessa forma com o canil municipal tendo em vista o desejo de aumentar o n\u00famero de c\u00e3es e gatos que possam encontrar um novo lar.\u00a0 Em todos os \u00faltimos domingos de cada m\u00eas, ser\u00e1 promovida uma [&hellip;]<\/p>","protected":false},"author":2,"featured_media":121743,"comment_status":"open","ping_status":"open","sticky":false,"template":"","format":"standard","meta":[],"categories":[21],"tags":[],"acf":[],"yoast_head":"<!-- This site is optimized with the Yoast SEO plugin v20.10 - https:\/\/yoast.com\/wordpress\/plugins\/seo\/ -->\n<title>Campanha de ado\u00e7\u00e3o de animais na feira comunit\u00e1ria da Ribeira Grande - Di\u00e1rio da Lagoa<\/title>\n<meta name=\"robots\" content=\"index, follow, max-snippet:-1, max-image-preview:large, max-video-preview:-1\" \/>\n<link rel=\"canonical\" href=\"https:\/\/diariodalagoa.pt\/en\/campanha-de-adocao-de-animais-na-feira-comunitaria-da-ribeira-grande\/\" \/>\n<meta property=\"og:locale\" content=\"en_US\" \/>\n<meta property=\"og:type\" content=\"article\" \/>\n<meta property=\"og:title\" content=\"Campanha de ado\u00e7\u00e3o de animais na feira comunit\u00e1ria da Ribeira Grande - Di\u00e1rio da Lagoa\" \/>\n<meta property=\"og:description\" content=\"\u00a0 A C\u00e2mara da Ribeira Grande, atrav\u00e9s da divis\u00e3o cultural, vai apoiar a promo\u00e7\u00e3o de ado\u00e7\u00e3o de animais, colaborando dessa forma com o canil municipal tendo em vista o desejo de aumentar o n\u00famero de c\u00e3es e gatos que possam encontrar um novo lar.\u00a0 Em todos os \u00faltimos domingos de cada m\u00eas, ser\u00e1 promovida uma [&hellip;]\" \/>\n<meta property=\"og:url\" content=\"https:\/\/diariodalagoa.pt\/en\/campanha-de-adocao-de-animais-na-feira-comunitaria-da-ribeira-grande\/\" \/>\n<meta property=\"og:site_name\" content=\"Di\u00e1rio da Lagoa\" \/>\n<meta property=\"article:published_time\" content=\"2014-10-15T11:04:55+00:00\" \/>\n<meta property=\"og:image\" content=\"https:\/\/diariodalagoa.pt\/wp-content\/uploads\/2014\/10\/feira-adocao-ribeira-grande-animais.jpg\" \/>\n\t<meta property=\"og:image:width\" content=\"720\" \/>\n\t<meta property=\"og:image:height\" content=\"378\" \/>\n\t<meta property=\"og:image:type\" content=\"image\/jpeg\" \/>\n<meta name=\"author\" content=\"Di\u00e1rio da Lagoa\" \/>\n<meta name=\"twitter:card\" content=\"summary_large_image\" \/>\n<meta name=\"twitter:label1\" content=\"Written by\" \/>\n\t<meta name=\"twitter:data1\" content=\"Di\u00e1rio da Lagoa\" \/>\n\t<meta name=\"twitter:label2\" content=\"Est. reading time\" \/>\n\t<meta name=\"twitter:data2\" content=\"1 minute\" \/>\n<script type=\"application\/ld+json\" class=\"yoast-schema-graph\">{\"@context\":\"https:\/\/schema.org\",\"@graph\":[{\"@type\":\"WebPage\",\"@id\":\"https:\/\/diariodalagoa.pt\/campanha-de-adocao-de-animais-na-feira-comunitaria-da-ribeira-grande\/\",\"url\":\"https:\/\/diariodalagoa.pt\/campanha-de-adocao-de-animais-na-feira-comunitaria-da-ribeira-grande\/\",\"name\":\"Campanha de ado\u00e7\u00e3o de animais na feira comunit\u00e1ria da Ribeira Grande - Di\u00e1rio da Lagoa\",\"isPartOf\":{\"@id\":\"https:\/\/diariodalagoa.pt\/#website\"},\"datePublished\":\"2014-10-15T11:04:55+00:00\",\"dateModified\":\"2014-10-15T11:04:55+00:00\",\"author\":{\"@id\":\"https:\/\/diariodalagoa.pt\/#\/schema\/person\/1615a002370e8857b6f972834bc43ece\"},\"breadcrumb\":{\"@id\":\"https:\/\/diariodalagoa.pt\/campanha-de-adocao-de-animais-na-feira-comunitaria-da-ribeira-grande\/#breadcrumb\"},\"inLanguage\":\"en-US\",\"potentialAction\":[{\"@type\":\"ReadAction\",\"target\":[\"https:\/\/diariodalagoa.pt\/campanha-de-adocao-de-animais-na-feira-comunitaria-da-ribeira-grande\/\"]}]},{\"@type\":\"BreadcrumbList\",\"@id\":\"https:\/\/diariodalagoa.pt\/campanha-de-adocao-de-animais-na-feira-comunitaria-da-ribeira-grande\/#breadcrumb\",\"itemListElement\":[{\"@type\":\"ListItem\",\"position\":1,\"name\":\"In\u00edcio\",\"item\":\"https:\/\/diariodalagoa.pt\/\"},{\"@type\":\"ListItem\",\"position\":2,\"name\":\"Campanha de ado\u00e7\u00e3o de animais na feira comunit\u00e1ria da Ribeira Grande\"}]},{\"@type\":\"WebSite\",\"@id\":\"https:\/\/diariodalagoa.pt\/#website\",\"url\":\"https:\/\/diariodalagoa.pt\/\",\"name\":\"Di\u00e1rio da Lagoa\",\"description\":\"Di\u00e1rio da Lagoa. As not\u00edcias que contam. A partir da Lagoa, nos A\u00e7ores, para o mundo.\",\"potentialAction\":[{\"@type\":\"SearchAction\",\"target\":{\"@type\":\"EntryPoint\",\"urlTemplate\":\"https:\/\/diariodalagoa.pt\/?s={search_term_string}\"},\"query-input\":\"required name=search_term_string\"}],\"inLanguage\":\"en-US\"},{\"@type\":\"Person\",\"@id\":\"https:\/\/diariodalagoa.pt\/#\/schema\/person\/1615a002370e8857b6f972834bc43ece\",\"name\":\"Di\u00e1rio da Lagoa\",\"image\":{\"@type\":\"ImageObject\",\"inLanguage\":\"en-US\",\"@id\":\"https:\/\/diariodalagoa.pt\/#\/schema\/person\/image\/\",\"url\":\"https:\/\/secure.gravatar.com\/avatar\/2cb5cef90a26f8fbd4d9d930608102c5?s=96&d=mm&r=g\",\"contentUrl\":\"https:\/\/secure.gravatar.com\/avatar\/2cb5cef90a26f8fbd4d9d930608102c5?s=96&d=mm&r=g\",\"caption\":\"Di\u00e1rio da Lagoa\"},\"url\":\"https:\/\/diariodalagoa.pt\/en\/author\/diariodalagoa\/\"}]}<\/script>\n<!-- \/ Yoast SEO plugin. -->","yoast_head_json":{"title":"Campanha de ado\u00e7\u00e3o de animais na feira comunit\u00e1ria da Ribeira Grande - Di\u00e1rio da Lagoa","robots":{"index":"index","follow":"follow","max-snippet":"max-snippet:-1","max-image-preview":"max-image-preview:large","max-video-preview":"max-video-preview:-1"},"canonical":"https:\/\/diariodalagoa.pt\/en\/campanha-de-adocao-de-animais-na-feira-comunitaria-da-ribeira-grande\/","og_locale":"en_US","og_type":"article","og_title":"Campanha de ado\u00e7\u00e3o de animais na feira comunit\u00e1ria da Ribeira Grande - Di\u00e1rio da Lagoa","og_description":"\u00a0 A C\u00e2mara da Ribeira Grande, atrav\u00e9s da divis\u00e3o cultural, vai apoiar a promo\u00e7\u00e3o de ado\u00e7\u00e3o de animais, colaborando dessa forma com o canil municipal tendo em vista o desejo de aumentar o n\u00famero de c\u00e3es e gatos que possam encontrar um novo lar.\u00a0 Em todos os \u00faltimos domingos de cada m\u00eas, ser\u00e1 promovida uma [&hellip;]","og_url":"https:\/\/diariodalagoa.pt\/en\/campanha-de-adocao-de-animais-na-feira-comunitaria-da-ribeira-grande\/","og_site_name":"Di\u00e1rio da Lagoa","article_published_time":"2014-10-15T11:04:55+00:00","og_image":[{"width":720,"height":378,"url":"https:\/\/diariodalagoa.pt\/wp-content\/uploads\/2014\/10\/feira-adocao-ribeira-grande-animais.jpg","type":"image\/jpeg"}],"author":"Di\u00e1rio da Lagoa","twitter_card":"summary_large_image","twitter_misc":{"Written by":"Di\u00e1rio da Lagoa","Est. reading time":"1 minute"},"schema":{"@context":"https:\/\/schema.org","@graph":[{"@type":"WebPage","@id":"https:\/\/diariodalagoa.pt\/campanha-de-adocao-de-animais-na-feira-comunitaria-da-ribeira-grande\/","url":"https:\/\/diariodalagoa.pt\/campanha-de-adocao-de-animais-na-feira-comunitaria-da-ribeira-grande\/","name":"Campanha de ado\u00e7\u00e3o de animais na feira comunit\u00e1ria da Ribeira Grande - Di\u00e1rio da Lagoa","isPartOf":{"@id":"https:\/\/diariodalagoa.pt\/#website"},"datePublished":"2014-10-15T11:04:55+00:00","dateModified":"2014-10-15T11:04:55+00:00","author":{"@id":"https:\/\/diariodalagoa.pt\/#\/schema\/person\/1615a002370e8857b6f972834bc43ece"},"breadcrumb":{"@id":"https:\/\/diariodalagoa.pt\/campanha-de-adocao-de-animais-na-feira-comunitaria-da-ribeira-grande\/#breadcrumb"},"inLanguage":"en-US","potentialAction":[{"@type":"ReadAction","target":["https:\/\/diariodalagoa.pt\/campanha-de-adocao-de-animais-na-feira-comunitaria-da-ribeira-grande\/"]}]},{"@type":"BreadcrumbList","@id":"https:\/\/diariodalagoa.pt\/campanha-de-adocao-de-animais-na-feira-comunitaria-da-ribeira-grande\/#breadcrumb","itemListElement":[{"@type":"ListItem","position":1,"name":"In\u00edcio","item":"https:\/\/diariodalagoa.pt\/"},{"@type":"ListItem","position":2,"name":"Campanha de ado\u00e7\u00e3o de animais na feira comunit\u00e1ria da Ribeira Grande"}]},{"@type":"WebSite","@id":"https:\/\/diariodalagoa.pt\/#website","url":"https:\/\/diariodalagoa.pt\/","name":"Di\u00e1rio da Lagoa","description":"Di\u00e1rio da Lagoa. As not\u00edcias que contam. A partir da Lagoa, nos A\u00e7ores, para o mundo.","potentialAction":[{"@type":"SearchAction","target":{"@type":"EntryPoint","urlTemplate":"https:\/\/diariodalagoa.pt\/?s={search_term_string}"},"query-input":"required name=search_term_string"}],"inLanguage":"en-US"},{"@type":"Person","@id":"https:\/\/diariodalagoa.pt\/#\/schema\/person\/1615a002370e8857b6f972834bc43ece","name":"Di\u00e1rio da Lagoa","image":{"@type":"ImageObject","inLanguage":"en-US","@id":"https:\/\/diariodalagoa.pt\/#\/schema\/person\/image\/","url":"https:\/\/secure.gravatar.com\/avatar\/2cb5cef90a26f8fbd4d9d930608102c5?s=96&d=mm&r=g","contentUrl":"https:\/\/secure.gravatar.com\/avatar\/2cb5cef90a26f8fbd4d9d930608102c5?s=96&d=mm&r=g","caption":"Di\u00e1rio da Lagoa"},"url":"https:\/\/diariodalagoa.pt\/en\/author\/diariodalagoa\/"}]}},"_links":{"self":[{"href":"https:\/\/diariodalagoa.pt\/en\/wp-json\/wp\/v2\/posts\/10272"}],"collection":[{"href":"https:\/\/diariodalagoa.pt\/en\/wp-json\/wp\/v2\/posts"}],"about":[{"href":"https:\/\/diariodalagoa.pt\/en\/wp-json\/wp\/v2\/types\/post"}],"author":[{"embeddable":true,"href":"https:\/\/diariodalagoa.pt\/en\/wp-json\/wp\/v2\/users\/2"}],"replies":[{"embeddable":true,"href":"https:\/\/diariodalagoa.pt\/en\/wp-json\/wp\/v2\/comments?post=10272"}],"version-history":[{"count":0,"href":"https:\/\/diariodalagoa.pt\/en\/wp-json\/wp\/v2\/posts\/10272\/revisions"}],"wp:featuredmedia":[{"embeddable":true,"href":"https:\/\/diariodalagoa.pt\/en\/wp-json\/wp\/v2\/media\/121743"}],"wp:attachment":[{"href":"https:\/\/diariodalagoa.pt\/en\/wp-json\/wp\/v2\/media?parent=10272"}],"wp:term":[{"taxonomy":"category","embeddable":true,"href":"https:\/\/diariodalagoa.pt\/en\/wp-json\/wp\/v2\/categories?post=10272"},{"taxonomy":"post_tag","embeddable":true,"href":"https:\/\/diariodalagoa.pt\/en\/wp-json\/wp\/v2\/tags?post=10272"}],"curies":[{"name":"wp","href":"https:\/\/api.w.org\/{rel}","templated":true}]}}