{"id":10240,"date":"2014-10-14T08:28:19","date_gmt":"2014-10-14T09:28:19","guid":{"rendered":"http:\/\/diariodalagoa.pt\/?p=10240"},"modified":"2014-10-14T08:28:19","modified_gmt":"2014-10-14T09:28:19","slug":"protecao-civil-alerta-para-continuacao-de-mau-tempo-em-todo-o-arquipelago","status":"publish","type":"post","link":"https:\/\/diariodalagoa.pt\/en\/protecao-civil-alerta-para-continuacao-de-mau-tempo-em-todo-o-arquipelago\/","title":{"rendered":"Prote\u00e7\u00e3o Civil alerta para continua\u00e7\u00e3o de mau tempo em todo o arquip\u00e9lago"},"content":{"rendered":"<p style=\"text-align: justify;\"><img decoding=\"async\" class=\"alignnone size-full wp-image-752\" src=\"http:\/\/diariodalagoa.pt\/wp-content\/uploads\/2014\/02\/MauTempo.jpg\" alt=\"MauTempo\" width=\"720\" height=\"380\" \/><\/p>\n<p style=\"text-align: justify;\"><span style=\"color: #000000;\">As nove ilhas dos A\u00e7ores est\u00e3o sob aviso amarelo devido a precipita\u00e7\u00e3o e agita\u00e7\u00e3o mar\u00edtima.<\/span><\/p>\n<p style=\"text-align: justify;\"><span style=\"color: #000000;\">Segundo o Instituto Portugu\u00eas do Mar e da Atmosfera (IPMA), e para o Grupo Oriental, o alerta \u00e9 v\u00e1lido entre as 07h00 e as 15h00 de hoje, dia 14 de outubro.<\/span><\/p>\n<p style=\"text-align: justify;\"><span style=\"color: #000000;\">Para o Grupo Ocidental, o aviso amarelo refere-se \u00e0 agita\u00e7\u00e3o mar\u00edtima, com ondas de noroeste de 6 a 7 metros, entre as 09h00 de hoje e a 01h00 de amanh\u00e3, dia 15 de outubro.\u00a0<\/span><\/p>\n<p style=\"text-align: justify;\"><span style=\"color: #000000;\">O\u00a0IPMA colocou igualmente as ilhas do grupo Central sob aviso amarelo devido a precipita\u00e7\u00e3o, entre as 07h00 e as 09h00 de hoje.\u00a0<\/span><\/p>\n<p style=\"text-align: justify;\"><span style=\"color: #000000;\">Alerta v\u00e1lido igualmente para a agita\u00e7\u00e3o mar\u00edtima, com ondas de 6 a 6,5 metros de noroeste, entre as 15h00 de hoje e as 00H00 de quarta-feira, 15 de outubro.<\/span><\/p>\n<p style=\"text-align: justify;\"><span style=\"color: #000000;\">O SRPCBA recorda que o eventual impacto destes efeitos pode ser minimizado, sobretudo atrav\u00e9s da ado\u00e7\u00e3o de comportamentos adequados, pelo que, em particular nas zonas mais vulner\u00e1veis, recomenda-se a observa\u00e7\u00e3o e divulga\u00e7\u00e3o das principais medidas de autoprote\u00e7\u00e3o para estas situa\u00e7\u00f5es.<\/span><\/p>\n<p style=\"text-align: justify;\"><span style=\"color: #000000;\">Garantir a desobstru\u00e7\u00e3o dos sistemas de escoamento das \u00e1guas e a retirada de inertes e outros objetos que possam ser arrastados ou criem obst\u00e1culos ao livre escoamento; Manter limpos os sistemas de drenagem e consolidar telhados, portas e janelas; N\u00e3o despejar lixo ou entulho nas ribeiras, nem as obstruir com troncos ou ramadas.\u00a0<\/span><\/p>\n<p style=\"text-align: justify;\"><span style=\"color: #000000;\">Adotar uma condu\u00e7\u00e3o defensiva, reduzindo a velocidade e tendo cuidado com a poss\u00edvel forma\u00e7\u00e3o de len\u00e7\u00f3is de \u00e1gua nas vias e estar atento \u00e0s informa\u00e7\u00f5es e indica\u00e7\u00f5es da Prote\u00e7\u00e3o Civil e For\u00e7as de Seguran\u00e7a.<\/span><\/p>\n<p style=\"text-align: justify;\"><span style=\"color: #000000;\"><em>DL\/GaCS<\/em><\/span><\/p>","protected":false},"excerpt":{"rendered":"<p>As nove ilhas dos A\u00e7ores est\u00e3o sob aviso amarelo devido a precipita\u00e7\u00e3o e agita\u00e7\u00e3o mar\u00edtima. Segundo o Instituto Portugu\u00eas do Mar e da Atmosfera (IPMA), e para o Grupo Oriental, o alerta \u00e9 v\u00e1lido entre as 07h00 e as 15h00 de hoje, dia 14 de outubro. Para o Grupo Ocidental, o aviso amarelo refere-se \u00e0 [&hellip;]<\/p>","protected":false},"author":2,"featured_media":121745,"comment_status":"open","ping_status":"open","sticky":false,"template":"","format":"standard","meta":[],"categories":[21],"tags":[],"acf":[],"yoast_head":"<!-- This site is optimized with the Yoast SEO plugin v20.10 - https:\/\/yoast.com\/wordpress\/plugins\/seo\/ -->\n<title>Prote\u00e7\u00e3o Civil alerta para continua\u00e7\u00e3o de mau tempo em todo o arquip\u00e9lago - Di\u00e1rio da Lagoa<\/title>\n<meta name=\"robots\" content=\"index, follow, max-snippet:-1, max-image-preview:large, max-video-preview:-1\" \/>\n<link rel=\"canonical\" href=\"https:\/\/diariodalagoa.pt\/en\/protecao-civil-alerta-para-continuacao-de-mau-tempo-em-todo-o-arquipelago\/\" \/>\n<meta property=\"og:locale\" content=\"en_US\" \/>\n<meta property=\"og:type\" content=\"article\" \/>\n<meta property=\"og:title\" content=\"Prote\u00e7\u00e3o Civil alerta para continua\u00e7\u00e3o de mau tempo em todo o arquip\u00e9lago - Di\u00e1rio da Lagoa\" \/>\n<meta property=\"og:description\" content=\"As nove ilhas dos A\u00e7ores est\u00e3o sob aviso amarelo devido a precipita\u00e7\u00e3o e agita\u00e7\u00e3o mar\u00edtima. Segundo o Instituto Portugu\u00eas do Mar e da Atmosfera (IPMA), e para o Grupo Oriental, o alerta \u00e9 v\u00e1lido entre as 07h00 e as 15h00 de hoje, dia 14 de outubro. Para o Grupo Ocidental, o aviso amarelo refere-se \u00e0 [&hellip;]\" \/>\n<meta property=\"og:url\" content=\"https:\/\/diariodalagoa.pt\/en\/protecao-civil-alerta-para-continuacao-de-mau-tempo-em-todo-o-arquipelago\/\" \/>\n<meta property=\"og:site_name\" content=\"Di\u00e1rio da Lagoa\" \/>\n<meta property=\"article:published_time\" content=\"2014-10-14T09:28:19+00:00\" \/>\n<meta property=\"og:image\" content=\"https:\/\/diariodalagoa.pt\/wp-content\/uploads\/2014\/10\/mautempo-chuva-dez13ra-1.jpg\" \/>\n\t<meta property=\"og:image:width\" content=\"700\" \/>\n\t<meta property=\"og:image:height\" content=\"376\" \/>\n\t<meta property=\"og:image:type\" content=\"image\/jpeg\" \/>\n<meta name=\"author\" content=\"Di\u00e1rio da Lagoa\" \/>\n<meta name=\"twitter:card\" content=\"summary_large_image\" \/>\n<meta name=\"twitter:label1\" content=\"Written by\" \/>\n\t<meta name=\"twitter:data1\" content=\"Di\u00e1rio da Lagoa\" \/>\n\t<meta name=\"twitter:label2\" content=\"Est. reading time\" \/>\n\t<meta name=\"twitter:data2\" content=\"1 minute\" \/>\n<script type=\"application\/ld+json\" class=\"yoast-schema-graph\">{\"@context\":\"https:\/\/schema.org\",\"@graph\":[{\"@type\":\"WebPage\",\"@id\":\"https:\/\/diariodalagoa.pt\/protecao-civil-alerta-para-continuacao-de-mau-tempo-em-todo-o-arquipelago\/\",\"url\":\"https:\/\/diariodalagoa.pt\/protecao-civil-alerta-para-continuacao-de-mau-tempo-em-todo-o-arquipelago\/\",\"name\":\"Prote\u00e7\u00e3o Civil alerta para continua\u00e7\u00e3o de mau tempo em todo o arquip\u00e9lago - Di\u00e1rio da Lagoa\",\"isPartOf\":{\"@id\":\"https:\/\/diariodalagoa.pt\/#website\"},\"datePublished\":\"2014-10-14T09:28:19+00:00\",\"dateModified\":\"2014-10-14T09:28:19+00:00\",\"author\":{\"@id\":\"https:\/\/diariodalagoa.pt\/#\/schema\/person\/1615a002370e8857b6f972834bc43ece\"},\"breadcrumb\":{\"@id\":\"https:\/\/diariodalagoa.pt\/protecao-civil-alerta-para-continuacao-de-mau-tempo-em-todo-o-arquipelago\/#breadcrumb\"},\"inLanguage\":\"en-US\",\"potentialAction\":[{\"@type\":\"ReadAction\",\"target\":[\"https:\/\/diariodalagoa.pt\/protecao-civil-alerta-para-continuacao-de-mau-tempo-em-todo-o-arquipelago\/\"]}]},{\"@type\":\"BreadcrumbList\",\"@id\":\"https:\/\/diariodalagoa.pt\/protecao-civil-alerta-para-continuacao-de-mau-tempo-em-todo-o-arquipelago\/#breadcrumb\",\"itemListElement\":[{\"@type\":\"ListItem\",\"position\":1,\"name\":\"In\u00edcio\",\"item\":\"https:\/\/diariodalagoa.pt\/\"},{\"@type\":\"ListItem\",\"position\":2,\"name\":\"Prote\u00e7\u00e3o Civil alerta para continua\u00e7\u00e3o de mau tempo em todo o arquip\u00e9lago\"}]},{\"@type\":\"WebSite\",\"@id\":\"https:\/\/diariodalagoa.pt\/#website\",\"url\":\"https:\/\/diariodalagoa.pt\/\",\"name\":\"Di\u00e1rio da Lagoa\",\"description\":\"Di\u00e1rio da Lagoa. As not\u00edcias que contam. A partir da Lagoa, nos A\u00e7ores, para o mundo.\",\"potentialAction\":[{\"@type\":\"SearchAction\",\"target\":{\"@type\":\"EntryPoint\",\"urlTemplate\":\"https:\/\/diariodalagoa.pt\/?s={search_term_string}\"},\"query-input\":\"required name=search_term_string\"}],\"inLanguage\":\"en-US\"},{\"@type\":\"Person\",\"@id\":\"https:\/\/diariodalagoa.pt\/#\/schema\/person\/1615a002370e8857b6f972834bc43ece\",\"name\":\"Di\u00e1rio da Lagoa\",\"image\":{\"@type\":\"ImageObject\",\"inLanguage\":\"en-US\",\"@id\":\"https:\/\/diariodalagoa.pt\/#\/schema\/person\/image\/\",\"url\":\"https:\/\/secure.gravatar.com\/avatar\/2cb5cef90a26f8fbd4d9d930608102c5?s=96&d=mm&r=g\",\"contentUrl\":\"https:\/\/secure.gravatar.com\/avatar\/2cb5cef90a26f8fbd4d9d930608102c5?s=96&d=mm&r=g\",\"caption\":\"Di\u00e1rio da Lagoa\"},\"url\":\"https:\/\/diariodalagoa.pt\/en\/author\/diariodalagoa\/\"}]}<\/script>\n<!-- \/ Yoast SEO plugin. -->","yoast_head_json":{"title":"Prote\u00e7\u00e3o Civil alerta para continua\u00e7\u00e3o de mau tempo em todo o arquip\u00e9lago - Di\u00e1rio da Lagoa","robots":{"index":"index","follow":"follow","max-snippet":"max-snippet:-1","max-image-preview":"max-image-preview:large","max-video-preview":"max-video-preview:-1"},"canonical":"https:\/\/diariodalagoa.pt\/en\/protecao-civil-alerta-para-continuacao-de-mau-tempo-em-todo-o-arquipelago\/","og_locale":"en_US","og_type":"article","og_title":"Prote\u00e7\u00e3o Civil alerta para continua\u00e7\u00e3o de mau tempo em todo o arquip\u00e9lago - Di\u00e1rio da Lagoa","og_description":"As nove ilhas dos A\u00e7ores est\u00e3o sob aviso amarelo devido a precipita\u00e7\u00e3o e agita\u00e7\u00e3o mar\u00edtima. Segundo o Instituto Portugu\u00eas do Mar e da Atmosfera (IPMA), e para o Grupo Oriental, o alerta \u00e9 v\u00e1lido entre as 07h00 e as 15h00 de hoje, dia 14 de outubro. Para o Grupo Ocidental, o aviso amarelo refere-se \u00e0 [&hellip;]","og_url":"https:\/\/diariodalagoa.pt\/en\/protecao-civil-alerta-para-continuacao-de-mau-tempo-em-todo-o-arquipelago\/","og_site_name":"Di\u00e1rio da Lagoa","article_published_time":"2014-10-14T09:28:19+00:00","og_image":[{"width":700,"height":376,"url":"https:\/\/diariodalagoa.pt\/wp-content\/uploads\/2014\/10\/mautempo-chuva-dez13ra-1.jpg","type":"image\/jpeg"}],"author":"Di\u00e1rio da Lagoa","twitter_card":"summary_large_image","twitter_misc":{"Written by":"Di\u00e1rio da Lagoa","Est. reading time":"1 minute"},"schema":{"@context":"https:\/\/schema.org","@graph":[{"@type":"WebPage","@id":"https:\/\/diariodalagoa.pt\/protecao-civil-alerta-para-continuacao-de-mau-tempo-em-todo-o-arquipelago\/","url":"https:\/\/diariodalagoa.pt\/protecao-civil-alerta-para-continuacao-de-mau-tempo-em-todo-o-arquipelago\/","name":"Prote\u00e7\u00e3o Civil alerta para continua\u00e7\u00e3o de mau tempo em todo o arquip\u00e9lago - Di\u00e1rio da Lagoa","isPartOf":{"@id":"https:\/\/diariodalagoa.pt\/#website"},"datePublished":"2014-10-14T09:28:19+00:00","dateModified":"2014-10-14T09:28:19+00:00","author":{"@id":"https:\/\/diariodalagoa.pt\/#\/schema\/person\/1615a002370e8857b6f972834bc43ece"},"breadcrumb":{"@id":"https:\/\/diariodalagoa.pt\/protecao-civil-alerta-para-continuacao-de-mau-tempo-em-todo-o-arquipelago\/#breadcrumb"},"inLanguage":"en-US","potentialAction":[{"@type":"ReadAction","target":["https:\/\/diariodalagoa.pt\/protecao-civil-alerta-para-continuacao-de-mau-tempo-em-todo-o-arquipelago\/"]}]},{"@type":"BreadcrumbList","@id":"https:\/\/diariodalagoa.pt\/protecao-civil-alerta-para-continuacao-de-mau-tempo-em-todo-o-arquipelago\/#breadcrumb","itemListElement":[{"@type":"ListItem","position":1,"name":"In\u00edcio","item":"https:\/\/diariodalagoa.pt\/"},{"@type":"ListItem","position":2,"name":"Prote\u00e7\u00e3o Civil alerta para continua\u00e7\u00e3o de mau tempo em todo o arquip\u00e9lago"}]},{"@type":"WebSite","@id":"https:\/\/diariodalagoa.pt\/#website","url":"https:\/\/diariodalagoa.pt\/","name":"Di\u00e1rio da Lagoa","description":"Di\u00e1rio da Lagoa. As not\u00edcias que contam. A partir da Lagoa, nos A\u00e7ores, para o mundo.","potentialAction":[{"@type":"SearchAction","target":{"@type":"EntryPoint","urlTemplate":"https:\/\/diariodalagoa.pt\/?s={search_term_string}"},"query-input":"required name=search_term_string"}],"inLanguage":"en-US"},{"@type":"Person","@id":"https:\/\/diariodalagoa.pt\/#\/schema\/person\/1615a002370e8857b6f972834bc43ece","name":"Di\u00e1rio da Lagoa","image":{"@type":"ImageObject","inLanguage":"en-US","@id":"https:\/\/diariodalagoa.pt\/#\/schema\/person\/image\/","url":"https:\/\/secure.gravatar.com\/avatar\/2cb5cef90a26f8fbd4d9d930608102c5?s=96&d=mm&r=g","contentUrl":"https:\/\/secure.gravatar.com\/avatar\/2cb5cef90a26f8fbd4d9d930608102c5?s=96&d=mm&r=g","caption":"Di\u00e1rio da Lagoa"},"url":"https:\/\/diariodalagoa.pt\/en\/author\/diariodalagoa\/"}]}},"_links":{"self":[{"href":"https:\/\/diariodalagoa.pt\/en\/wp-json\/wp\/v2\/posts\/10240"}],"collection":[{"href":"https:\/\/diariodalagoa.pt\/en\/wp-json\/wp\/v2\/posts"}],"about":[{"href":"https:\/\/diariodalagoa.pt\/en\/wp-json\/wp\/v2\/types\/post"}],"author":[{"embeddable":true,"href":"https:\/\/diariodalagoa.pt\/en\/wp-json\/wp\/v2\/users\/2"}],"replies":[{"embeddable":true,"href":"https:\/\/diariodalagoa.pt\/en\/wp-json\/wp\/v2\/comments?post=10240"}],"version-history":[{"count":0,"href":"https:\/\/diariodalagoa.pt\/en\/wp-json\/wp\/v2\/posts\/10240\/revisions"}],"wp:featuredmedia":[{"embeddable":true,"href":"https:\/\/diariodalagoa.pt\/en\/wp-json\/wp\/v2\/media\/121745"}],"wp:attachment":[{"href":"https:\/\/diariodalagoa.pt\/en\/wp-json\/wp\/v2\/media?parent=10240"}],"wp:term":[{"taxonomy":"category","embeddable":true,"href":"https:\/\/diariodalagoa.pt\/en\/wp-json\/wp\/v2\/categories?post=10240"},{"taxonomy":"post_tag","embeddable":true,"href":"https:\/\/diariodalagoa.pt\/en\/wp-json\/wp\/v2\/tags?post=10240"}],"curies":[{"name":"wp","href":"https:\/\/api.w.org\/{rel}","templated":true}]}}