{"id":10148,"date":"2014-10-10T18:47:51","date_gmt":"2014-10-10T19:47:51","guid":{"rendered":"http:\/\/diariodalagoa.pt\/?p=10148"},"modified":"2014-10-10T18:47:51","modified_gmt":"2014-10-10T19:47:51","slug":"fausto-brito-e-abreu-quer-canalizar-fundos-do-horizonte-2020-para-tecnologias-espaciais-e-biotecnologia-marinha-nos-acores","status":"publish","type":"post","link":"https:\/\/diariodalagoa.pt\/en\/fausto-brito-e-abreu-quer-canalizar-fundos-do-horizonte-2020-para-tecnologias-espaciais-e-biotecnologia-marinha-nos-acores\/","title":{"rendered":"Fausto Brito e Abreu quer canalizar fundos do Horizonte 2020 para tecnologias espaciais e biotecnologia marinha nos A\u00e7ores"},"content":{"rendered":"<p style=\"text-align: justify;\"><img decoding=\"async\" class=\"alignnone size-full wp-image-10149\" src=\"http:\/\/diariodalagoa.pt\/wp-content\/uploads\/2014\/10\/Fausto-Brito-Abreu-horizonte-2020-investimentos.jpg\" alt=\"Fausto-Brito-Abreu-horizonte-2020-investimentos\" width=\"720\" height=\"380\" \/><\/p>\n<p style=\"text-align: justify;\"><span style=\"color: rgb(0, 0, 0);\">O Secret\u00e1rio Regional do Mar, Ci\u00eancia e Tecnologia apontou as tecnologias espaciais e a biotecnologia marinha como exemplos de \u00e1reas cient\u00edficas \u201cpromissoras para o aproveitamento de fundos no \u00e2mbito do programa Horizonte 2020\u201d.<\/span><\/p>\n<p style=\"text-align: justify;\"><span style=\"color: rgb(0, 0, 0);\">Fausto Brito e Abreu, que\u00a0falava, em Ponta Delgada, no semin\u00e1rio A Competitividade e o Crescimento da Economia A\u00e7oriana &#8211; Oportunidades no Quadro do Horizonte 2020, afirmou ter ficado impressionado com as instala\u00e7\u00f5es da\u00a0Esta\u00e7\u00e3o da Ag\u00eancia Espacial Europeia (ESA), da Esta\u00e7\u00e3o de Monotoriza\u00e7\u00e3o de Sat\u00e9lites Galileu e do r\u00e1dio telesc\u00f3pio da rede Rede Atl\u00e2ntica de Esta\u00e7\u00f5es Geodin\u00e2micas e Espaciais (REAGE), que visitou quinta-feira em Santa Maria, considerando que\u00a0devem ser &#8220;bem aproveitadas pela comunidade cient\u00edfica&#8221;.<\/span><\/p>\n<p style=\"text-align: justify;\"><span style=\"color: rgb(0, 0, 0);\">Para\u00a0o Secret\u00e1rio Regional do Mar, Ci\u00eancia e Tecnologia, os A\u00e7ores re\u00fanem as condi\u00e7\u00f5es ideais para desenvolver projetos cient\u00edficos e oportunidades de neg\u00f3cio em tecnologias espaciais.<\/span><\/p>\n<p style=\"text-align: justify;\"><span style=\"color: rgb(0, 0, 0);\">\u201cNum mundo em que haver\u00e1 mais sat\u00e9lites, mais lan\u00e7amentos e problemas crescentes de lixo espacial, como amea\u00e7a a outros sat\u00e9lites comerciais, h\u00e1 espa\u00e7o para investiga\u00e7\u00e3o cient\u00edfica utilizando as infraestruturas existentes, atrav\u00e9s da cria\u00e7\u00e3o de redes com outros estados-membros\u201d, afirmou.<\/span><\/p>\n<p style=\"text-align: justify;\"><span style=\"color: rgb(0, 0, 0);\">Para al\u00e9m das tecnologias espaciais, a biotecnologia marinha\u00a0foi outra \u00e1rea apontada como importante para o desenvolvimento da Regi\u00e3o e que pode beneficiar de apoios do programa Horizonte 2020.<\/span><\/p>\n<p style=\"text-align: justify;\"><span style=\"color: rgb(0, 0, 0);\">\u201cO mar dos A\u00e7ores tem particular diversidade, sendo o mar profundo uma das \u00e1reas com grande potencial de explora\u00e7\u00e3o para a biotecnologia marinha. Estamos pr\u00f3ximos de zonas ainda muito pouco exploradas onde existem organismos, com genes que produzem prote\u00ednas que se conseguem manter funcionais a altas press\u00f5es e a altas temperaturas&#8221;,\u00a0salientou Fausto Brito e Abreu, indicando aplica\u00e7\u00f5es poss\u00edveis nas ind\u00fastrias alimentar, farmac\u00eautica e de cosm\u00e9ticos.<\/span><\/p>\n<p style=\"text-align: justify;\"><span style=\"color: rgb(0, 0, 0);\"><em>DL\/Gacs<\/em><\/span><\/p>","protected":false},"excerpt":{"rendered":"<p>O Secret\u00e1rio Regional do Mar, Ci\u00eancia e Tecnologia apontou as tecnologias espaciais e a biotecnologia marinha como exemplos de \u00e1reas cient\u00edficas \u201cpromissoras para o aproveitamento de fundos no \u00e2mbito do programa Horizonte 2020\u201d. Fausto Brito e Abreu, que\u00a0falava, em Ponta Delgada, no semin\u00e1rio A Competitividade e o Crescimento da Economia A\u00e7oriana &#8211; Oportunidades no Quadro [&hellip;]<\/p>","protected":false},"author":2,"featured_media":121750,"comment_status":"open","ping_status":"open","sticky":false,"template":"","format":"standard","meta":[],"categories":[21],"tags":[],"acf":[],"yoast_head":"<!-- This site is optimized with the Yoast SEO plugin v20.10 - https:\/\/yoast.com\/wordpress\/plugins\/seo\/ -->\n<title>Fausto Brito e Abreu quer canalizar fundos do Horizonte 2020 para tecnologias espaciais e biotecnologia marinha nos A\u00e7ores - Di\u00e1rio da Lagoa<\/title>\n<meta name=\"robots\" content=\"index, follow, max-snippet:-1, max-image-preview:large, max-video-preview:-1\" \/>\n<link rel=\"canonical\" href=\"https:\/\/diariodalagoa.pt\/en\/fausto-brito-e-abreu-quer-canalizar-fundos-do-horizonte-2020-para-tecnologias-espaciais-e-biotecnologia-marinha-nos-acores\/\" \/>\n<meta property=\"og:locale\" content=\"en_US\" \/>\n<meta property=\"og:type\" content=\"article\" \/>\n<meta property=\"og:title\" content=\"Fausto Brito e Abreu quer canalizar fundos do Horizonte 2020 para tecnologias espaciais e biotecnologia marinha nos A\u00e7ores - Di\u00e1rio da Lagoa\" \/>\n<meta property=\"og:description\" content=\"O Secret\u00e1rio Regional do Mar, Ci\u00eancia e Tecnologia apontou as tecnologias espaciais e a biotecnologia marinha como exemplos de \u00e1reas cient\u00edficas \u201cpromissoras para o aproveitamento de fundos no \u00e2mbito do programa Horizonte 2020\u201d. Fausto Brito e Abreu, que\u00a0falava, em Ponta Delgada, no semin\u00e1rio A Competitividade e o Crescimento da Economia A\u00e7oriana &#8211; Oportunidades no Quadro [&hellip;]\" \/>\n<meta property=\"og:url\" content=\"https:\/\/diariodalagoa.pt\/en\/fausto-brito-e-abreu-quer-canalizar-fundos-do-horizonte-2020-para-tecnologias-espaciais-e-biotecnologia-marinha-nos-acores\/\" \/>\n<meta property=\"og:site_name\" content=\"Di\u00e1rio da Lagoa\" \/>\n<meta property=\"article:published_time\" content=\"2014-10-10T19:47:51+00:00\" \/>\n<meta property=\"og:image\" content=\"https:\/\/diariodalagoa.pt\/wp-content\/uploads\/2014\/10\/fausto-brito-abreu-horizonte-2020-investimentos.jpg\" \/>\n\t<meta property=\"og:image:width\" content=\"720\" \/>\n\t<meta property=\"og:image:height\" content=\"380\" \/>\n\t<meta property=\"og:image:type\" content=\"image\/jpeg\" \/>\n<meta name=\"author\" content=\"Di\u00e1rio da Lagoa\" \/>\n<meta name=\"twitter:card\" content=\"summary_large_image\" \/>\n<meta name=\"twitter:label1\" content=\"Written by\" \/>\n\t<meta name=\"twitter:data1\" content=\"Di\u00e1rio da Lagoa\" \/>\n\t<meta name=\"twitter:label2\" content=\"Est. reading time\" \/>\n\t<meta name=\"twitter:data2\" content=\"2 minutes\" \/>\n<script type=\"application\/ld+json\" class=\"yoast-schema-graph\">{\"@context\":\"https:\/\/schema.org\",\"@graph\":[{\"@type\":\"WebPage\",\"@id\":\"https:\/\/diariodalagoa.pt\/fausto-brito-e-abreu-quer-canalizar-fundos-do-horizonte-2020-para-tecnologias-espaciais-e-biotecnologia-marinha-nos-acores\/\",\"url\":\"https:\/\/diariodalagoa.pt\/fausto-brito-e-abreu-quer-canalizar-fundos-do-horizonte-2020-para-tecnologias-espaciais-e-biotecnologia-marinha-nos-acores\/\",\"name\":\"Fausto Brito e Abreu quer canalizar fundos do Horizonte 2020 para tecnologias espaciais e biotecnologia marinha nos A\u00e7ores - Di\u00e1rio da Lagoa\",\"isPartOf\":{\"@id\":\"https:\/\/diariodalagoa.pt\/#website\"},\"datePublished\":\"2014-10-10T19:47:51+00:00\",\"dateModified\":\"2014-10-10T19:47:51+00:00\",\"author\":{\"@id\":\"https:\/\/diariodalagoa.pt\/#\/schema\/person\/1615a002370e8857b6f972834bc43ece\"},\"breadcrumb\":{\"@id\":\"https:\/\/diariodalagoa.pt\/fausto-brito-e-abreu-quer-canalizar-fundos-do-horizonte-2020-para-tecnologias-espaciais-e-biotecnologia-marinha-nos-acores\/#breadcrumb\"},\"inLanguage\":\"en-US\",\"potentialAction\":[{\"@type\":\"ReadAction\",\"target\":[\"https:\/\/diariodalagoa.pt\/fausto-brito-e-abreu-quer-canalizar-fundos-do-horizonte-2020-para-tecnologias-espaciais-e-biotecnologia-marinha-nos-acores\/\"]}]},{\"@type\":\"BreadcrumbList\",\"@id\":\"https:\/\/diariodalagoa.pt\/fausto-brito-e-abreu-quer-canalizar-fundos-do-horizonte-2020-para-tecnologias-espaciais-e-biotecnologia-marinha-nos-acores\/#breadcrumb\",\"itemListElement\":[{\"@type\":\"ListItem\",\"position\":1,\"name\":\"In\u00edcio\",\"item\":\"https:\/\/diariodalagoa.pt\/\"},{\"@type\":\"ListItem\",\"position\":2,\"name\":\"Fausto Brito e Abreu quer canalizar fundos do Horizonte 2020 para tecnologias espaciais e biotecnologia marinha nos A\u00e7ores\"}]},{\"@type\":\"WebSite\",\"@id\":\"https:\/\/diariodalagoa.pt\/#website\",\"url\":\"https:\/\/diariodalagoa.pt\/\",\"name\":\"Di\u00e1rio da Lagoa\",\"description\":\"Di\u00e1rio da Lagoa. As not\u00edcias que contam. A partir da Lagoa, nos A\u00e7ores, para o mundo.\",\"potentialAction\":[{\"@type\":\"SearchAction\",\"target\":{\"@type\":\"EntryPoint\",\"urlTemplate\":\"https:\/\/diariodalagoa.pt\/?s={search_term_string}\"},\"query-input\":\"required name=search_term_string\"}],\"inLanguage\":\"en-US\"},{\"@type\":\"Person\",\"@id\":\"https:\/\/diariodalagoa.pt\/#\/schema\/person\/1615a002370e8857b6f972834bc43ece\",\"name\":\"Di\u00e1rio da Lagoa\",\"image\":{\"@type\":\"ImageObject\",\"inLanguage\":\"en-US\",\"@id\":\"https:\/\/diariodalagoa.pt\/#\/schema\/person\/image\/\",\"url\":\"https:\/\/secure.gravatar.com\/avatar\/2cb5cef90a26f8fbd4d9d930608102c5?s=96&d=mm&r=g\",\"contentUrl\":\"https:\/\/secure.gravatar.com\/avatar\/2cb5cef90a26f8fbd4d9d930608102c5?s=96&d=mm&r=g\",\"caption\":\"Di\u00e1rio da Lagoa\"},\"url\":\"https:\/\/diariodalagoa.pt\/en\/author\/diariodalagoa\/\"}]}<\/script>\n<!-- \/ Yoast SEO plugin. -->","yoast_head_json":{"title":"Fausto Brito e Abreu quer canalizar fundos do Horizonte 2020 para tecnologias espaciais e biotecnologia marinha nos A\u00e7ores - Di\u00e1rio da Lagoa","robots":{"index":"index","follow":"follow","max-snippet":"max-snippet:-1","max-image-preview":"max-image-preview:large","max-video-preview":"max-video-preview:-1"},"canonical":"https:\/\/diariodalagoa.pt\/en\/fausto-brito-e-abreu-quer-canalizar-fundos-do-horizonte-2020-para-tecnologias-espaciais-e-biotecnologia-marinha-nos-acores\/","og_locale":"en_US","og_type":"article","og_title":"Fausto Brito e Abreu quer canalizar fundos do Horizonte 2020 para tecnologias espaciais e biotecnologia marinha nos A\u00e7ores - Di\u00e1rio da Lagoa","og_description":"O Secret\u00e1rio Regional do Mar, Ci\u00eancia e Tecnologia apontou as tecnologias espaciais e a biotecnologia marinha como exemplos de \u00e1reas cient\u00edficas \u201cpromissoras para o aproveitamento de fundos no \u00e2mbito do programa Horizonte 2020\u201d. Fausto Brito e Abreu, que\u00a0falava, em Ponta Delgada, no semin\u00e1rio A Competitividade e o Crescimento da Economia A\u00e7oriana &#8211; Oportunidades no Quadro [&hellip;]","og_url":"https:\/\/diariodalagoa.pt\/en\/fausto-brito-e-abreu-quer-canalizar-fundos-do-horizonte-2020-para-tecnologias-espaciais-e-biotecnologia-marinha-nos-acores\/","og_site_name":"Di\u00e1rio da Lagoa","article_published_time":"2014-10-10T19:47:51+00:00","og_image":[{"width":720,"height":380,"url":"https:\/\/diariodalagoa.pt\/wp-content\/uploads\/2014\/10\/fausto-brito-abreu-horizonte-2020-investimentos.jpg","type":"image\/jpeg"}],"author":"Di\u00e1rio da Lagoa","twitter_card":"summary_large_image","twitter_misc":{"Written by":"Di\u00e1rio da Lagoa","Est. reading time":"2 minutes"},"schema":{"@context":"https:\/\/schema.org","@graph":[{"@type":"WebPage","@id":"https:\/\/diariodalagoa.pt\/fausto-brito-e-abreu-quer-canalizar-fundos-do-horizonte-2020-para-tecnologias-espaciais-e-biotecnologia-marinha-nos-acores\/","url":"https:\/\/diariodalagoa.pt\/fausto-brito-e-abreu-quer-canalizar-fundos-do-horizonte-2020-para-tecnologias-espaciais-e-biotecnologia-marinha-nos-acores\/","name":"Fausto Brito e Abreu quer canalizar fundos do Horizonte 2020 para tecnologias espaciais e biotecnologia marinha nos A\u00e7ores - Di\u00e1rio da Lagoa","isPartOf":{"@id":"https:\/\/diariodalagoa.pt\/#website"},"datePublished":"2014-10-10T19:47:51+00:00","dateModified":"2014-10-10T19:47:51+00:00","author":{"@id":"https:\/\/diariodalagoa.pt\/#\/schema\/person\/1615a002370e8857b6f972834bc43ece"},"breadcrumb":{"@id":"https:\/\/diariodalagoa.pt\/fausto-brito-e-abreu-quer-canalizar-fundos-do-horizonte-2020-para-tecnologias-espaciais-e-biotecnologia-marinha-nos-acores\/#breadcrumb"},"inLanguage":"en-US","potentialAction":[{"@type":"ReadAction","target":["https:\/\/diariodalagoa.pt\/fausto-brito-e-abreu-quer-canalizar-fundos-do-horizonte-2020-para-tecnologias-espaciais-e-biotecnologia-marinha-nos-acores\/"]}]},{"@type":"BreadcrumbList","@id":"https:\/\/diariodalagoa.pt\/fausto-brito-e-abreu-quer-canalizar-fundos-do-horizonte-2020-para-tecnologias-espaciais-e-biotecnologia-marinha-nos-acores\/#breadcrumb","itemListElement":[{"@type":"ListItem","position":1,"name":"In\u00edcio","item":"https:\/\/diariodalagoa.pt\/"},{"@type":"ListItem","position":2,"name":"Fausto Brito e Abreu quer canalizar fundos do Horizonte 2020 para tecnologias espaciais e biotecnologia marinha nos A\u00e7ores"}]},{"@type":"WebSite","@id":"https:\/\/diariodalagoa.pt\/#website","url":"https:\/\/diariodalagoa.pt\/","name":"Di\u00e1rio da Lagoa","description":"Di\u00e1rio da Lagoa. As not\u00edcias que contam. A partir da Lagoa, nos A\u00e7ores, para o mundo.","potentialAction":[{"@type":"SearchAction","target":{"@type":"EntryPoint","urlTemplate":"https:\/\/diariodalagoa.pt\/?s={search_term_string}"},"query-input":"required name=search_term_string"}],"inLanguage":"en-US"},{"@type":"Person","@id":"https:\/\/diariodalagoa.pt\/#\/schema\/person\/1615a002370e8857b6f972834bc43ece","name":"Di\u00e1rio da Lagoa","image":{"@type":"ImageObject","inLanguage":"en-US","@id":"https:\/\/diariodalagoa.pt\/#\/schema\/person\/image\/","url":"https:\/\/secure.gravatar.com\/avatar\/2cb5cef90a26f8fbd4d9d930608102c5?s=96&d=mm&r=g","contentUrl":"https:\/\/secure.gravatar.com\/avatar\/2cb5cef90a26f8fbd4d9d930608102c5?s=96&d=mm&r=g","caption":"Di\u00e1rio da Lagoa"},"url":"https:\/\/diariodalagoa.pt\/en\/author\/diariodalagoa\/"}]}},"_links":{"self":[{"href":"https:\/\/diariodalagoa.pt\/en\/wp-json\/wp\/v2\/posts\/10148"}],"collection":[{"href":"https:\/\/diariodalagoa.pt\/en\/wp-json\/wp\/v2\/posts"}],"about":[{"href":"https:\/\/diariodalagoa.pt\/en\/wp-json\/wp\/v2\/types\/post"}],"author":[{"embeddable":true,"href":"https:\/\/diariodalagoa.pt\/en\/wp-json\/wp\/v2\/users\/2"}],"replies":[{"embeddable":true,"href":"https:\/\/diariodalagoa.pt\/en\/wp-json\/wp\/v2\/comments?post=10148"}],"version-history":[{"count":0,"href":"https:\/\/diariodalagoa.pt\/en\/wp-json\/wp\/v2\/posts\/10148\/revisions"}],"wp:featuredmedia":[{"embeddable":true,"href":"https:\/\/diariodalagoa.pt\/en\/wp-json\/wp\/v2\/media\/121750"}],"wp:attachment":[{"href":"https:\/\/diariodalagoa.pt\/en\/wp-json\/wp\/v2\/media?parent=10148"}],"wp:term":[{"taxonomy":"category","embeddable":true,"href":"https:\/\/diariodalagoa.pt\/en\/wp-json\/wp\/v2\/categories?post=10148"},{"taxonomy":"post_tag","embeddable":true,"href":"https:\/\/diariodalagoa.pt\/en\/wp-json\/wp\/v2\/tags?post=10148"}],"curies":[{"name":"wp","href":"https:\/\/api.w.org\/{rel}","templated":true}]}}