{"id":10092,"date":"2014-10-09T21:56:39","date_gmt":"2014-10-09T22:56:39","guid":{"rendered":"http:\/\/diariodalagoa.pt\/?p=10092"},"modified":"2014-10-09T21:56:39","modified_gmt":"2014-10-09T22:56:39","slug":"nos-acores-ha-sinais-positivos-na-economia-e-de-confianca-no-futuro","status":"publish","type":"post","link":"https:\/\/diariodalagoa.pt\/en\/nos-acores-ha-sinais-positivos-na-economia-e-de-confianca-no-futuro\/","title":{"rendered":"Nos A\u00e7ores h\u00e1 sinais positivos na economia e de confian\u00e7a no futuro"},"content":{"rendered":"<p style=\"text-align: justify;\"><img decoding=\"async\" class=\"alignnone size-full wp-image-4465\" src=\"http:\/\/diariodalagoa.pt\/wp-content\/uploads\/2014\/05\/Sergio-Avila-governo-a\u00e7ores.jpg\" alt=\"Sergio-Avila-governo-a\u00e7ores\" width=\"720\" height=\"381\" \/><\/p>\n<p style=\"text-align: justify;\"><span style=\"color: rgb(0, 0, 0);\">O Vice-Presidente do Governo dos A\u00e7ores\u00a0apontou seis sinais positivos da invers\u00e3o da tend\u00eancia que estava a sentir-se na economia, o primeiro dos quais \u00e9 o de que \u201ca nova lideran\u00e7a do Banco Central Europeu projeta para os pr\u00f3ximos tempos uma nova pol\u00edtica, que permitir\u00e1 que o euro tenha um efeito multiplicador sobre o financiamento do sistema banc\u00e1rio europeu\u201d.<\/span><\/p>\n<p style=\"text-align: justify;\"><span style=\"color: rgb(0, 0, 0);\">S\u00e9rgio \u00c1vila considerou que\u00a0isso \u201cpermitir\u00e1 a alavancagem dos pa\u00edses europeus\u201d, o que considerou ser\u00a0\u201cextremamente importante, porque uma das principais raz\u00f5es para a retra\u00e7\u00e3o econ\u00f3mica dos \u00faltimos anos foi a incapacidade de as institui\u00e7\u00f5es europeias criarem um sistema financeiro competitivo que alavancasse a economia\u201d.<\/span><\/p>\n<p style=\"text-align: justify;\"><span style=\"color: rgb(0, 0, 0);\">\u201cEsta nova pol\u00edtica do Banco Central Europeu, que no passado foi uma das principais raz\u00f5es para a retra\u00e7\u00e3o econ\u00f3mica em Portugal e na Europa, \u00e9, neste momento, uma oportunidade segura para o desenvolvimento econ\u00f3mico no espa\u00e7o europeu e, particularmente, em Portugal\u201d, acrescentou S\u00e9rgio \u00c1vila, que falava, em Angra do Hero\u00edsmo, na abertura do semin\u00e1rio\u00a0<em>A Competitividade e o Crescimento da Economia A\u00e7oriana &#8211; Oportunidades no Quadro do Horizonte 2020.<\/em><\/span><\/p>\n<p style=\"text-align: justify;\"><span style=\"color: rgb(0, 0, 0);\">S\u00e9rgio \u00c1vila considerou, por outro lado, que \u201cestar\u00e1 conclu\u00eddo o ajustamento or\u00e7amental\u201d que teve de ser feito em Portugal e que provocou significativa retra\u00e7\u00e3o do consumo interno.<\/span><\/p>\n<p style=\"text-align: justify;\"><span style=\"color: rgb(0, 0, 0);\">Na opini\u00e3o do Vice-Presidente do Governo, as perspetivas s\u00e3o agora de \u201cuma retoma consistente e progressiva do consumo interno, o que permitir\u00e1 tamb\u00e9m a alavancagem da economia\u201d e o retorno de expetativas positivas de investidores e de consumidores.<\/span><\/p>\n<p style=\"text-align: justify;\"><span style=\"color: rgb(0, 0, 0);\">S\u00e9rgio \u00c1vila\u00a0referiu que o facto de todo o cen\u00e1rio de retra\u00e7\u00e3o econ\u00f3mica se ter desenvolvido entre a fase final de um quadro comunit\u00e1rio e o in\u00edcio de outro veio agravar os seus efeitos, mas agora, com o quadro at\u00e9 2020 e com a inje\u00e7\u00e3o de recursos, \u201cdevemos ter confian\u00e7a no futuro\u201d.<\/span><\/p>\n<p style=\"text-align: justify;\"><span style=\"color: rgb(0, 0, 0);\">Nos A\u00e7ores, salientou que h\u00e1 j\u00e1 \u201cindicadores concretos, n\u00e3o s\u00f3 estat\u00edsticos, de que se sente um efeito positivo do ponto de vista de perspetiva de atividade econ\u00f3mica, quer na componente do investimento, quer, principalmente, na componente de desenvolvimento futuro\u201d,\u00a0referindo como exemplo o investimento externo, o qual, ap\u00f3s uma retra\u00e7\u00e3o muito significativa, regista sinais de retoma, em especial em setores com maior potencialidade.<\/span><\/p>\n<p style=\"text-align: justify;\"><span style=\"color: rgb(0, 0, 0);\"><em>DL\/Gacs<\/em><\/span><\/p>","protected":false},"excerpt":{"rendered":"<p>O Vice-Presidente do Governo dos A\u00e7ores\u00a0apontou seis sinais positivos da invers\u00e3o da tend\u00eancia que estava a sentir-se na economia, o primeiro dos quais \u00e9 o de que \u201ca nova lideran\u00e7a do Banco Central Europeu projeta para os pr\u00f3ximos tempos uma nova pol\u00edtica, que permitir\u00e1 que o euro tenha um efeito multiplicador sobre o financiamento do [&hellip;]<\/p>","protected":false},"author":2,"featured_media":0,"comment_status":"open","ping_status":"open","sticky":false,"template":"","format":"standard","meta":[],"categories":[21],"tags":[],"acf":[],"yoast_head":"<!-- This site is optimized with the Yoast SEO plugin v20.10 - https:\/\/yoast.com\/wordpress\/plugins\/seo\/ -->\n<title>Nos A\u00e7ores h\u00e1 sinais positivos na economia e de confian\u00e7a no futuro - Di\u00e1rio da Lagoa<\/title>\n<meta name=\"robots\" content=\"index, follow, max-snippet:-1, max-image-preview:large, max-video-preview:-1\" \/>\n<link rel=\"canonical\" href=\"https:\/\/diariodalagoa.pt\/en\/nos-acores-ha-sinais-positivos-na-economia-e-de-confianca-no-futuro\/\" \/>\n<meta property=\"og:locale\" content=\"en_US\" \/>\n<meta property=\"og:type\" content=\"article\" \/>\n<meta property=\"og:title\" content=\"Nos A\u00e7ores h\u00e1 sinais positivos na economia e de confian\u00e7a no futuro - Di\u00e1rio da Lagoa\" \/>\n<meta property=\"og:description\" content=\"O Vice-Presidente do Governo dos A\u00e7ores\u00a0apontou seis sinais positivos da invers\u00e3o da tend\u00eancia que estava a sentir-se na economia, o primeiro dos quais \u00e9 o de que \u201ca nova lideran\u00e7a do Banco Central Europeu projeta para os pr\u00f3ximos tempos uma nova pol\u00edtica, que permitir\u00e1 que o euro tenha um efeito multiplicador sobre o financiamento do [&hellip;]\" \/>\n<meta property=\"og:url\" content=\"https:\/\/diariodalagoa.pt\/en\/nos-acores-ha-sinais-positivos-na-economia-e-de-confianca-no-futuro\/\" \/>\n<meta property=\"og:site_name\" content=\"Di\u00e1rio da Lagoa\" \/>\n<meta property=\"article:published_time\" content=\"2014-10-09T22:56:39+00:00\" \/>\n<meta name=\"author\" content=\"Di\u00e1rio da Lagoa\" \/>\n<meta name=\"twitter:card\" content=\"summary_large_image\" \/>\n<meta name=\"twitter:label1\" content=\"Written by\" \/>\n\t<meta name=\"twitter:data1\" content=\"Di\u00e1rio da Lagoa\" \/>\n\t<meta name=\"twitter:label2\" content=\"Est. reading time\" \/>\n\t<meta name=\"twitter:data2\" content=\"2 minutes\" \/>\n<script type=\"application\/ld+json\" class=\"yoast-schema-graph\">{\"@context\":\"https:\/\/schema.org\",\"@graph\":[{\"@type\":\"WebPage\",\"@id\":\"https:\/\/diariodalagoa.pt\/nos-acores-ha-sinais-positivos-na-economia-e-de-confianca-no-futuro\/\",\"url\":\"https:\/\/diariodalagoa.pt\/nos-acores-ha-sinais-positivos-na-economia-e-de-confianca-no-futuro\/\",\"name\":\"Nos A\u00e7ores h\u00e1 sinais positivos na economia e de confian\u00e7a no futuro - Di\u00e1rio da Lagoa\",\"isPartOf\":{\"@id\":\"https:\/\/diariodalagoa.pt\/#website\"},\"datePublished\":\"2014-10-09T22:56:39+00:00\",\"dateModified\":\"2014-10-09T22:56:39+00:00\",\"author\":{\"@id\":\"https:\/\/diariodalagoa.pt\/#\/schema\/person\/1615a002370e8857b6f972834bc43ece\"},\"breadcrumb\":{\"@id\":\"https:\/\/diariodalagoa.pt\/nos-acores-ha-sinais-positivos-na-economia-e-de-confianca-no-futuro\/#breadcrumb\"},\"inLanguage\":\"en-US\",\"potentialAction\":[{\"@type\":\"ReadAction\",\"target\":[\"https:\/\/diariodalagoa.pt\/nos-acores-ha-sinais-positivos-na-economia-e-de-confianca-no-futuro\/\"]}]},{\"@type\":\"BreadcrumbList\",\"@id\":\"https:\/\/diariodalagoa.pt\/nos-acores-ha-sinais-positivos-na-economia-e-de-confianca-no-futuro\/#breadcrumb\",\"itemListElement\":[{\"@type\":\"ListItem\",\"position\":1,\"name\":\"In\u00edcio\",\"item\":\"https:\/\/diariodalagoa.pt\/\"},{\"@type\":\"ListItem\",\"position\":2,\"name\":\"Nos A\u00e7ores h\u00e1 sinais positivos na economia e de confian\u00e7a no futuro\"}]},{\"@type\":\"WebSite\",\"@id\":\"https:\/\/diariodalagoa.pt\/#website\",\"url\":\"https:\/\/diariodalagoa.pt\/\",\"name\":\"Di\u00e1rio da Lagoa\",\"description\":\"Di\u00e1rio da Lagoa. As not\u00edcias que contam. A partir da Lagoa, nos A\u00e7ores, para o mundo.\",\"potentialAction\":[{\"@type\":\"SearchAction\",\"target\":{\"@type\":\"EntryPoint\",\"urlTemplate\":\"https:\/\/diariodalagoa.pt\/?s={search_term_string}\"},\"query-input\":\"required name=search_term_string\"}],\"inLanguage\":\"en-US\"},{\"@type\":\"Person\",\"@id\":\"https:\/\/diariodalagoa.pt\/#\/schema\/person\/1615a002370e8857b6f972834bc43ece\",\"name\":\"Di\u00e1rio da Lagoa\",\"image\":{\"@type\":\"ImageObject\",\"inLanguage\":\"en-US\",\"@id\":\"https:\/\/diariodalagoa.pt\/#\/schema\/person\/image\/\",\"url\":\"https:\/\/secure.gravatar.com\/avatar\/2cb5cef90a26f8fbd4d9d930608102c5?s=96&d=mm&r=g\",\"contentUrl\":\"https:\/\/secure.gravatar.com\/avatar\/2cb5cef90a26f8fbd4d9d930608102c5?s=96&d=mm&r=g\",\"caption\":\"Di\u00e1rio da Lagoa\"},\"url\":\"https:\/\/diariodalagoa.pt\/en\/author\/diariodalagoa\/\"}]}<\/script>\n<!-- \/ Yoast SEO plugin. -->","yoast_head_json":{"title":"Nos A\u00e7ores h\u00e1 sinais positivos na economia e de confian\u00e7a no futuro - Di\u00e1rio da Lagoa","robots":{"index":"index","follow":"follow","max-snippet":"max-snippet:-1","max-image-preview":"max-image-preview:large","max-video-preview":"max-video-preview:-1"},"canonical":"https:\/\/diariodalagoa.pt\/en\/nos-acores-ha-sinais-positivos-na-economia-e-de-confianca-no-futuro\/","og_locale":"en_US","og_type":"article","og_title":"Nos A\u00e7ores h\u00e1 sinais positivos na economia e de confian\u00e7a no futuro - Di\u00e1rio da Lagoa","og_description":"O Vice-Presidente do Governo dos A\u00e7ores\u00a0apontou seis sinais positivos da invers\u00e3o da tend\u00eancia que estava a sentir-se na economia, o primeiro dos quais \u00e9 o de que \u201ca nova lideran\u00e7a do Banco Central Europeu projeta para os pr\u00f3ximos tempos uma nova pol\u00edtica, que permitir\u00e1 que o euro tenha um efeito multiplicador sobre o financiamento do [&hellip;]","og_url":"https:\/\/diariodalagoa.pt\/en\/nos-acores-ha-sinais-positivos-na-economia-e-de-confianca-no-futuro\/","og_site_name":"Di\u00e1rio da Lagoa","article_published_time":"2014-10-09T22:56:39+00:00","author":"Di\u00e1rio da Lagoa","twitter_card":"summary_large_image","twitter_misc":{"Written by":"Di\u00e1rio da Lagoa","Est. reading time":"2 minutes"},"schema":{"@context":"https:\/\/schema.org","@graph":[{"@type":"WebPage","@id":"https:\/\/diariodalagoa.pt\/nos-acores-ha-sinais-positivos-na-economia-e-de-confianca-no-futuro\/","url":"https:\/\/diariodalagoa.pt\/nos-acores-ha-sinais-positivos-na-economia-e-de-confianca-no-futuro\/","name":"Nos A\u00e7ores h\u00e1 sinais positivos na economia e de confian\u00e7a no futuro - Di\u00e1rio da Lagoa","isPartOf":{"@id":"https:\/\/diariodalagoa.pt\/#website"},"datePublished":"2014-10-09T22:56:39+00:00","dateModified":"2014-10-09T22:56:39+00:00","author":{"@id":"https:\/\/diariodalagoa.pt\/#\/schema\/person\/1615a002370e8857b6f972834bc43ece"},"breadcrumb":{"@id":"https:\/\/diariodalagoa.pt\/nos-acores-ha-sinais-positivos-na-economia-e-de-confianca-no-futuro\/#breadcrumb"},"inLanguage":"en-US","potentialAction":[{"@type":"ReadAction","target":["https:\/\/diariodalagoa.pt\/nos-acores-ha-sinais-positivos-na-economia-e-de-confianca-no-futuro\/"]}]},{"@type":"BreadcrumbList","@id":"https:\/\/diariodalagoa.pt\/nos-acores-ha-sinais-positivos-na-economia-e-de-confianca-no-futuro\/#breadcrumb","itemListElement":[{"@type":"ListItem","position":1,"name":"In\u00edcio","item":"https:\/\/diariodalagoa.pt\/"},{"@type":"ListItem","position":2,"name":"Nos A\u00e7ores h\u00e1 sinais positivos na economia e de confian\u00e7a no futuro"}]},{"@type":"WebSite","@id":"https:\/\/diariodalagoa.pt\/#website","url":"https:\/\/diariodalagoa.pt\/","name":"Di\u00e1rio da Lagoa","description":"Di\u00e1rio da Lagoa. As not\u00edcias que contam. A partir da Lagoa, nos A\u00e7ores, para o mundo.","potentialAction":[{"@type":"SearchAction","target":{"@type":"EntryPoint","urlTemplate":"https:\/\/diariodalagoa.pt\/?s={search_term_string}"},"query-input":"required name=search_term_string"}],"inLanguage":"en-US"},{"@type":"Person","@id":"https:\/\/diariodalagoa.pt\/#\/schema\/person\/1615a002370e8857b6f972834bc43ece","name":"Di\u00e1rio da Lagoa","image":{"@type":"ImageObject","inLanguage":"en-US","@id":"https:\/\/diariodalagoa.pt\/#\/schema\/person\/image\/","url":"https:\/\/secure.gravatar.com\/avatar\/2cb5cef90a26f8fbd4d9d930608102c5?s=96&d=mm&r=g","contentUrl":"https:\/\/secure.gravatar.com\/avatar\/2cb5cef90a26f8fbd4d9d930608102c5?s=96&d=mm&r=g","caption":"Di\u00e1rio da Lagoa"},"url":"https:\/\/diariodalagoa.pt\/en\/author\/diariodalagoa\/"}]}},"_links":{"self":[{"href":"https:\/\/diariodalagoa.pt\/en\/wp-json\/wp\/v2\/posts\/10092"}],"collection":[{"href":"https:\/\/diariodalagoa.pt\/en\/wp-json\/wp\/v2\/posts"}],"about":[{"href":"https:\/\/diariodalagoa.pt\/en\/wp-json\/wp\/v2\/types\/post"}],"author":[{"embeddable":true,"href":"https:\/\/diariodalagoa.pt\/en\/wp-json\/wp\/v2\/users\/2"}],"replies":[{"embeddable":true,"href":"https:\/\/diariodalagoa.pt\/en\/wp-json\/wp\/v2\/comments?post=10092"}],"version-history":[{"count":0,"href":"https:\/\/diariodalagoa.pt\/en\/wp-json\/wp\/v2\/posts\/10092\/revisions"}],"wp:attachment":[{"href":"https:\/\/diariodalagoa.pt\/en\/wp-json\/wp\/v2\/media?parent=10092"}],"wp:term":[{"taxonomy":"category","embeddable":true,"href":"https:\/\/diariodalagoa.pt\/en\/wp-json\/wp\/v2\/categories?post=10092"},{"taxonomy":"post_tag","embeddable":true,"href":"https:\/\/diariodalagoa.pt\/en\/wp-json\/wp\/v2\/tags?post=10092"}],"curies":[{"name":"wp","href":"https:\/\/api.w.org\/{rel}","templated":true}]}}